{"id":2153,"date":"2021-01-27T20:18:00","date_gmt":"2021-01-27T23:18:00","guid":{"rendered":"https:\/\/radiorevelacionfm.cl\/?p=2153"},"modified":"2021-01-27T20:27:38","modified_gmt":"2021-01-27T23:27:38","slug":"fiscalia-y-pdi-logran-detencion-y-formalizacion-de-dos-imputados-por-microtrafico-de-marihuana","status":"publish","type":"post","link":"https:\/\/radiorevelacionfm.cl\/?p=2153","title":{"rendered":"Fiscal\u00eda y PDI logran detenci\u00f3n y formalizaci\u00f3n de dos imputados por microtr\u00e1fico de marihuana"},"content":{"rendered":"<div class=\"flex_column av_one_full  flex_column_div av-zero-column-padding first  avia-builder-el-0  el_before_av_one_full  avia-builder-el-first  \" style='border-radius:0px; '><div  class='avia-image-container  av-styling-    avia-builder-el-1  avia-builder-el-no-sibling  avia-align-center '  itemprop=\"image\" itemscope=\"itemscope\" itemtype=\"https:\/\/schema.org\/ImageObject\"  ><div class='avia-image-container-inner'><div class='avia-image-overlay-wrap'><img decoding=\"async\" class='wp-image-0 avia-img-lazy-loading-not-0 avia_image' src=\"https:\/\/radiorevelacionfm.cl\/wp-content\/uploads\/2021\/01\/FISCALIA2.jpg\" alt='' title=''   itemprop=\"thumbnailUrl\"  \/><\/div><\/div><\/div><\/div>\n<div class=\"flex_column av_one_full  flex_column_div av-zero-column-padding first  avia-builder-el-2  el_after_av_one_full  el_before_av_one_full  column-top-margin\" style='border-radius:0px; '><section class=\"av_textblock_section \"  itemscope=\"itemscope\" itemtype=\"https:\/\/schema.org\/BlogPosting\" itemprop=\"blogPost\" ><div class='avia_textblock  '   itemprop=\"text\" ><p style=\"text-align: center;\"><span style=\"font-size: 18pt;\"><strong>Fiscal\u00eda y PDI logran detenci\u00f3n y formalizaci\u00f3n de dos imputados por microtr\u00e1fico de marihuana<\/strong><\/span><\/p>\n<div id=\"gtx-trans\" style=\"position: absolute; left: -50px; top: 4.31534px;\">\n<div class=\"gtx-trans-icon\"><\/div>\n<\/div>\n<\/div><\/section><\/div>\n<div class=\"flex_column av_one_full  flex_column_div av-zero-column-padding first  avia-builder-el-4  el_after_av_one_full  el_before_av_hr  column-top-margin\" style='border-radius:0px; '><section class=\"av_textblock_section \"  itemscope=\"itemscope\" itemtype=\"https:\/\/schema.org\/BlogPosting\" itemprop=\"blogPost\" ><div class='avia_textblock  '   itemprop=\"text\" ><p class=\"bajada\" style=\"text-align: justify;\"><em>Uno de los sujetos se desempe\u00f1aba como funcionario de Carabineros en la regi\u00f3n de La Araucan\u00eda y estaba con licencia m\u00e9dica en la regi\u00f3n de Ays\u00e9n.<\/em><\/p>\n<div class=\"foto\" style=\"text-align: justify;\">Transacci\u00f3n se efectu\u00f3 en las cercan\u00edas del centro de Coyhaique, seg\u00fan explic\u00f3 el Ministerio P\u00fablico en la audiencia.<\/div>\n<p style=\"text-align: justify;\">Como parte de una investigaci\u00f3n conjunta con la Brigada Antinarc\u00f3ticos de la PDI, la Fiscal\u00eda Local de Coyhaique formaliz\u00f3 hoy una investigaci\u00f3n por el delito de tr\u00e1fico en peque\u00f1as cantidades de marihuana o microtr\u00e1fico, en contra de dos imputados de 25 y 24 a\u00f1os, uno de los cuales se desempe\u00f1aba como funcionario de Carabineros en la regi\u00f3n de La Araucan\u00eda.<\/p>\n<p style=\"text-align: justify;\">El peso bruto de la droga decomisada fue de 12 gramos, 11.9 de los cuales fueron vendidos por el funcionario p\u00fablico al agente revelador de la PDI en la plaza Angol y el otro miligramo fue encontrado en el domicilio del segundo detenido en esta causa, seg\u00fan expuso en la audiencia de formalizaci\u00f3n el fiscal Luis Contreras Alfaro.<\/p>\n<p style=\"text-align: justify;\">Seg\u00fan se agreg\u00f3 en la audiencia de formalizaci\u00f3n, el imputado de la instituci\u00f3n policial permanec\u00eda en la regi\u00f3n con licencia m\u00e9dica y fue detenido por detectives de la BRIANCO de la PDI, en el marco de una diligencia coordinada con el fiscal de Coyhaique, Alex Olivero N\u00fa\u00f1ez.<\/p>\n<p style=\"text-align: justify;\">\u201cAyer, en horas de la tarde, en atenci\u00f3n a una orden de investigar de la Fiscal\u00eda Local, utilizando la t\u00e9cnica del agente revelador, funcionarios de la BRIANCO de la PDI, contactaron a una persona que vend\u00eda droga por una red social. Una vez que se juntaron, verificaron que esta persona portaba 11,9 gramos de marihuana aproximadamente, por lo cual procedieron a su detenci\u00f3n\u201d, explic\u00f3 el fiscal Olivero.<\/p>\n<p style=\"text-align: justify;\">Despu\u00e9s de escuchar tanto a la defensa de los imputados como a la Fiscal\u00eda, que act\u00faa en representaci\u00f3n de los intereses de la comunidad, la jueza Cecilia Urbina Pinto decret\u00f3 como medidas cautelares el arraigo regional de los imputados, es decir que no podr\u00e1n salir de Ays\u00e9n y asimismo el arresto domiciliario nocturno para ambos. Sin embargo, el fiscal Luis Contreras apel\u00f3 a la decisi\u00f3n del Tribunal por lo que finalmente ser\u00e1 la Ilustr\u00edsima Corte de Apelaciones quien \u00a0resuelva las medidas cautelares a aplicar en este caso.<\/p>\n<p style=\"text-align: justify;\">El Juzgado de Garant\u00eda fij\u00f3 un plazo de 60 d\u00edas para el t\u00e9rmino de la investigaci\u00f3n.<\/p>\n<\/div><\/section><\/div><div  style='height:50px' class='hr hr-invisible   avia-builder-el-6  el_after_av_one_full  el_before_av_social_share '><span class='hr-inner ' ><span class='hr-inner-style'><\/span><\/span><\/div><\/p>\n<div  class='av-social-sharing-box  avia-builder-el-7  el_after_av_hr  el_before_av_hr  '><div class='av-share-box'><h5 class='av-share-link-description av-no-toc '>Compartir esta noticia<\/h5><ul class='av-share-box-list noLightbox'><li class='av-share-link av-social-link-facebook' ><a target=\"_blank\" aria-label=\"Compartir en Facebook\" href='https:\/\/www.facebook.com\/sharer.php?u=https:\/\/radiorevelacionfm.cl\/?p=2153&#038;t=Fiscal%C3%ADa%20y%20PDI%20logran%20detenci%C3%B3n%20y%20formalizaci%C3%B3n%20de%20dos%20imputados%20por%20microtr%C3%A1fico%20de%20marihuana' aria-hidden='false' data-av_icon='\ue8f3' data-av_iconfont='entypo-fontello' title='' data-avia-related-tooltip='Compartir en Facebook' rel=\"noopener\"><span class='avia_hidden_link_text'>Compartir en Facebook<\/span><\/a><\/li><li class='av-share-link av-social-link-twitter' ><a target=\"_blank\" aria-label=\"Compartir en Twitter\" href='https:\/\/twitter.com\/share?text=Fiscal%C3%ADa%20y%20PDI%20logran%20detenci%C3%B3n%20y%20formalizaci%C3%B3n%20de%20dos%20imputados%20por%20microtr%C3%A1fico%20de%20marihuana&#038;url=https:\/\/radiorevelacionfm.cl\/?p=2153' aria-hidden='false' data-av_icon='\ue8f1' data-av_iconfont='entypo-fontello' title='' data-avia-related-tooltip='Compartir en Twitter' rel=\"noopener\"><span class='avia_hidden_link_text'>Compartir en Twitter<\/span><\/a><\/li><li class='av-share-link av-social-link-whatsapp' ><a target=\"_blank\" aria-label=\"Compartir en Whatsapp\" href='https:\/\/api.whatsapp.com\/send?text=https:\/\/radiorevelacionfm.cl\/?p=2153' aria-hidden='false' data-av_icon='\uf232' data-av_iconfont='entypo-fontello' title='' data-avia-related-tooltip='Compartir en Whatsapp' rel=\"noopener\"><span class='avia_hidden_link_text'>Compartir en Whatsapp<\/span><\/a><\/li><li class='av-share-link av-social-link-linkedin' ><a target=\"_blank\" aria-label=\"Compartir en LinkedIn\" href='https:\/\/linkedin.com\/shareArticle?mini=true&#038;title=Fiscal%C3%ADa%20y%20PDI%20logran%20detenci%C3%B3n%20y%20formalizaci%C3%B3n%20de%20dos%20imputados%20por%20microtr%C3%A1fico%20de%20marihuana&#038;url=https:\/\/radiorevelacionfm.cl\/?p=2153' aria-hidden='false' data-av_icon='\ue8fc' data-av_iconfont='entypo-fontello' title='' data-avia-related-tooltip='Compartir en LinkedIn' rel=\"noopener\"><span class='avia_hidden_link_text'>Compartir en LinkedIn<\/span><\/a><\/li><li class='av-share-link av-social-link-mail' ><a  aria-label=\"Compartir por correo\" href='mailto:?subject=Fiscal%C3%ADa%20y%20PDI%20logran%20detenci%C3%B3n%20y%20formalizaci%C3%B3n%20de%20dos%20imputados%20por%20microtr%C3%A1fico%20de%20marihuana&#038;body=https:\/\/radiorevelacionfm.cl\/?p=2153' aria-hidden='false' data-av_icon='\ue805' data-av_iconfont='entypo-fontello' title='' data-avia-related-tooltip='Compartir por correo'><span class='avia_hidden_link_text'>Compartir por correo<\/span><\/a><\/li><\/ul><\/div><\/div>\n<div  style='height:50px' class='hr hr-invisible   avia-builder-el-8  el_after_av_social_share  el_before_av_comments_list '><span class='hr-inner ' ><span class='hr-inner-style'><\/span><\/span><\/div>\n<div  class='av-buildercomment  av-blog-meta-html-info-disabled av-blog-meta-tag-disabled  '><\/div>\n","protected":false},"excerpt":{"rendered":"","protected":false},"author":1,"featured_media":0,"comment_status":"open","ping_status":"open","sticky":false,"template":"","format":"standard","meta":{"footnotes":""},"categories":[55,36],"tags":[],"class_list":["post-2153","post","type-post","status-publish","format-standard","hentry","category-justicia","category-policial"],"jetpack_featured_media_url":"","_links":{"self":[{"href":"https:\/\/radiorevelacionfm.cl\/index.php?rest_route=\/wp\/v2\/posts\/2153","targetHints":{"allow":["GET"]}}],"collection":[{"href":"https:\/\/radiorevelacionfm.cl\/index.php?rest_route=\/wp\/v2\/posts"}],"about":[{"href":"https:\/\/radiorevelacionfm.cl\/index.php?rest_route=\/wp\/v2\/types\/post"}],"author":[{"embeddable":true,"href":"https:\/\/radiorevelacionfm.cl\/index.php?rest_route=\/wp\/v2\/users\/1"}],"replies":[{"embeddable":true,"href":"https:\/\/radiorevelacionfm.cl\/index.php?rest_route=%2Fwp%2Fv2%2Fcomments&post=2153"}],"version-history":[{"count":3,"href":"https:\/\/radiorevelacionfm.cl\/index.php?rest_route=\/wp\/v2\/posts\/2153\/revisions"}],"predecessor-version":[{"id":2159,"href":"https:\/\/radiorevelacionfm.cl\/index.php?rest_route=\/wp\/v2\/posts\/2153\/revisions\/2159"}],"wp:attachment":[{"href":"https:\/\/radiorevelacionfm.cl\/index.php?rest_route=%2Fwp%2Fv2%2Fmedia&parent=2153"}],"wp:term":[{"taxonomy":"category","embeddable":true,"href":"https:\/\/radiorevelacionfm.cl\/index.php?rest_route=%2Fwp%2Fv2%2Fcategories&post=2153"},{"taxonomy":"post_tag","embeddable":true,"href":"https:\/\/radiorevelacionfm.cl\/index.php?rest_route=%2Fwp%2Fv2%2Ftags&post=2153"}],"curies":[{"name":"wp","href":"https:\/\/api.w.org\/{rel}","templated":true}]}}