{"id":21528,"date":"2022-09-07T20:20:48","date_gmt":"2022-09-07T23:20:48","guid":{"rendered":"https:\/\/radiorevelacionfm.cl\/?p=21528"},"modified":"2022-09-07T20:20:48","modified_gmt":"2022-09-07T23:20:48","slug":"jovenes-de-puerto-aysen-participan-en-talleres-gratuitos-de-voleibol-financiados-por-injuv-aysen","status":"publish","type":"post","link":"https:\/\/radiorevelacionfm.cl\/?p=21528","title":{"rendered":"J\u00f3venes de Puerto Ays\u00e9n participan en talleres gratuitos de Voleibol financiados por INJUV Ays\u00e9n"},"content":{"rendered":"<div class=\"flex_column av_one_full  flex_column_div av-zero-column-padding first  avia-builder-el-0  el_before_av_one_full  avia-builder-el-first  \" style='border-radius:0px; '><div  class='avia-image-container  av-styling-    avia-builder-el-1  avia-builder-el-no-sibling  avia-align-center '  itemprop=\"image\" itemscope=\"itemscope\" itemtype=\"https:\/\/schema.org\/ImageObject\"  ><div class='avia-image-container-inner'><div class='avia-image-overlay-wrap'><img decoding=\"async\" class='wp-image-21529 avia-img-lazy-loading-not-21529 avia_image' src=\"https:\/\/radiorevelacionfm.cl\/wp-content\/uploads\/2022\/09\/foto-2-5-5-2_optimized-2.jpg\" alt='' title='foto-2-5-5-2_optimized-2' height=\"600\" width=\"1005\"  itemprop=\"thumbnailUrl\" srcset=\"https:\/\/radiorevelacionfm.cl\/wp-content\/uploads\/2022\/09\/foto-2-5-5-2_optimized-2.jpg 1005w, https:\/\/radiorevelacionfm.cl\/wp-content\/uploads\/2022\/09\/foto-2-5-5-2_optimized-2-300x179.jpg 300w, https:\/\/radiorevelacionfm.cl\/wp-content\/uploads\/2022\/09\/foto-2-5-5-2_optimized-2-768x459.jpg 768w, https:\/\/radiorevelacionfm.cl\/wp-content\/uploads\/2022\/09\/foto-2-5-5-2_optimized-2-705x421.jpg 705w, https:\/\/radiorevelacionfm.cl\/wp-content\/uploads\/2022\/09\/foto-2-5-5-2_optimized-2-600x358.jpg 600w\" sizes=\"(max-width: 1005px) 100vw, 1005px\" \/><\/div><\/div><\/div><\/div><div class=\"flex_column av_one_full  flex_column_div av-zero-column-padding first  avia-builder-el-2  el_after_av_one_full  el_before_av_one_full  column-top-margin\" style='border-radius:0px; '><section class=\"av_textblock_section \"  itemscope=\"itemscope\" itemtype=\"https:\/\/schema.org\/BlogPosting\" itemprop=\"blogPost\" ><div class='avia_textblock  '   itemprop=\"text\" ><p style=\"text-align: center;\"><span style=\"font-size: 18pt;\"><strong>J\u00f3venes de Puerto Ays\u00e9n participan en talleres gratuitos de Voleibol financiados por INJUV Ays\u00e9n<\/strong><\/span><\/p>\n<div id=\"gtx-trans\" style=\"position: absolute; left: -50px; top: 4.31534px;\">\n<div class=\"gtx-trans-icon\"><\/div>\n<\/div>\n<\/div><\/section><\/div><div class=\"flex_column av_one_full  flex_column_div av-zero-column-padding first  avia-builder-el-4  el_after_av_one_full  el_before_av_hr  column-top-margin\" style='border-radius:0px; '><section class=\"av_textblock_section \"  itemscope=\"itemscope\" itemtype=\"https:\/\/schema.org\/BlogPosting\" itemprop=\"blogPost\" ><div class='avia_textblock  '   itemprop=\"text\" ><p style=\"text-align: justify;\">La organizaci\u00f3n Escuela de Voleibol EVA de la comuna de Puerto Ays\u00e9n, con el apoyo del Instituto Nacional de la Juventud (INJUV), llevo a cabo la ejecuci\u00f3n de su proyecto \u201cPreparaci\u00f3n f\u00edsica primero\u201d, iniciativa financiada por el fondo concursable Participa 2022 de INJUV Ays\u00e9n.<\/p>\n<p style=\"text-align: justify;\">Las instancias tuvieron como objetivo fomentar el deporte y la vida sana entre las j\u00f3venes de Puerto Ays\u00e9n y mejorar sus h\u00e1bitos nutricionales y capacidades f\u00edsicas.<\/p>\n<p style=\"text-align: justify;\">Durante el desarrollo de los talleres las j\u00f3venes deportistas participaron en la planificaci\u00f3n de actividades, entrenamientos de preparaci\u00f3n f\u00edsica y evaluaciones nutricionales a trav\u00e9s de encuesta. Cabe destacar que en todos los encuentros se cumpli\u00f3 con el aforo y las medidas exigidas para este tipo de actividades por la autoridad sanitaria.<\/p>\n<p style=\"text-align: justify;\">\u201cFomentar las actividades que incentiven al deporte y la vida sana es muy importante para INJUV, es por ello que felicitamos a la organizaci\u00f3n Escuela de Voleibol EVA por este significativo proyecto que se ejecut\u00f3 en la comuna de Puerto Ays\u00e9n, fueron espacios de participaci\u00f3n que supieron aprovechar muy bien nuestras j\u00f3venes\u201d, sostuvo la directora regional (s) de INJUV Ays\u00e9n, G\u00e9nesis Arias Fuentes.<\/p>\n<p style=\"text-align: justify;\">\u201cHemos conocido el resultado del fondo Participa del INJUV 2022 donde se ha ganado este fondo la Escuela de Voleibol EVA de la comuna de Puerto Ays\u00e9n, es una gran iniciativa, a nosotros nos tiene muy contentos adem\u00e1s porque es una agrupaci\u00f3n que particip\u00f3 en su proyecto con talleres, capacitaci\u00f3n, formaci\u00f3n de la expertis \u00a0del \u00e1rea que est\u00e1n realizando como Voleibol, con talleres nutricionales y pueden adem\u00e1s implementarse, en todo este proceso nace esta posibilidad de concursar, para poder fortalecer el \u00e1rea deportiva que est\u00e1n realizando, poder adem\u00e1s tener una buena alimentaci\u00f3n y poder tener un programa de fortalecimiento de su capacidad f\u00edsica y dar respuesta al desaf\u00edo que es la competencia del Voleibol. De esta forma damos cumplimiento a lo que el presidente Gabriel Boric nos ha dicho en toda instancia, de promover la vida sana, poder promover el esparcimiento, el deporte y sobre todo llegar a los diferentes territorios de la regi\u00f3n de Ays\u00e9n\u201d, indic\u00f3 la Seremi de Desarrollo Social y familia, Karina Acevedo Auad.<\/p>\n<p style=\"text-align: justify;\">En tanto la representante de la agrupaci\u00f3n organizadora, Joselyn Garriga, se\u00f1al\u00f3 que \u201cpara nosotros ha sido muy beneficioso, este es uno de los primeros proyectos que nos hemos adjudicado y que hemos obtenido recursos de parte del Estado, beneficiosos en cuanto a las ni\u00f1as porque ha permitido aumentar sus horas de entrenamiento y agregar el acondicionamiento f\u00edsico que es algo que las ni\u00f1as no pod\u00edan realizar por los costos que eso implica en honorarios de los profesores, implementaci\u00f3n que en realidad son muy elevados. Siempre es bueno adjudicarse proyectos, sobre todo fondos que van en ayuda a nuestra organizaci\u00f3n, pero consideramos que hay ciertos aspectos que est\u00e1n dentro de las bases que son un poco engorrosos en cuanto a la rendici\u00f3n de proyectos, consideramos que deber\u00e1n ser un poco m\u00e1s facilitado\u201d.<\/p>\n<p style=\"text-align: justify;\">Constanza Figueroa, joven participante indic\u00f3 que \u201ces muy importante el deporte para los j\u00f3venes y que nos apoyen de verdad que nos sentimos m\u00e1s unidas ya que podemos realizar m\u00e1s cosas juntas, se nota m\u00e1s la uni\u00f3n en el equipo, nos sentimos obviamente m\u00e1s preparadas f\u00edsicamente, y nos ayuda para prevenir lesiones as\u00ed que todo es un plus. Lo pasamos muy bien en los talleres, ojal\u00e1 que INJUV siga a poyando este tipo de iniciativas porque los m\u00e1s beneficiados son las y los j\u00f3venes de la regi\u00f3n\u201d.<\/p>\n<\/div><\/section><\/div><div  style='height:50px' class='hr hr-invisible   avia-builder-el-6  el_after_av_one_full  el_before_av_social_share '><span class='hr-inner ' ><span class='hr-inner-style'><\/span><\/span><\/div><\/p>\n<div  class='av-social-sharing-box  avia-builder-el-7  el_after_av_hr  el_before_av_hr  '><div class='av-share-box'><h5 class='av-share-link-description av-no-toc '>Compartir esta noticia<\/h5><ul class='av-share-box-list noLightbox'><li class='av-share-link av-social-link-facebook' ><a target=\"_blank\" aria-label=\"Compartir en Facebook\" href='https:\/\/www.facebook.com\/sharer.php?u=https:\/\/radiorevelacionfm.cl\/?p=21528&#038;t=J%C3%B3venes%20de%20Puerto%20Ays%C3%A9n%20participan%20en%20talleres%20gratuitos%20de%20Voleibol%20financiados%20por%20INJUV%20Ays%C3%A9n' aria-hidden='false' data-av_icon='\ue8f3' data-av_iconfont='entypo-fontello' title='' data-avia-related-tooltip='Compartir en Facebook' rel=\"noopener\"><span class='avia_hidden_link_text'>Compartir en Facebook<\/span><\/a><\/li><li class='av-share-link av-social-link-twitter' ><a target=\"_blank\" aria-label=\"Compartir en Twitter\" href='https:\/\/twitter.com\/share?text=J%C3%B3venes%20de%20Puerto%20Ays%C3%A9n%20participan%20en%20talleres%20gratuitos%20de%20Voleibol%20financiados%20por%20INJUV%20Ays%C3%A9n&#038;url=https:\/\/radiorevelacionfm.cl\/?p=21528' aria-hidden='false' data-av_icon='\ue8f1' data-av_iconfont='entypo-fontello' title='' data-avia-related-tooltip='Compartir en Twitter' rel=\"noopener\"><span class='avia_hidden_link_text'>Compartir en Twitter<\/span><\/a><\/li><li class='av-share-link av-social-link-whatsapp' ><a target=\"_blank\" aria-label=\"Compartir en Whatsapp\" href='https:\/\/api.whatsapp.com\/send?text=https:\/\/radiorevelacionfm.cl\/?p=21528' aria-hidden='false' data-av_icon='\uf232' data-av_iconfont='entypo-fontello' title='' data-avia-related-tooltip='Compartir en Whatsapp' rel=\"noopener\"><span class='avia_hidden_link_text'>Compartir en Whatsapp<\/span><\/a><\/li><li class='av-share-link av-social-link-linkedin' ><a target=\"_blank\" aria-label=\"Compartir en LinkedIn\" href='https:\/\/linkedin.com\/shareArticle?mini=true&#038;title=J%C3%B3venes%20de%20Puerto%20Ays%C3%A9n%20participan%20en%20talleres%20gratuitos%20de%20Voleibol%20financiados%20por%20INJUV%20Ays%C3%A9n&#038;url=https:\/\/radiorevelacionfm.cl\/?p=21528' aria-hidden='false' data-av_icon='\ue8fc' data-av_iconfont='entypo-fontello' title='' data-avia-related-tooltip='Compartir en LinkedIn' rel=\"noopener\"><span class='avia_hidden_link_text'>Compartir en LinkedIn<\/span><\/a><\/li><li class='av-share-link av-social-link-mail' ><a  aria-label=\"Compartir por correo\" href='mailto:?subject=J%C3%B3venes%20de%20Puerto%20Ays%C3%A9n%20participan%20en%20talleres%20gratuitos%20de%20Voleibol%20financiados%20por%20INJUV%20Ays%C3%A9n&#038;body=https:\/\/radiorevelacionfm.cl\/?p=21528' aria-hidden='false' data-av_icon='\ue805' data-av_iconfont='entypo-fontello' title='' data-avia-related-tooltip='Compartir por correo'><span class='avia_hidden_link_text'>Compartir por correo<\/span><\/a><\/li><\/ul><\/div><\/div>\n<div  style='height:50px' class='hr hr-invisible   avia-builder-el-8  el_after_av_social_share  el_before_av_comments_list '><span class='hr-inner ' ><span class='hr-inner-style'><\/span><\/span><\/div>\n<div  class='av-buildercomment  av-blog-meta-html-info-disabled av-blog-meta-tag-disabled  '><\/div>\n","protected":false},"excerpt":{"rendered":"","protected":false},"author":1,"featured_media":21529,"comment_status":"open","ping_status":"open","sticky":false,"template":"","format":"standard","meta":{"footnotes":""},"categories":[38],"tags":[],"class_list":["post-21528","post","type-post","status-publish","format-standard","has-post-thumbnail","hentry","category-regional"],"jetpack_featured_media_url":"https:\/\/radiorevelacionfm.cl\/wp-content\/uploads\/2022\/09\/foto-2-5-5-2_optimized-2.jpg","_links":{"self":[{"href":"https:\/\/radiorevelacionfm.cl\/index.php?rest_route=\/wp\/v2\/posts\/21528","targetHints":{"allow":["GET"]}}],"collection":[{"href":"https:\/\/radiorevelacionfm.cl\/index.php?rest_route=\/wp\/v2\/posts"}],"about":[{"href":"https:\/\/radiorevelacionfm.cl\/index.php?rest_route=\/wp\/v2\/types\/post"}],"author":[{"embeddable":true,"href":"https:\/\/radiorevelacionfm.cl\/index.php?rest_route=\/wp\/v2\/users\/1"}],"replies":[{"embeddable":true,"href":"https:\/\/radiorevelacionfm.cl\/index.php?rest_route=%2Fwp%2Fv2%2Fcomments&post=21528"}],"version-history":[{"count":2,"href":"https:\/\/radiorevelacionfm.cl\/index.php?rest_route=\/wp\/v2\/posts\/21528\/revisions"}],"predecessor-version":[{"id":21531,"href":"https:\/\/radiorevelacionfm.cl\/index.php?rest_route=\/wp\/v2\/posts\/21528\/revisions\/21531"}],"wp:featuredmedia":[{"embeddable":true,"href":"https:\/\/radiorevelacionfm.cl\/index.php?rest_route=\/wp\/v2\/media\/21529"}],"wp:attachment":[{"href":"https:\/\/radiorevelacionfm.cl\/index.php?rest_route=%2Fwp%2Fv2%2Fmedia&parent=21528"}],"wp:term":[{"taxonomy":"category","embeddable":true,"href":"https:\/\/radiorevelacionfm.cl\/index.php?rest_route=%2Fwp%2Fv2%2Fcategories&post=21528"},{"taxonomy":"post_tag","embeddable":true,"href":"https:\/\/radiorevelacionfm.cl\/index.php?rest_route=%2Fwp%2Fv2%2Ftags&post=21528"}],"curies":[{"name":"wp","href":"https:\/\/api.w.org\/{rel}","templated":true}]}}