{"id":21514,"date":"2022-09-07T10:09:37","date_gmt":"2022-09-07T13:09:37","guid":{"rendered":"https:\/\/radiorevelacionfm.cl\/?p=21514"},"modified":"2022-09-07T10:09:37","modified_gmt":"2022-09-07T13:09:37","slug":"ministerio-del-trabajo-y-prevision-social-realizo-despliegue-en-provincia-capitan-prat","status":"publish","type":"post","link":"https:\/\/radiorevelacionfm.cl\/?p=21514","title":{"rendered":"Ministerio del Trabajo y Previsi\u00f3n Social realiz\u00f3 despliegue en Provincia Capit\u00e1n Prat"},"content":{"rendered":"<div class=\"flex_column av_one_full  flex_column_div av-zero-column-padding first  avia-builder-el-0  el_before_av_one_full  avia-builder-el-first  \" style='border-radius:0px; '><div  class='avia-image-container  av-styling-    avia-builder-el-1  avia-builder-el-no-sibling  avia-align-center '  itemprop=\"image\" itemscope=\"itemscope\" itemtype=\"https:\/\/schema.org\/ImageObject\"  ><div class='avia-image-container-inner'><div class='avia-image-overlay-wrap'><img decoding=\"async\" class='wp-image-21515 avia-img-lazy-loading-not-21515 avia_image' src=\"https:\/\/radiorevelacionfm.cl\/wp-content\/uploads\/2022\/09\/Prov_CapPrat-4_ConcejoMunicipal-1-1.jpg\" alt='' title='Prov_CapPrat (4)_ConcejoMunicipal (1) (1)' height=\"600\" width=\"881\"  itemprop=\"thumbnailUrl\" srcset=\"https:\/\/radiorevelacionfm.cl\/wp-content\/uploads\/2022\/09\/Prov_CapPrat-4_ConcejoMunicipal-1-1.jpg 881w, https:\/\/radiorevelacionfm.cl\/wp-content\/uploads\/2022\/09\/Prov_CapPrat-4_ConcejoMunicipal-1-1-300x204.jpg 300w, https:\/\/radiorevelacionfm.cl\/wp-content\/uploads\/2022\/09\/Prov_CapPrat-4_ConcejoMunicipal-1-1-768x523.jpg 768w, https:\/\/radiorevelacionfm.cl\/wp-content\/uploads\/2022\/09\/Prov_CapPrat-4_ConcejoMunicipal-1-1-705x480.jpg 705w, https:\/\/radiorevelacionfm.cl\/wp-content\/uploads\/2022\/09\/Prov_CapPrat-4_ConcejoMunicipal-1-1-600x409.jpg 600w\" sizes=\"(max-width: 881px) 100vw, 881px\" \/><\/div><\/div><\/div><\/div><div class=\"flex_column av_one_full  flex_column_div av-zero-column-padding first  avia-builder-el-2  el_after_av_one_full  el_before_av_one_full  column-top-margin\" style='border-radius:0px; '><section class=\"av_textblock_section \"  itemscope=\"itemscope\" itemtype=\"https:\/\/schema.org\/BlogPosting\" itemprop=\"blogPost\" ><div class='avia_textblock  '   itemprop=\"text\" ><p style=\"text-align: center;\"><strong><span style=\"font-size: 18pt;\">Ministerio del Trabajo y Previsi\u00f3n Social realiz\u00f3 despliegue en Provincia Capit\u00e1n Prat<\/span><\/strong><\/p>\n<div id=\"gtx-trans\" style=\"position: absolute; left: -50px; top: 4.31534px;\">\n<div class=\"gtx-trans-icon\"><\/div>\n<\/div>\n<\/div><\/section><\/div><div class=\"flex_column av_one_full  flex_column_div av-zero-column-padding first  avia-builder-el-4  el_after_av_one_full  el_before_av_hr  column-top-margin\" style='border-radius:0px; '><section class=\"av_textblock_section \"  itemscope=\"itemscope\" itemtype=\"https:\/\/schema.org\/BlogPosting\" itemprop=\"blogPost\" ><div class='avia_textblock  '   itemprop=\"text\" ><p style=\"text-align: justify;\">Un despliegue por la Provincia de Capit\u00e1n Prat realiz\u00f3 hace algunos d\u00edas la cartera de Trabajo y Previsi\u00f3n Social, el cual incluy\u00f3 reuniones de coordinaci\u00f3n con la Delegada de la Provincia de Capit\u00e1n Prat, Marta Montiel, con el alcalde de Tortel, Abel Becerra y con el Alcalde Jos\u00e9 Fica y el concejo municipal de O\u00b4Higgins, teniendo con anterioridad el Seremi, Rodrigo D\u00edaz, reuni\u00f3n con el alcalde de Cochrane, Jorge Calder\u00f3n.<\/p>\n<p style=\"text-align: justify;\">Tanto en Villa O\u00b4Higgins como en Tortel, el Instituto de Previsi\u00f3n Social realiz\u00f3 el taller \u201cPromoci\u00f3n de Derechos Previsionales y Seguridad Social para Mujeres de Zonas Rurales\u201d, a cargo de funcionarios del servicio y la encargada a nivel nacional de g\u00e9nero, Montserrat Sep\u00falveda, junto al director regional, Carlos Rodr\u00edguez y al Seremi de Trabajo y Previsi\u00f3n Social, Rodrigo D\u00edaz.<\/p>\n<p style=\"text-align: justify;\">En dicha instancia, que tuvo amplia convocatoria se abordaron aspectos relevantes de los beneficios previsionales, centrados en los derechos y g\u00e9nero, teniendo en cuenta la ruralidad. Su objetivo era que las participantes adquieran conocimientos en materia de derechos previsionales y de Seguridad Social, con una din\u00e1mica dirigida a promover el enfoque de g\u00e9nero y la incorporaci\u00f3n de la mujer al mundo del trabajo y participaci\u00f3n social, adem\u00e1s de abordar las dificultades que tienen las mujeres de zonas rurales para lograr autonom\u00eda y conocer sus derechos.<\/p>\n<p style=\"text-align: justify;\">Por su parte, en Tortel y en Cochrane, los directores regionales de la Direcci\u00f3n del Trabajo, DT, Victoria Sierra y del Instituto de Seguridad Laboral, ISL, Mario Garay junto al jefe de Prevenci\u00f3n, Gonzalo Soto, realizaron charlas dirigidas a micro y peque\u00f1as empresas, Mipes, orientadas en entregar informaci\u00f3n y resolver consultas. Esto en relaci\u00f3n con la ley de Modernizaci\u00f3n de la Direcci\u00f3n del Trabajo que incluye la actualizaci\u00f3n del sistema de gesti\u00f3n, fiscalizaci\u00f3n y mediaci\u00f3n, adem\u00e1s del registro electr\u00f3nico laboral y la creaci\u00f3n de la unidad de apoyo a las Mipes, entre otros. En tanto, desde el ISL, se trataron los temas de seguridad y accidentes laborales enfocados en los \u00abBeneficios y Prestaciones Ley 16.744 Accidentes del Trabajo y Enfermedades Profesionales\u00bb.<\/p>\n<p style=\"text-align: justify;\">El Seremi Rodrigo D\u00edaz, se refiri\u00f3 al despliegue de la cartera, \u201cComo Ministerio de Trabajo y Previsi\u00f3n Social, cumpliendo el mandato del Presidente Boric, nos dirigimos a terreno, recorrimos la Provincia de Capit\u00e1n Prat, las comunas de Villa O\u00b4Higgins, Tortel y Cochrane, en compa\u00f1\u00eda de los directores regionales del Instituto de Previsi\u00f3n Social, IPS, la Direcci\u00f3n del Trabajo, DT y del Instituto de Seguridad Laboral, ISL, que es la mutualidad del Estado, viendo las distintas problem\u00e1ticas que hab\u00edan en estos \u00e1mbitos en la provincia y en las comunas, tambi\u00e9n haciendo capacitaci\u00f3n. En el caso del IPS la capacitaci\u00f3n fue de equidad de g\u00e9nero, un tema fundamental en este Gobierno, en tanto la Direcci\u00f3n del Trabajo y del Instituto de Seguridad Laboral haciendo capacitaciones espec\u00edficas en Cochrane y en Tortel para las microempresas, trabajadores y trabajadoras, para que sepan sus derechos y de esa manera acercar el Estado a la gente y para que no necesariamente tengan que ir a Coyhaique para cualquier consulta o informaci\u00f3n\u201d, afirm\u00f3 la autoridad del Trabajo y Previsi\u00f3n Social.<\/p>\n<p style=\"text-align: justify;\">Tal como mencion\u00f3 el Seremi D\u00edaz Cordaro, ISL est\u00e1 organizando dos charlas presenciales de capacitaci\u00f3n, en coordinaci\u00f3n con la Municipalidad de Tortel y otra en coordinaci\u00f3n con la Delegaci\u00f3n provincial, en Cochrane, dirigidas a los funcionarios\/as a honorarios de ambas instituciones, sobre los beneficios de la ley de honorarios. Esta norma da acceso a todos los beneficios de la seguridad social, teniendo la misma protecci\u00f3n con la que cuentan los trabajadores\/as dependientes, a trav\u00e9s de la operaci\u00f3n renta y cotizaci\u00f3n obligatoria, entre ellos, acceso al Seguro de Accidentes del Trabajo y Enfermedades Profesionales; derecho a licencias m\u00e9dicas y subsidios por incapacidad laboral; Seguro de Invalidez y Sobrevivencia (SIS); Ley SANNA; Pensiones de vejez y Prestaciones Familiares, entre otros.<\/p>\n<\/div><\/section><\/div><div  style='height:50px' class='hr hr-invisible   avia-builder-el-6  el_after_av_one_full  el_before_av_social_share '><span class='hr-inner ' ><span class='hr-inner-style'><\/span><\/span><\/div><\/p>\n<div  class='av-social-sharing-box  avia-builder-el-7  el_after_av_hr  el_before_av_hr  '><div class='av-share-box'><h5 class='av-share-link-description av-no-toc '>Compartir esta noticia<\/h5><ul class='av-share-box-list noLightbox'><li class='av-share-link av-social-link-facebook' ><a target=\"_blank\" aria-label=\"Compartir en Facebook\" href='https:\/\/www.facebook.com\/sharer.php?u=https:\/\/radiorevelacionfm.cl\/?p=21514&#038;t=Ministerio%20del%20Trabajo%20y%20Previsi%C3%B3n%20Social%20realiz%C3%B3%20despliegue%20en%20Provincia%20Capit%C3%A1n%20Prat' aria-hidden='false' data-av_icon='\ue8f3' data-av_iconfont='entypo-fontello' title='' data-avia-related-tooltip='Compartir en Facebook' rel=\"noopener\"><span class='avia_hidden_link_text'>Compartir en Facebook<\/span><\/a><\/li><li class='av-share-link av-social-link-twitter' ><a target=\"_blank\" aria-label=\"Compartir en Twitter\" href='https:\/\/twitter.com\/share?text=Ministerio%20del%20Trabajo%20y%20Previsi%C3%B3n%20Social%20realiz%C3%B3%20despliegue%20en%20Provincia%20Capit%C3%A1n%20Prat&#038;url=https:\/\/radiorevelacionfm.cl\/?p=21514' aria-hidden='false' data-av_icon='\ue8f1' data-av_iconfont='entypo-fontello' title='' data-avia-related-tooltip='Compartir en Twitter' rel=\"noopener\"><span class='avia_hidden_link_text'>Compartir en Twitter<\/span><\/a><\/li><li class='av-share-link av-social-link-whatsapp' ><a target=\"_blank\" aria-label=\"Compartir en Whatsapp\" href='https:\/\/api.whatsapp.com\/send?text=https:\/\/radiorevelacionfm.cl\/?p=21514' aria-hidden='false' data-av_icon='\uf232' data-av_iconfont='entypo-fontello' title='' data-avia-related-tooltip='Compartir en Whatsapp' rel=\"noopener\"><span class='avia_hidden_link_text'>Compartir en Whatsapp<\/span><\/a><\/li><li class='av-share-link av-social-link-linkedin' ><a target=\"_blank\" aria-label=\"Compartir en LinkedIn\" href='https:\/\/linkedin.com\/shareArticle?mini=true&#038;title=Ministerio%20del%20Trabajo%20y%20Previsi%C3%B3n%20Social%20realiz%C3%B3%20despliegue%20en%20Provincia%20Capit%C3%A1n%20Prat&#038;url=https:\/\/radiorevelacionfm.cl\/?p=21514' aria-hidden='false' data-av_icon='\ue8fc' data-av_iconfont='entypo-fontello' title='' data-avia-related-tooltip='Compartir en LinkedIn' rel=\"noopener\"><span class='avia_hidden_link_text'>Compartir en LinkedIn<\/span><\/a><\/li><li class='av-share-link av-social-link-mail' ><a  aria-label=\"Compartir por correo\" href='mailto:?subject=Ministerio%20del%20Trabajo%20y%20Previsi%C3%B3n%20Social%20realiz%C3%B3%20despliegue%20en%20Provincia%20Capit%C3%A1n%20Prat&#038;body=https:\/\/radiorevelacionfm.cl\/?p=21514' aria-hidden='false' data-av_icon='\ue805' data-av_iconfont='entypo-fontello' title='' data-avia-related-tooltip='Compartir por correo'><span class='avia_hidden_link_text'>Compartir por correo<\/span><\/a><\/li><\/ul><\/div><\/div>\n<div  style='height:50px' class='hr hr-invisible   avia-builder-el-8  el_after_av_social_share  el_before_av_comments_list '><span class='hr-inner ' ><span class='hr-inner-style'><\/span><\/span><\/div>\n<div  class='av-buildercomment  av-blog-meta-html-info-disabled av-blog-meta-tag-disabled  '><\/div>\n","protected":false},"excerpt":{"rendered":"","protected":false},"author":1,"featured_media":21515,"comment_status":"open","ping_status":"open","sticky":false,"template":"","format":"standard","meta":{"footnotes":""},"categories":[56],"tags":[],"class_list":["post-21514","post","type-post","status-publish","format-standard","has-post-thumbnail","hentry","category-trabajo"],"jetpack_featured_media_url":"https:\/\/radiorevelacionfm.cl\/wp-content\/uploads\/2022\/09\/Prov_CapPrat-4_ConcejoMunicipal-1-1.jpg","_links":{"self":[{"href":"https:\/\/radiorevelacionfm.cl\/index.php?rest_route=\/wp\/v2\/posts\/21514","targetHints":{"allow":["GET"]}}],"collection":[{"href":"https:\/\/radiorevelacionfm.cl\/index.php?rest_route=\/wp\/v2\/posts"}],"about":[{"href":"https:\/\/radiorevelacionfm.cl\/index.php?rest_route=\/wp\/v2\/types\/post"}],"author":[{"embeddable":true,"href":"https:\/\/radiorevelacionfm.cl\/index.php?rest_route=\/wp\/v2\/users\/1"}],"replies":[{"embeddable":true,"href":"https:\/\/radiorevelacionfm.cl\/index.php?rest_route=%2Fwp%2Fv2%2Fcomments&post=21514"}],"version-history":[{"count":2,"href":"https:\/\/radiorevelacionfm.cl\/index.php?rest_route=\/wp\/v2\/posts\/21514\/revisions"}],"predecessor-version":[{"id":21521,"href":"https:\/\/radiorevelacionfm.cl\/index.php?rest_route=\/wp\/v2\/posts\/21514\/revisions\/21521"}],"wp:featuredmedia":[{"embeddable":true,"href":"https:\/\/radiorevelacionfm.cl\/index.php?rest_route=\/wp\/v2\/media\/21515"}],"wp:attachment":[{"href":"https:\/\/radiorevelacionfm.cl\/index.php?rest_route=%2Fwp%2Fv2%2Fmedia&parent=21514"}],"wp:term":[{"taxonomy":"category","embeddable":true,"href":"https:\/\/radiorevelacionfm.cl\/index.php?rest_route=%2Fwp%2Fv2%2Fcategories&post=21514"},{"taxonomy":"post_tag","embeddable":true,"href":"https:\/\/radiorevelacionfm.cl\/index.php?rest_route=%2Fwp%2Fv2%2Ftags&post=21514"}],"curies":[{"name":"wp","href":"https:\/\/api.w.org\/{rel}","templated":true}]}}