{"id":21511,"date":"2022-09-06T20:57:08","date_gmt":"2022-09-06T23:57:08","guid":{"rendered":"https:\/\/radiorevelacionfm.cl\/?p=21511"},"modified":"2022-09-06T20:57:08","modified_gmt":"2022-09-06T23:57:08","slug":"senador-sandoval-el-cambio-de-gabinete-era-insoslayable-especialmente-porque-hay-que-reencauzar-el-gobierno-del-pais","status":"publish","type":"post","link":"https:\/\/radiorevelacionfm.cl\/?p=21511","title":{"rendered":"Senador Sandoval: \u201cEl cambio de gabinete era insoslayable, especialmente porque hay que reencauzar el gobierno del pa\u00eds\u201d"},"content":{"rendered":"<div class=\"flex_column av_one_full  flex_column_div av-zero-column-padding first  avia-builder-el-0  el_before_av_one_full  avia-builder-el-first  \" style='border-radius:0px; '><div  class='avia-image-container  av-styling-    avia-builder-el-1  avia-builder-el-no-sibling  avia-align-center '  itemprop=\"image\" itemscope=\"itemscope\" itemtype=\"https:\/\/schema.org\/ImageObject\"  ><div class='avia-image-container-inner'><div class='avia-image-overlay-wrap'><img decoding=\"async\" class='wp-image-21512 avia-img-lazy-loading-not-21512 avia_image' src=\"https:\/\/radiorevelacionfm.cl\/wp-content\/uploads\/2022\/09\/senador-sandoval-12-1-1.jpg\" alt='' title='senador sandoval (12) (1) (1)' height=\"600\" width=\"940\"  itemprop=\"thumbnailUrl\" srcset=\"https:\/\/radiorevelacionfm.cl\/wp-content\/uploads\/2022\/09\/senador-sandoval-12-1-1.jpg 940w, https:\/\/radiorevelacionfm.cl\/wp-content\/uploads\/2022\/09\/senador-sandoval-12-1-1-300x191.jpg 300w, https:\/\/radiorevelacionfm.cl\/wp-content\/uploads\/2022\/09\/senador-sandoval-12-1-1-768x490.jpg 768w, https:\/\/radiorevelacionfm.cl\/wp-content\/uploads\/2022\/09\/senador-sandoval-12-1-1-705x450.jpg 705w, https:\/\/radiorevelacionfm.cl\/wp-content\/uploads\/2022\/09\/senador-sandoval-12-1-1-600x383.jpg 600w\" sizes=\"(max-width: 940px) 100vw, 940px\" \/><\/div><\/div><\/div><\/div><div class=\"flex_column av_one_full  flex_column_div av-zero-column-padding first  avia-builder-el-2  el_after_av_one_full  el_before_av_one_full  column-top-margin\" style='border-radius:0px; '><section class=\"av_textblock_section \"  itemscope=\"itemscope\" itemtype=\"https:\/\/schema.org\/BlogPosting\" itemprop=\"blogPost\" ><div class='avia_textblock  '   itemprop=\"text\" ><p style=\"text-align: center;\"><span style=\"font-size: 18pt;\"><strong>Senador Sandoval: <\/strong><strong>\u201cEl cambio de gabinete era insoslayable, especialmente porque hay que reencauzar el gobierno del pa\u00eds\u201d<\/strong><\/span><\/p>\n<div id=\"gtx-trans\" style=\"position: absolute; left: -50px; top: 4.31534px;\">\n<div class=\"gtx-trans-icon\"><\/div>\n<\/div>\n<\/div><\/section><\/div><div class=\"flex_column av_one_full  flex_column_div av-zero-column-padding first  avia-builder-el-4  el_after_av_one_full  el_before_av_hr  column-top-margin\" style='border-radius:0px; '><section class=\"av_textblock_section \"  itemscope=\"itemscope\" itemtype=\"https:\/\/schema.org\/BlogPosting\" itemprop=\"blogPost\" ><div class='avia_textblock  '   itemprop=\"text\" ><p style=\"text-align: justify;\">\u201cEl cambio de gabinete era una circunstancia insoslayable, especialmente porque hay que reencauzar el gobierno del pa\u00eds\u201d. As\u00ed lo afirm\u00f3 el senador David Sandoval, al referirse a los cambios realizados en distintos ministerios por la administraci\u00f3n del presidente Gabriel Boric.<\/p>\n<p style=\"text-align: justify;\">El parlamentario indic\u00f3 que el Gobierno \u201ctiene la gran tarea de gobernar y no solamente administrar un proceso constitucional\u201d, por lo cual eran necesarias estas modificaciones, esperando que las mismas sean beneficiosas para el pa\u00eds.<\/p>\n<p style=\"text-align: justify;\">De hecho, el legislador luego de los resultados del plebiscito, hab\u00eda se\u00f1alado la necesidad de retomar distintos debates legislativos, los cuales han estado detenidos por el proceso constitucional. \u201cHemos estado pr\u00e1cticamente paralizados en materia de trabajo legislativo y lo que se ha tramitado ven\u00eda con anterioridad. El Gobierno estuvo involucrado en el proceso (constitucional) y paraliz\u00f3 incluso la reforma previsional, cuyo compromiso era anunciarla antes que terminara el mes de agosto y no lo hizo por una raz\u00f3n exclusivamente pol\u00edtica\u201d, se\u00f1al\u00f3.<\/p>\n<p style=\"text-align: justify;\">En ese sentido, Sandoval recalc\u00f3 que hay muchas cosas por hacer, por lo que es evidente que \u201cel Gobierno tiene que reencauzar el rol y las prioridades que ten\u00eda\u201d, agregando que ya \u201ctermin\u00f3 el plebiscito, termin\u00f3 mal para ellos sin duda, pero ahora tienen que empezar a recanalizar y empezar a gobernar\u201d.<\/p>\n<p style=\"text-align: justify;\">\u201cTenemos problemas enormes en materia de delincuencia, en materia de migraciones, una dificultad en la macrozona sur, es decir, yantas cosas que hacer y es hora que el Gobierno empiece a demostrar que tiene capacidad para gobernar\u201d, subray\u00f3.<\/p>\n<p style=\"text-align: justify;\">Por todo esto, el legislador espera que los cambios realizados hoy en distintas carteras \u201crealmente le sirvan al pa\u00eds\u201d.<\/p>\n<\/div><\/section><\/div><div  style='height:50px' class='hr hr-invisible   avia-builder-el-6  el_after_av_one_full  el_before_av_social_share '><span class='hr-inner ' ><span class='hr-inner-style'><\/span><\/span><\/div><\/p>\n<div  class='av-social-sharing-box  avia-builder-el-7  el_after_av_hr  el_before_av_hr  '><div class='av-share-box'><h5 class='av-share-link-description av-no-toc '>Compartir esta noticia<\/h5><ul class='av-share-box-list noLightbox'><li class='av-share-link av-social-link-facebook' ><a target=\"_blank\" aria-label=\"Compartir en Facebook\" href='https:\/\/www.facebook.com\/sharer.php?u=https:\/\/radiorevelacionfm.cl\/?p=21511&#038;t=Senador%20Sandoval%3A%20%E2%80%9CEl%20cambio%20de%20gabinete%20era%20insoslayable%2C%20especialmente%20porque%20hay%20que%20reencauzar%20el%20gobierno%20del%20pa%C3%ADs%E2%80%9D' aria-hidden='false' data-av_icon='\ue8f3' data-av_iconfont='entypo-fontello' title='' data-avia-related-tooltip='Compartir en Facebook' rel=\"noopener\"><span class='avia_hidden_link_text'>Compartir en Facebook<\/span><\/a><\/li><li class='av-share-link av-social-link-twitter' ><a target=\"_blank\" aria-label=\"Compartir en Twitter\" href='https:\/\/twitter.com\/share?text=Senador%20Sandoval%3A%20%E2%80%9CEl%20cambio%20de%20gabinete%20era%20insoslayable%2C%20especialmente%20porque%20hay%20que%20reencauzar%20el%20gobierno%20del%20pa%C3%ADs%E2%80%9D&#038;url=https:\/\/radiorevelacionfm.cl\/?p=21511' aria-hidden='false' data-av_icon='\ue8f1' data-av_iconfont='entypo-fontello' title='' data-avia-related-tooltip='Compartir en Twitter' rel=\"noopener\"><span class='avia_hidden_link_text'>Compartir en Twitter<\/span><\/a><\/li><li class='av-share-link av-social-link-whatsapp' ><a target=\"_blank\" aria-label=\"Compartir en Whatsapp\" href='https:\/\/api.whatsapp.com\/send?text=https:\/\/radiorevelacionfm.cl\/?p=21511' aria-hidden='false' data-av_icon='\uf232' data-av_iconfont='entypo-fontello' title='' data-avia-related-tooltip='Compartir en Whatsapp' rel=\"noopener\"><span class='avia_hidden_link_text'>Compartir en Whatsapp<\/span><\/a><\/li><li class='av-share-link av-social-link-linkedin' ><a target=\"_blank\" aria-label=\"Compartir en LinkedIn\" href='https:\/\/linkedin.com\/shareArticle?mini=true&#038;title=Senador%20Sandoval%3A%20%E2%80%9CEl%20cambio%20de%20gabinete%20era%20insoslayable%2C%20especialmente%20porque%20hay%20que%20reencauzar%20el%20gobierno%20del%20pa%C3%ADs%E2%80%9D&#038;url=https:\/\/radiorevelacionfm.cl\/?p=21511' aria-hidden='false' data-av_icon='\ue8fc' data-av_iconfont='entypo-fontello' title='' data-avia-related-tooltip='Compartir en LinkedIn' rel=\"noopener\"><span class='avia_hidden_link_text'>Compartir en LinkedIn<\/span><\/a><\/li><li class='av-share-link av-social-link-mail' ><a  aria-label=\"Compartir por correo\" href='mailto:?subject=Senador%20Sandoval%3A%20%E2%80%9CEl%20cambio%20de%20gabinete%20era%20insoslayable%2C%20especialmente%20porque%20hay%20que%20reencauzar%20el%20gobierno%20del%20pa%C3%ADs%E2%80%9D&#038;body=https:\/\/radiorevelacionfm.cl\/?p=21511' aria-hidden='false' data-av_icon='\ue805' data-av_iconfont='entypo-fontello' title='' data-avia-related-tooltip='Compartir por correo'><span class='avia_hidden_link_text'>Compartir por correo<\/span><\/a><\/li><\/ul><\/div><\/div>\n<div  style='height:50px' class='hr hr-invisible   avia-builder-el-8  el_after_av_social_share  el_before_av_comments_list '><span class='hr-inner ' ><span class='hr-inner-style'><\/span><\/span><\/div>\n<div  class='av-buildercomment  av-blog-meta-html-info-disabled av-blog-meta-tag-disabled  '><\/div>\n","protected":false},"excerpt":{"rendered":"","protected":false},"author":1,"featured_media":21512,"comment_status":"open","ping_status":"open","sticky":false,"template":"","format":"standard","meta":{"footnotes":""},"categories":[35],"tags":[],"class_list":["post-21511","post","type-post","status-publish","format-standard","has-post-thumbnail","hentry","category-politica"],"jetpack_featured_media_url":"https:\/\/radiorevelacionfm.cl\/wp-content\/uploads\/2022\/09\/senador-sandoval-12-1-1.jpg","_links":{"self":[{"href":"https:\/\/radiorevelacionfm.cl\/index.php?rest_route=\/wp\/v2\/posts\/21511","targetHints":{"allow":["GET"]}}],"collection":[{"href":"https:\/\/radiorevelacionfm.cl\/index.php?rest_route=\/wp\/v2\/posts"}],"about":[{"href":"https:\/\/radiorevelacionfm.cl\/index.php?rest_route=\/wp\/v2\/types\/post"}],"author":[{"embeddable":true,"href":"https:\/\/radiorevelacionfm.cl\/index.php?rest_route=\/wp\/v2\/users\/1"}],"replies":[{"embeddable":true,"href":"https:\/\/radiorevelacionfm.cl\/index.php?rest_route=%2Fwp%2Fv2%2Fcomments&post=21511"}],"version-history":[{"count":2,"href":"https:\/\/radiorevelacionfm.cl\/index.php?rest_route=\/wp\/v2\/posts\/21511\/revisions"}],"predecessor-version":[{"id":21517,"href":"https:\/\/radiorevelacionfm.cl\/index.php?rest_route=\/wp\/v2\/posts\/21511\/revisions\/21517"}],"wp:featuredmedia":[{"embeddable":true,"href":"https:\/\/radiorevelacionfm.cl\/index.php?rest_route=\/wp\/v2\/media\/21512"}],"wp:attachment":[{"href":"https:\/\/radiorevelacionfm.cl\/index.php?rest_route=%2Fwp%2Fv2%2Fmedia&parent=21511"}],"wp:term":[{"taxonomy":"category","embeddable":true,"href":"https:\/\/radiorevelacionfm.cl\/index.php?rest_route=%2Fwp%2Fv2%2Fcategories&post=21511"},{"taxonomy":"post_tag","embeddable":true,"href":"https:\/\/radiorevelacionfm.cl\/index.php?rest_route=%2Fwp%2Fv2%2Ftags&post=21511"}],"curies":[{"name":"wp","href":"https:\/\/api.w.org\/{rel}","templated":true}]}}