{"id":21507,"date":"2022-09-07T11:18:09","date_gmt":"2022-09-07T14:18:09","guid":{"rendered":"https:\/\/radiorevelacionfm.cl\/?p=21507"},"modified":"2022-09-07T11:18:09","modified_gmt":"2022-09-07T14:18:09","slug":"teleton-invita-a-sumarse-a-su-equipo-de-voluntariado-para-campana-2022","status":"publish","type":"post","link":"https:\/\/radiorevelacionfm.cl\/?p=21507","title":{"rendered":"Telet\u00f3n invita a sumarse a su equipo de Voluntariado para Campa\u00f1a 2022"},"content":{"rendered":"<div class=\"flex_column av_one_full  flex_column_div av-zero-column-padding first  avia-builder-el-0  el_before_av_one_full  avia-builder-el-first  \" style='border-radius:0px; '><div  class='avia-image-container  av-styling-    avia-builder-el-1  avia-builder-el-no-sibling  avia-align-center '  itemprop=\"image\" itemscope=\"itemscope\" itemtype=\"https:\/\/schema.org\/ImageObject\"  ><div class='avia-image-container-inner'><div class='avia-image-overlay-wrap'><img decoding=\"async\" class='wp-image-21508 avia-img-lazy-loading-not-21508 avia_image' src=\"https:\/\/radiorevelacionfm.cl\/wp-content\/uploads\/2022\/09\/teleton-1_optimized-1.jpg\" alt='' title='telet\u00f3n-(1)_optimized (1)' height=\"600\" width=\"902\"  itemprop=\"thumbnailUrl\" srcset=\"https:\/\/radiorevelacionfm.cl\/wp-content\/uploads\/2022\/09\/teleton-1_optimized-1.jpg 902w, https:\/\/radiorevelacionfm.cl\/wp-content\/uploads\/2022\/09\/teleton-1_optimized-1-300x200.jpg 300w, https:\/\/radiorevelacionfm.cl\/wp-content\/uploads\/2022\/09\/teleton-1_optimized-1-768x511.jpg 768w, https:\/\/radiorevelacionfm.cl\/wp-content\/uploads\/2022\/09\/teleton-1_optimized-1-705x469.jpg 705w, https:\/\/radiorevelacionfm.cl\/wp-content\/uploads\/2022\/09\/teleton-1_optimized-1-600x399.jpg 600w\" sizes=\"(max-width: 902px) 100vw, 902px\" \/><\/div><\/div><\/div><\/div><div class=\"flex_column av_one_full  flex_column_div av-zero-column-padding first  avia-builder-el-2  el_after_av_one_full  el_before_av_one_full  column-top-margin\" style='border-radius:0px; '><section class=\"av_textblock_section \"  itemscope=\"itemscope\" itemtype=\"https:\/\/schema.org\/BlogPosting\" itemprop=\"blogPost\" ><div class='avia_textblock  '   itemprop=\"text\" ><p style=\"text-align: center;\"><strong><span style=\"font-size: 18pt;\">Telet\u00f3n invita a sumarse a su equipo de Voluntariado para Campa\u00f1a 2022<\/span><\/strong><\/p>\n<div id=\"gtx-trans\" style=\"position: absolute; left: -50px; top: 4.31534px;\">\n<div class=\"gtx-trans-icon\"><\/div>\n<\/div>\n<\/div><\/section><\/div><div class=\"flex_column av_one_full  flex_column_div av-zero-column-padding first  avia-builder-el-4  el_after_av_one_full  el_before_av_hr  column-top-margin\" style='border-radius:0px; '><section class=\"av_textblock_section \"  itemscope=\"itemscope\" itemtype=\"https:\/\/schema.org\/BlogPosting\" itemprop=\"blogPost\" ><div class='avia_textblock  '   itemprop=\"text\" ><p style=\"font-weight: 400; text-align: justify;\">Telet\u00f3n abri\u00f3 un nuevo periodo de postulaciones para sumarse a su equipo de Voluntariado, esta vez para colaborar con la campa\u00f1a de la cruzada solidaria que tendr\u00e1 su gran cierre el 4 y 5 de noviembre con el programa televisivo de 27 horas.<\/p>\n<p style=\"font-weight: 400; text-align: justify;\">Los voluntarios y voluntarias de campa\u00f1a apoyan a Telet\u00f3n en diversas e importantes actividades que se realizan en los meses previos al programa televisivo, como, por ejemplo, tareas de afichaje, la \u201cPintat\u00f3n\u201d, activaciones de promoci\u00f3n de la cruzada en colegios, jardines infantiles y empresas, como tambi\u00e9n a difundir, a trav\u00e9s de las redes sociales del Voluntariado contenidos que permitan sumar a m\u00e1s personas a esta fiesta nacional de la solidaridad.<\/p>\n<p style=\"font-weight: 400; text-align: justify;\">El llamado es para que j\u00f3venes y adultos se sumen al equipo de trabajo de Telet\u00f3n, inscribi\u00e9ndose a trav\u00e9s de un formulario de registro que est\u00e1 disponible en\u00a0<a href=\"http:\/\/www.teleton.cl\/\" data-saferedirecturl=\"https:\/\/www.google.com\/url?q=http:\/\/www.teleton.cl&amp;source=gmail&amp;ust=1662586075800000&amp;usg=AOvVaw1ieA2Hsg0jQxX1AyhPJ_Jr\">www.teleton.cl<\/a>\u00a0desde el 5 de septiembre, en el link:\u00a0<a href=\"https:\/\/voluntariado-teleton.cl\/Public\/Logincampania\" data-saferedirecturl=\"https:\/\/www.google.com\/url?q=https:\/\/voluntariado-teleton.cl\/Public\/Logincampania&amp;source=gmail&amp;ust=1662586075800000&amp;usg=AOvVaw2mvIRny8fjOL4Yi8w__rUD\">https:\/\/voluntariado-teleton.cl\/Public\/Logincampania<\/a>\u00a0, la cual ser\u00e1 la v\u00eda \u00fanica de inscripci\u00f3n.<\/p>\n<p style=\"font-weight: 400; text-align: justify;\">Los requisitos para postular a este Voluntariado de Campa\u00f1a son:<\/p>\n<ul>\n<li style=\"font-weight: 400; text-align: justify;\">Tener 18 a\u00f1os cumplidos al momento de la inscripci\u00f3n.<\/li>\n<li style=\"font-weight: 400; text-align: justify;\">Pase de movilidad habilitado para las actividades presenciales.<\/li>\n<li style=\"font-weight: 400; text-align: justify;\">Compromiso y vocaci\u00f3n de servicio.<\/li>\n<\/ul>\n<p style=\"font-weight: 400; text-align: justify;\">Se requiere, adem\u00e1s, contar con disponibilidad y flexibilidad de tiempo para cumplir al menos con un turno de cuatro horas (ma\u00f1ana o la tarde) entre lunes y domingo, desde mediados de septiembre y hasta el 4 y 5 de noviembre, fecha en que culmina la campa\u00f1a Telet\u00f3n 2022 con su tradicional programa televisivo.<\/p>\n<p style=\"font-weight: 400; text-align: justify;\">Las inscripciones se abrieron el lunes 5 de septiembre y permanecer\u00e1n disponibles hasta el viernes 21 de octubre. Las personas que se inscriban deber\u00e1n participar de una capacitaci\u00f3n (obligatoria) sobre normas de seguridad, sanitarias y directrices institucionales.<\/p>\n<p style=\"font-weight: 400; text-align: justify;\">Aldo Orrigoni, director nacional de Gesti\u00f3n Social y Voluntariado de Telet\u00f3n comenta: \u201cQueremos que este a\u00f1o los voluntarios y voluntarias sean parte del orgullo de todo lo que hemos logrado juntos como pa\u00eds y que se sumen con su energ\u00eda y compromiso por la inclusi\u00f3n. Telet\u00f3n es todos los d\u00edas y para llegar a la meta necesitamos del compromiso de todos los chilenos y chilenas. Por eso queremos invitarlos ser parte de nuestro Voluntariado de Campa\u00f1a\u201d.<\/p>\n<p style=\"font-weight: 400; text-align: justify;\">Inscr\u00edbete desde el 5 de septiembre en\u00a0<a href=\"http:\/\/www.teleton.cl\/\" data-saferedirecturl=\"https:\/\/www.google.com\/url?q=http:\/\/www.teleton.cl&amp;source=gmail&amp;ust=1662586075800000&amp;usg=AOvVaw1ieA2Hsg0jQxX1AyhPJ_Jr\">www.teleton.cl<\/a>\u00a0en el link:\u00a0<a href=\"https:\/\/voluntariado-teleton.cl\/Public\/Logincampania\" data-saferedirecturl=\"https:\/\/www.google.com\/url?q=https:\/\/voluntariado-teleton.cl\/Public\/Logincampania&amp;source=gmail&amp;ust=1662586075800000&amp;usg=AOvVaw2mvIRny8fjOL4Yi8w__rUD\">https:\/\/voluntariado-teleton.cl\/Public\/Logincampania<\/a>\u00a0y \u00fanete a la campa\u00f1a solidaria que mueve al pa\u00eds.\u00a0\u00a0 Completa el formulario de inscripci\u00f3n y el equipo del Voluntariado de Telet\u00f3n te contactar\u00e1 v\u00eda e-mail.<\/p>\n<\/div><\/section><\/div><div  style='height:50px' class='hr hr-invisible   avia-builder-el-6  el_after_av_one_full  el_before_av_social_share '><span class='hr-inner ' ><span class='hr-inner-style'><\/span><\/span><\/div><\/p>\n<div  class='av-social-sharing-box  avia-builder-el-7  el_after_av_hr  el_before_av_hr  '><div class='av-share-box'><h5 class='av-share-link-description av-no-toc '>Compartir esta noticia<\/h5><ul class='av-share-box-list noLightbox'><li class='av-share-link av-social-link-facebook' ><a target=\"_blank\" aria-label=\"Compartir en Facebook\" href='https:\/\/www.facebook.com\/sharer.php?u=https:\/\/radiorevelacionfm.cl\/?p=21507&#038;t=Telet%C3%B3n%20invita%20a%20sumarse%20a%20su%20equipo%20de%20Voluntariado%20para%20Campa%C3%B1a%202022' aria-hidden='false' data-av_icon='\ue8f3' data-av_iconfont='entypo-fontello' title='' data-avia-related-tooltip='Compartir en Facebook' rel=\"noopener\"><span class='avia_hidden_link_text'>Compartir en Facebook<\/span><\/a><\/li><li class='av-share-link av-social-link-twitter' ><a target=\"_blank\" aria-label=\"Compartir en Twitter\" href='https:\/\/twitter.com\/share?text=Telet%C3%B3n%20invita%20a%20sumarse%20a%20su%20equipo%20de%20Voluntariado%20para%20Campa%C3%B1a%202022&#038;url=https:\/\/radiorevelacionfm.cl\/?p=21507' aria-hidden='false' data-av_icon='\ue8f1' data-av_iconfont='entypo-fontello' title='' data-avia-related-tooltip='Compartir en Twitter' rel=\"noopener\"><span class='avia_hidden_link_text'>Compartir en Twitter<\/span><\/a><\/li><li class='av-share-link av-social-link-whatsapp' ><a target=\"_blank\" aria-label=\"Compartir en Whatsapp\" href='https:\/\/api.whatsapp.com\/send?text=https:\/\/radiorevelacionfm.cl\/?p=21507' aria-hidden='false' data-av_icon='\uf232' data-av_iconfont='entypo-fontello' title='' data-avia-related-tooltip='Compartir en Whatsapp' rel=\"noopener\"><span class='avia_hidden_link_text'>Compartir en Whatsapp<\/span><\/a><\/li><li class='av-share-link av-social-link-linkedin' ><a target=\"_blank\" aria-label=\"Compartir en LinkedIn\" href='https:\/\/linkedin.com\/shareArticle?mini=true&#038;title=Telet%C3%B3n%20invita%20a%20sumarse%20a%20su%20equipo%20de%20Voluntariado%20para%20Campa%C3%B1a%202022&#038;url=https:\/\/radiorevelacionfm.cl\/?p=21507' aria-hidden='false' data-av_icon='\ue8fc' data-av_iconfont='entypo-fontello' title='' data-avia-related-tooltip='Compartir en LinkedIn' rel=\"noopener\"><span class='avia_hidden_link_text'>Compartir en LinkedIn<\/span><\/a><\/li><li class='av-share-link av-social-link-mail' ><a  aria-label=\"Compartir por correo\" href='mailto:?subject=Telet%C3%B3n%20invita%20a%20sumarse%20a%20su%20equipo%20de%20Voluntariado%20para%20Campa%C3%B1a%202022&#038;body=https:\/\/radiorevelacionfm.cl\/?p=21507' aria-hidden='false' data-av_icon='\ue805' data-av_iconfont='entypo-fontello' title='' data-avia-related-tooltip='Compartir por correo'><span class='avia_hidden_link_text'>Compartir por correo<\/span><\/a><\/li><\/ul><\/div><\/div>\n<div  style='height:50px' class='hr hr-invisible   avia-builder-el-8  el_after_av_social_share  el_before_av_comments_list '><span class='hr-inner ' ><span class='hr-inner-style'><\/span><\/span><\/div>\n<div  class='av-buildercomment  av-blog-meta-html-info-disabled av-blog-meta-tag-disabled  '><\/div>\n","protected":false},"excerpt":{"rendered":"","protected":false},"author":1,"featured_media":21508,"comment_status":"open","ping_status":"open","sticky":false,"template":"","format":"standard","meta":{"footnotes":""},"categories":[61],"tags":[],"class_list":["post-21507","post","type-post","status-publish","format-standard","has-post-thumbnail","hentry","category-nacional"],"jetpack_featured_media_url":"https:\/\/radiorevelacionfm.cl\/wp-content\/uploads\/2022\/09\/teleton-1_optimized-1.jpg","_links":{"self":[{"href":"https:\/\/radiorevelacionfm.cl\/index.php?rest_route=\/wp\/v2\/posts\/21507","targetHints":{"allow":["GET"]}}],"collection":[{"href":"https:\/\/radiorevelacionfm.cl\/index.php?rest_route=\/wp\/v2\/posts"}],"about":[{"href":"https:\/\/radiorevelacionfm.cl\/index.php?rest_route=\/wp\/v2\/types\/post"}],"author":[{"embeddable":true,"href":"https:\/\/radiorevelacionfm.cl\/index.php?rest_route=\/wp\/v2\/users\/1"}],"replies":[{"embeddable":true,"href":"https:\/\/radiorevelacionfm.cl\/index.php?rest_route=%2Fwp%2Fv2%2Fcomments&post=21507"}],"version-history":[{"count":2,"href":"https:\/\/radiorevelacionfm.cl\/index.php?rest_route=\/wp\/v2\/posts\/21507\/revisions"}],"predecessor-version":[{"id":21523,"href":"https:\/\/radiorevelacionfm.cl\/index.php?rest_route=\/wp\/v2\/posts\/21507\/revisions\/21523"}],"wp:featuredmedia":[{"embeddable":true,"href":"https:\/\/radiorevelacionfm.cl\/index.php?rest_route=\/wp\/v2\/media\/21508"}],"wp:attachment":[{"href":"https:\/\/radiorevelacionfm.cl\/index.php?rest_route=%2Fwp%2Fv2%2Fmedia&parent=21507"}],"wp:term":[{"taxonomy":"category","embeddable":true,"href":"https:\/\/radiorevelacionfm.cl\/index.php?rest_route=%2Fwp%2Fv2%2Fcategories&post=21507"},{"taxonomy":"post_tag","embeddable":true,"href":"https:\/\/radiorevelacionfm.cl\/index.php?rest_route=%2Fwp%2Fv2%2Ftags&post=21507"}],"curies":[{"name":"wp","href":"https:\/\/api.w.org\/{rel}","templated":true}]}}