{"id":21504,"date":"2022-09-06T20:04:21","date_gmt":"2022-09-06T23:04:21","guid":{"rendered":"https:\/\/radiorevelacionfm.cl\/?p=21504"},"modified":"2022-09-06T20:04:21","modified_gmt":"2022-09-06T23:04:21","slug":"documentales-de-la-patagonia-representaran-a-chile-en-festival-internacional-de-cine-a-realizarse-en-mexico","status":"publish","type":"post","link":"https:\/\/radiorevelacionfm.cl\/?p=21504","title":{"rendered":"Documentales de la Patagonia representar\u00e1n a Chile en Festival Internacional de Cine a realizarse en M\u00e9xico"},"content":{"rendered":"<div class=\"flex_column av_one_full  flex_column_div av-zero-column-padding first  avia-builder-el-0  el_before_av_one_full  avia-builder-el-first  \" style='border-radius:0px; '><div  class='avia-image-container  av-styling-    avia-builder-el-1  avia-builder-el-no-sibling  avia-align-center '  itemprop=\"image\" itemscope=\"itemscope\" itemtype=\"https:\/\/schema.org\/ImageObject\"  ><div class='avia-image-container-inner'><div class='avia-image-overlay-wrap'><img decoding=\"async\" class='wp-image-21505 avia-img-lazy-loading-not-21505 avia_image' src=\"https:\/\/radiorevelacionfm.cl\/wp-content\/uploads\/2022\/09\/mate_Amargo_01-1-1.jpg\" alt='' title='mate_Amargo_01 (1) (1)' height=\"600\" width=\"1067\"  itemprop=\"thumbnailUrl\" srcset=\"https:\/\/radiorevelacionfm.cl\/wp-content\/uploads\/2022\/09\/mate_Amargo_01-1-1.jpg 1067w, https:\/\/radiorevelacionfm.cl\/wp-content\/uploads\/2022\/09\/mate_Amargo_01-1-1-300x169.jpg 300w, https:\/\/radiorevelacionfm.cl\/wp-content\/uploads\/2022\/09\/mate_Amargo_01-1-1-1030x579.jpg 1030w, https:\/\/radiorevelacionfm.cl\/wp-content\/uploads\/2022\/09\/mate_Amargo_01-1-1-768x432.jpg 768w, https:\/\/radiorevelacionfm.cl\/wp-content\/uploads\/2022\/09\/mate_Amargo_01-1-1-705x396.jpg 705w, https:\/\/radiorevelacionfm.cl\/wp-content\/uploads\/2022\/09\/mate_Amargo_01-1-1-600x337.jpg 600w\" sizes=\"(max-width: 1067px) 100vw, 1067px\" \/><\/div><\/div><\/div><\/div><div class=\"flex_column av_one_full  flex_column_div av-zero-column-padding first  avia-builder-el-2  el_after_av_one_full  el_before_av_one_full  column-top-margin\" style='border-radius:0px; '><section class=\"av_textblock_section \"  itemscope=\"itemscope\" itemtype=\"https:\/\/schema.org\/BlogPosting\" itemprop=\"blogPost\" ><div class='avia_textblock  '   itemprop=\"text\" ><p style=\"text-align: center;\"><strong><span style=\"font-size: 18pt;\">Documentales de la Patagonia representar\u00e1n a Chile en Festival Internacional de Cine a realizarse en M\u00e9xico<\/span><\/strong><\/p>\n<div id=\"gtx-trans\" style=\"position: absolute; left: -50px; top: 4.31534px;\">\n<div class=\"gtx-trans-icon\"><\/div>\n<\/div>\n<\/div><\/section><\/div><div class=\"flex_column av_one_full  flex_column_div av-zero-column-padding first  avia-builder-el-4  el_after_av_one_full  el_before_av_hr  column-top-margin\" style='border-radius:0px; '><section class=\"av_textblock_section \"  itemscope=\"itemscope\" itemtype=\"https:\/\/schema.org\/BlogPosting\" itemprop=\"blogPost\" ><div class='avia_textblock  '   itemprop=\"text\" ><div>\n<p class=\"v1MsoNormal\" style=\"text-align: justify;\"><span lang=\"ES\" style=\"font-size: 12pt;\">El crecimiento del sector audiovisual en las regiones de Chile ha sido ascendente, rico en matices y nuevos proyectos. Estas creaciones han recibido el reconocimiento desde diversas organizaciones y festivales internacionales, lo que hace que los trabajos de realizadores regionales traspasen las fronteras del pa\u00eds.<\/span><\/p>\n<p class=\"v1MsoNormal\" style=\"text-align: justify;\"><span style=\"font-size: 12pt;\"><span lang=\"ES\">Es entonces que los documentales; <\/span><span lang=\"ES-TRAD\">Letras de la Patagonia, Mate Amargo y Jinete<\/span><span lang=\"ES-TRAD\">, trabajo cinematogr\u00e1fico realizado por el documentalistas Gerardo Quezada Richards y el Productor ejecutivo V\u00edctor Hugo G\u00f3mez S\u00e1nchez, fueron seleccionados para participar en el Festival de Cine de M\u00e9xico, <\/span><span lang=\"ES\"><a href=\"https:\/\/www.facebook.com\/AFIC2022\/?__cft__%5B0%5D=AZVkYWzReyZFI4eC-krSCbC5TEE_MxG5C7BNaffonmRZ1KTSbVZqkQZ8Zm9a_E37ZM4wmhO1IOOdSO6nCRI6up05H0IklhBmBECoKoYjpHd-wlq494En07JsgwHE2ndZx-v4UaR1v38Do1VCfYS63gnI&amp;__tn__=-UC%2CP-R\" target=\"_blank\" rel=\"noopener noreferrer\"><b><span lang=\"ES-TRAD\">Apatzing\u00e1n\u00a0Festival\u00a0Internacional\u00a0de\u00a0Cine\u00a0AFIC<\/span><\/b><\/a><\/span><span lang=\"ES-TRAD\">. <\/span><\/span><\/p>\n<p class=\"v1MsoNormal\" style=\"text-align: justify;\"><span style=\"font-size: 12pt;\"><span lang=\"ES-TRAD\">La competencia de cortometraje documental Internacional y el <\/span><span lang=\"ES\">Festival de Cine de M\u00e9xico I LAB FILMS, en Quer\u00e9taro, se realizar\u00e1 entre el <\/span><span lang=\"ES-TRAD\">8 al 12\u00a0 de\u00a0septiembre del 2022\u00a0en\u00a0la\u00a0ciudad\u00a0de\u00a0<\/span><span lang=\"ES\"><a href=\"https:\/\/www.facebook.com\/AFIC2022\/?__cft__%5B0%5D=AZVkYWzReyZFI4eC-krSCbC5TEE_MxG5C7BNaffonmRZ1KTSbVZqkQZ8Zm9a_E37ZM4wmhO1IOOdSO6nCRI6up05H0IklhBmBECoKoYjpHd-wlq494En07JsgwHE2ndZx-v4UaR1v38Do1VCfYS63gnI&amp;__tn__=-UC%2CP-R\" target=\"_blank\" rel=\"noopener noreferrer\"><span lang=\"ES-TRAD\">Apatzing\u00e1n<\/span><\/a><\/span><span lang=\"ES-TRAD\">\u00a0<\/span><span lang=\"ES-TRAD\">de\u00a0la\u00a0Constituci\u00f3n del estado de Michoac\u00e1n de Ocampo, M\u00e9xico.<\/span><\/span><\/p>\n<p><span style=\"font-size: 12pt;\">Conoce el documental en el siguiente enlace:<\/span><\/p>\n<\/div>\n<div><span style=\"font-size: large;\"><span style=\"font-size: 12pt;\"><a href=\"https:\/\/drive.google.com\/file\/d\/1iu86a0USpCKCjnU-MZMJ8wFtfTddEvcO\/view?usp=sharing\" target=\"_blank\" rel=\"noopener noreferrer\">https:\/\/drive.google.com\/file\/d\/1iu86a0USpCKCjnU-MZMJ8wFtfTddEvcO\/view?usp=sharing<\/a><\/span><br \/>\n<\/span><\/div>\n<\/div><\/section><\/div><div  style='height:50px' class='hr hr-invisible   avia-builder-el-6  el_after_av_one_full  el_before_av_social_share '><span class='hr-inner ' ><span class='hr-inner-style'><\/span><\/span><\/div><\/p>\n<div  class='av-social-sharing-box  avia-builder-el-7  el_after_av_hr  el_before_av_hr  '><div class='av-share-box'><h5 class='av-share-link-description av-no-toc '>Compartir esta noticia<\/h5><ul class='av-share-box-list noLightbox'><li class='av-share-link av-social-link-facebook' ><a target=\"_blank\" aria-label=\"Compartir en Facebook\" href='https:\/\/www.facebook.com\/sharer.php?u=https:\/\/radiorevelacionfm.cl\/?p=21504&#038;t=Documentales%20de%20la%20Patagonia%20representar%C3%A1n%20a%20Chile%20en%20Festival%20Internacional%20de%20Cine%20a%20realizarse%20en%20M%C3%A9xico' aria-hidden='false' data-av_icon='\ue8f3' data-av_iconfont='entypo-fontello' title='' data-avia-related-tooltip='Compartir en Facebook' rel=\"noopener\"><span class='avia_hidden_link_text'>Compartir en Facebook<\/span><\/a><\/li><li class='av-share-link av-social-link-twitter' ><a target=\"_blank\" aria-label=\"Compartir en Twitter\" href='https:\/\/twitter.com\/share?text=Documentales%20de%20la%20Patagonia%20representar%C3%A1n%20a%20Chile%20en%20Festival%20Internacional%20de%20Cine%20a%20realizarse%20en%20M%C3%A9xico&#038;url=https:\/\/radiorevelacionfm.cl\/?p=21504' aria-hidden='false' data-av_icon='\ue8f1' data-av_iconfont='entypo-fontello' title='' data-avia-related-tooltip='Compartir en Twitter' rel=\"noopener\"><span class='avia_hidden_link_text'>Compartir en Twitter<\/span><\/a><\/li><li class='av-share-link av-social-link-whatsapp' ><a target=\"_blank\" aria-label=\"Compartir en Whatsapp\" href='https:\/\/api.whatsapp.com\/send?text=https:\/\/radiorevelacionfm.cl\/?p=21504' aria-hidden='false' data-av_icon='\uf232' data-av_iconfont='entypo-fontello' title='' data-avia-related-tooltip='Compartir en Whatsapp' rel=\"noopener\"><span class='avia_hidden_link_text'>Compartir en Whatsapp<\/span><\/a><\/li><li class='av-share-link av-social-link-linkedin' ><a target=\"_blank\" aria-label=\"Compartir en LinkedIn\" href='https:\/\/linkedin.com\/shareArticle?mini=true&#038;title=Documentales%20de%20la%20Patagonia%20representar%C3%A1n%20a%20Chile%20en%20Festival%20Internacional%20de%20Cine%20a%20realizarse%20en%20M%C3%A9xico&#038;url=https:\/\/radiorevelacionfm.cl\/?p=21504' aria-hidden='false' data-av_icon='\ue8fc' data-av_iconfont='entypo-fontello' title='' data-avia-related-tooltip='Compartir en LinkedIn' rel=\"noopener\"><span class='avia_hidden_link_text'>Compartir en LinkedIn<\/span><\/a><\/li><li class='av-share-link av-social-link-mail' ><a  aria-label=\"Compartir por correo\" href='mailto:?subject=Documentales%20de%20la%20Patagonia%20representar%C3%A1n%20a%20Chile%20en%20Festival%20Internacional%20de%20Cine%20a%20realizarse%20en%20M%C3%A9xico&#038;body=https:\/\/radiorevelacionfm.cl\/?p=21504' aria-hidden='false' data-av_icon='\ue805' data-av_iconfont='entypo-fontello' title='' data-avia-related-tooltip='Compartir por correo'><span class='avia_hidden_link_text'>Compartir por correo<\/span><\/a><\/li><\/ul><\/div><\/div>\n<div  style='height:50px' class='hr hr-invisible   avia-builder-el-8  el_after_av_social_share  el_before_av_comments_list '><span class='hr-inner ' ><span class='hr-inner-style'><\/span><\/span><\/div>\n<div  class='av-buildercomment  av-blog-meta-html-info-disabled av-blog-meta-tag-disabled  '><\/div>\n","protected":false},"excerpt":{"rendered":"","protected":false},"author":1,"featured_media":21505,"comment_status":"open","ping_status":"open","sticky":false,"template":"","format":"standard","meta":{"footnotes":""},"categories":[42],"tags":[],"class_list":["post-21504","post","type-post","status-publish","format-standard","has-post-thumbnail","hentry","category-cine"],"jetpack_featured_media_url":"https:\/\/radiorevelacionfm.cl\/wp-content\/uploads\/2022\/09\/mate_Amargo_01-1-1.jpg","_links":{"self":[{"href":"https:\/\/radiorevelacionfm.cl\/index.php?rest_route=\/wp\/v2\/posts\/21504","targetHints":{"allow":["GET"]}}],"collection":[{"href":"https:\/\/radiorevelacionfm.cl\/index.php?rest_route=\/wp\/v2\/posts"}],"about":[{"href":"https:\/\/radiorevelacionfm.cl\/index.php?rest_route=\/wp\/v2\/types\/post"}],"author":[{"embeddable":true,"href":"https:\/\/radiorevelacionfm.cl\/index.php?rest_route=\/wp\/v2\/users\/1"}],"replies":[{"embeddable":true,"href":"https:\/\/radiorevelacionfm.cl\/index.php?rest_route=%2Fwp%2Fv2%2Fcomments&post=21504"}],"version-history":[{"count":2,"href":"https:\/\/radiorevelacionfm.cl\/index.php?rest_route=\/wp\/v2\/posts\/21504\/revisions"}],"predecessor-version":[{"id":21510,"href":"https:\/\/radiorevelacionfm.cl\/index.php?rest_route=\/wp\/v2\/posts\/21504\/revisions\/21510"}],"wp:featuredmedia":[{"embeddable":true,"href":"https:\/\/radiorevelacionfm.cl\/index.php?rest_route=\/wp\/v2\/media\/21505"}],"wp:attachment":[{"href":"https:\/\/radiorevelacionfm.cl\/index.php?rest_route=%2Fwp%2Fv2%2Fmedia&parent=21504"}],"wp:term":[{"taxonomy":"category","embeddable":true,"href":"https:\/\/radiorevelacionfm.cl\/index.php?rest_route=%2Fwp%2Fv2%2Fcategories&post=21504"},{"taxonomy":"post_tag","embeddable":true,"href":"https:\/\/radiorevelacionfm.cl\/index.php?rest_route=%2Fwp%2Fv2%2Ftags&post=21504"}],"curies":[{"name":"wp","href":"https:\/\/api.w.org\/{rel}","templated":true}]}}