{"id":21500,"date":"2022-09-06T19:10:26","date_gmt":"2022-09-06T22:10:26","guid":{"rendered":"https:\/\/radiorevelacionfm.cl\/?p=21500"},"modified":"2022-09-06T19:10:26","modified_gmt":"2022-09-06T22:10:26","slug":"seremi-de-culturas-aysen-lanza-concurso-de-rimas","status":"publish","type":"post","link":"https:\/\/radiorevelacionfm.cl\/?p=21500","title":{"rendered":"Seremi de Culturas Ays\u00e9n lanza Concurso de Rimas"},"content":{"rendered":"<div class=\"flex_column av_one_full  flex_column_div av-zero-column-padding first  avia-builder-el-0  el_before_av_one_full  avia-builder-el-first  \" style='border-radius:0px; '><div  class='avia-image-container  av-styling-    avia-builder-el-1  avia-builder-el-no-sibling  avia-align-center '  itemprop=\"image\" itemscope=\"itemscope\" itemtype=\"https:\/\/schema.org\/ImageObject\"  ><div class='avia-image-container-inner'><div class='avia-image-overlay-wrap'><img decoding=\"async\" class='wp-image-21501 avia-img-lazy-loading-not-21501 avia_image' src=\"https:\/\/radiorevelacionfm.cl\/wp-content\/uploads\/2022\/09\/concurso-rimas-aysen-2022-1-1.jpg\" alt='' title='concurso rimas aysen 2022 (1) (1)' height=\"600\" width=\"600\"  itemprop=\"thumbnailUrl\" srcset=\"https:\/\/radiorevelacionfm.cl\/wp-content\/uploads\/2022\/09\/concurso-rimas-aysen-2022-1-1.jpg 600w, https:\/\/radiorevelacionfm.cl\/wp-content\/uploads\/2022\/09\/concurso-rimas-aysen-2022-1-1-300x300.jpg 300w, https:\/\/radiorevelacionfm.cl\/wp-content\/uploads\/2022\/09\/concurso-rimas-aysen-2022-1-1-80x80.jpg 80w, https:\/\/radiorevelacionfm.cl\/wp-content\/uploads\/2022\/09\/concurso-rimas-aysen-2022-1-1-36x36.jpg 36w, https:\/\/radiorevelacionfm.cl\/wp-content\/uploads\/2022\/09\/concurso-rimas-aysen-2022-1-1-180x180.jpg 180w, https:\/\/radiorevelacionfm.cl\/wp-content\/uploads\/2022\/09\/concurso-rimas-aysen-2022-1-1-100x100.jpg 100w\" sizes=\"(max-width: 600px) 100vw, 600px\" \/><\/div><\/div><\/div><\/div><div class=\"flex_column av_one_full  flex_column_div av-zero-column-padding first  avia-builder-el-2  el_after_av_one_full  el_before_av_one_full  column-top-margin\" style='border-radius:0px; '><section class=\"av_textblock_section \"  itemscope=\"itemscope\" itemtype=\"https:\/\/schema.org\/BlogPosting\" itemprop=\"blogPost\" ><div class='avia_textblock  '   itemprop=\"text\" ><p style=\"text-align: center;\"><span style=\"font-size: 18pt;\"><b>Seremi de Culturas Ays\u00e9n lanza Concurso de Rimas<\/b><\/span><\/p>\n<div id=\"gtx-trans\" style=\"position: absolute; left: -50px; top: 4.31534px;\">\n<div class=\"gtx-trans-icon\"><\/div>\n<\/div>\n<\/div><\/section><\/div><div class=\"flex_column av_one_full  flex_column_div av-zero-column-padding first  avia-builder-el-4  el_after_av_one_full  el_before_av_hr  column-top-margin\" style='border-radius:0px; '><section class=\"av_textblock_section \"  itemscope=\"itemscope\" itemtype=\"https:\/\/schema.org\/BlogPosting\" itemprop=\"blogPost\" ><div class='avia_textblock  '   itemprop=\"text\" ><p class=\"v1p5\" style=\"text-align: justify;\">Con \u00e1nimo dieciochero, la Secretar\u00eda Regional Ministerial de las Culturas, las Artes y el Patrimonio Regi\u00f3n de Ays\u00e9n, lanz\u00f3 su Primer Concurso de Rimas. Cuartetas Ays\u00e9n 2022, que invita a las y los creativos del territorio aysenino a echar a volar la imaginaci\u00f3n y publicar sus rimas en Instagram con el #RimasAys\u00e9n2022 y etiquetar a @culturasaysen.<\/p>\n<p class=\"v1p5\" style=\"text-align: justify;\">Habr\u00e1 dos categor\u00edas: ni\u00f1os, ni\u00f1as y adolescentes; y adultos y adultas.<\/p>\n<p class=\"v1p5\" style=\"text-align: justify;\">El seremi de Culturas Ays\u00e9n, Felipe Quiroz, explic\u00f3 que \u00abse trata de un concurso con ciertas reglas que tienen que ver con la m\u00e9trica octos\u00edlaba y las estructuras de las cuartetas que est\u00e1n explicadas en las bases del concurso que ya pueden revisar en cultura.gob.cl\/aysen y en nuestras redes sociales\u00bb.<\/p>\n<p class=\"v1p5\" style=\"text-align: justify;\">El jurado del Primer Concurso de Rimas, Cuartetas Ays\u00e9n 2022 est\u00e1 compuesto por la gestora cultural y profesora de Historia y Geograf\u00eda de nuestra regi\u00f3n, Marcela Cruces; el director regional de Patrimonio Cultural, Jos\u00e9 Mansilla; y el periodista, escritor y experto en rimase Lautaro Mu\u00f1oz.<\/p>\n<p class=\"v1p5\" style=\"text-align: justify;\">Marcela Cruces manifest\u00f3 su alegr\u00eda por integrar el jurado y extendi\u00f3 la invitaci\u00f3n: \u00abEstoy muy contenta de la invitaci\u00f3n a ser parte del jurado del Primer Concurso de Rimas. Cuartetas Ays\u00e9n 2022. Como aysenina, creo que es una oportunidad para darle un sentido identitario patag\u00f3n al mes en que celebramos a nuestra patria. Por eso las y los invito a participar de este hermoso concurso\u00bb.<\/p>\n<p class=\"v1p5\" style=\"text-align: justify;\">Apelando al fomento lector, los premios son interesantes t\u00edtulos de autores y autoras regionales, entre los que se incluyen publicaciones de Fabi\u00e1n Espa\u00f1a, Raquel B\u00f3rquez y Catalina Mekisa.<\/p>\n<p class=\"v1p5\" style=\"text-align: justify;\">El concurso ya est\u00e1 abierto y cierra el lunes 26 de septiembre.<\/p>\n<\/div><\/section><\/div><div  style='height:50px' class='hr hr-invisible   avia-builder-el-6  el_after_av_one_full  el_before_av_social_share '><span class='hr-inner ' ><span class='hr-inner-style'><\/span><\/span><\/div><\/p>\n<div  class='av-social-sharing-box  avia-builder-el-7  el_after_av_hr  el_before_av_hr  '><div class='av-share-box'><h5 class='av-share-link-description av-no-toc '>Compartir esta noticia<\/h5><ul class='av-share-box-list noLightbox'><li class='av-share-link av-social-link-facebook' ><a target=\"_blank\" aria-label=\"Compartir en Facebook\" href='https:\/\/www.facebook.com\/sharer.php?u=https:\/\/radiorevelacionfm.cl\/?p=21500&#038;t=Seremi%20de%20Culturas%20Ays%C3%A9n%20lanza%20Concurso%20de%20Rimas' aria-hidden='false' data-av_icon='\ue8f3' data-av_iconfont='entypo-fontello' title='' data-avia-related-tooltip='Compartir en Facebook' rel=\"noopener\"><span class='avia_hidden_link_text'>Compartir en Facebook<\/span><\/a><\/li><li class='av-share-link av-social-link-twitter' ><a target=\"_blank\" aria-label=\"Compartir en Twitter\" href='https:\/\/twitter.com\/share?text=Seremi%20de%20Culturas%20Ays%C3%A9n%20lanza%20Concurso%20de%20Rimas&#038;url=https:\/\/radiorevelacionfm.cl\/?p=21500' aria-hidden='false' data-av_icon='\ue8f1' data-av_iconfont='entypo-fontello' title='' data-avia-related-tooltip='Compartir en Twitter' rel=\"noopener\"><span class='avia_hidden_link_text'>Compartir en Twitter<\/span><\/a><\/li><li class='av-share-link av-social-link-whatsapp' ><a target=\"_blank\" aria-label=\"Compartir en Whatsapp\" href='https:\/\/api.whatsapp.com\/send?text=https:\/\/radiorevelacionfm.cl\/?p=21500' aria-hidden='false' data-av_icon='\uf232' data-av_iconfont='entypo-fontello' title='' data-avia-related-tooltip='Compartir en Whatsapp' rel=\"noopener\"><span class='avia_hidden_link_text'>Compartir en Whatsapp<\/span><\/a><\/li><li class='av-share-link av-social-link-linkedin' ><a target=\"_blank\" aria-label=\"Compartir en LinkedIn\" href='https:\/\/linkedin.com\/shareArticle?mini=true&#038;title=Seremi%20de%20Culturas%20Ays%C3%A9n%20lanza%20Concurso%20de%20Rimas&#038;url=https:\/\/radiorevelacionfm.cl\/?p=21500' aria-hidden='false' data-av_icon='\ue8fc' data-av_iconfont='entypo-fontello' title='' data-avia-related-tooltip='Compartir en LinkedIn' rel=\"noopener\"><span class='avia_hidden_link_text'>Compartir en LinkedIn<\/span><\/a><\/li><li class='av-share-link av-social-link-mail' ><a  aria-label=\"Compartir por correo\" href='mailto:?subject=Seremi%20de%20Culturas%20Ays%C3%A9n%20lanza%20Concurso%20de%20Rimas&#038;body=https:\/\/radiorevelacionfm.cl\/?p=21500' aria-hidden='false' data-av_icon='\ue805' data-av_iconfont='entypo-fontello' title='' data-avia-related-tooltip='Compartir por correo'><span class='avia_hidden_link_text'>Compartir por correo<\/span><\/a><\/li><\/ul><\/div><\/div>\n<div  style='height:50px' class='hr hr-invisible   avia-builder-el-8  el_after_av_social_share  el_before_av_comments_list '><span class='hr-inner ' ><span class='hr-inner-style'><\/span><\/span><\/div>\n<div  class='av-buildercomment  av-blog-meta-html-info-disabled av-blog-meta-tag-disabled  '><\/div>\n","protected":false},"excerpt":{"rendered":"","protected":false},"author":1,"featured_media":21501,"comment_status":"open","ping_status":"open","sticky":false,"template":"","format":"standard","meta":{"footnotes":""},"categories":[52],"tags":[],"class_list":["post-21500","post","type-post","status-publish","format-standard","has-post-thumbnail","hentry","category-cultura"],"jetpack_featured_media_url":"https:\/\/radiorevelacionfm.cl\/wp-content\/uploads\/2022\/09\/concurso-rimas-aysen-2022-1-1.jpg","_links":{"self":[{"href":"https:\/\/radiorevelacionfm.cl\/index.php?rest_route=\/wp\/v2\/posts\/21500","targetHints":{"allow":["GET"]}}],"collection":[{"href":"https:\/\/radiorevelacionfm.cl\/index.php?rest_route=\/wp\/v2\/posts"}],"about":[{"href":"https:\/\/radiorevelacionfm.cl\/index.php?rest_route=\/wp\/v2\/types\/post"}],"author":[{"embeddable":true,"href":"https:\/\/radiorevelacionfm.cl\/index.php?rest_route=\/wp\/v2\/users\/1"}],"replies":[{"embeddable":true,"href":"https:\/\/radiorevelacionfm.cl\/index.php?rest_route=%2Fwp%2Fv2%2Fcomments&post=21500"}],"version-history":[{"count":2,"href":"https:\/\/radiorevelacionfm.cl\/index.php?rest_route=\/wp\/v2\/posts\/21500\/revisions"}],"predecessor-version":[{"id":21503,"href":"https:\/\/radiorevelacionfm.cl\/index.php?rest_route=\/wp\/v2\/posts\/21500\/revisions\/21503"}],"wp:featuredmedia":[{"embeddable":true,"href":"https:\/\/radiorevelacionfm.cl\/index.php?rest_route=\/wp\/v2\/media\/21501"}],"wp:attachment":[{"href":"https:\/\/radiorevelacionfm.cl\/index.php?rest_route=%2Fwp%2Fv2%2Fmedia&parent=21500"}],"wp:term":[{"taxonomy":"category","embeddable":true,"href":"https:\/\/radiorevelacionfm.cl\/index.php?rest_route=%2Fwp%2Fv2%2Fcategories&post=21500"},{"taxonomy":"post_tag","embeddable":true,"href":"https:\/\/radiorevelacionfm.cl\/index.php?rest_route=%2Fwp%2Fv2%2Ftags&post=21500"}],"curies":[{"name":"wp","href":"https:\/\/api.w.org\/{rel}","templated":true}]}}