{"id":2150,"date":"2021-01-27T17:49:55","date_gmt":"2021-01-27T20:49:55","guid":{"rendered":"https:\/\/radiorevelacionfm.cl\/?p=2150"},"modified":"2021-01-27T17:49:55","modified_gmt":"2021-01-27T20:49:55","slug":"alcalde-ibarra-expuso-a-intendenta-proyectos-que-esperan-respaldo-del-ejecutivo","status":"publish","type":"post","link":"https:\/\/radiorevelacionfm.cl\/?p=2150","title":{"rendered":"Alcalde Ibarra expuso a Intendenta proyectos que esperan respaldo del ejecutivo"},"content":{"rendered":"<div class=\"flex_column av_one_full  flex_column_div av-zero-column-padding first  avia-builder-el-0  el_before_av_one_full  avia-builder-el-first  \" style='border-radius:0px; '><div  class='avia-image-container  av-styling-    avia-builder-el-1  avia-builder-el-no-sibling  avia-align-center '  itemprop=\"image\" itemscope=\"itemscope\" itemtype=\"https:\/\/schema.org\/ImageObject\"  ><div class='avia-image-container-inner'><div class='avia-image-overlay-wrap'><img decoding=\"async\" class='wp-image-0 avia-img-lazy-loading-not-0 avia_image' src=\"https:\/\/radiorevelacionfm.cl\/wp-content\/uploads\/2021\/01\/ALCALDE-INTENDENTA-2-1-scaled.jpg\" alt='' title=''   itemprop=\"thumbnailUrl\"  \/><\/div><\/div><\/div><\/div><div class=\"flex_column av_one_full  flex_column_div av-zero-column-padding first  avia-builder-el-2  el_after_av_one_full  el_before_av_one_full  column-top-margin\" style='border-radius:0px; '><section class=\"av_textblock_section \"  itemscope=\"itemscope\" itemtype=\"https:\/\/schema.org\/BlogPosting\" itemprop=\"blogPost\" ><div class='avia_textblock  '   itemprop=\"text\" ><p style=\"text-align: center;\"><span style=\"font-size: 18pt;\"><strong>Alcalde Ibarra expuso a Intendenta proyectos que esperan respaldo del ejecutivo<\/strong><\/span><\/p>\n<div id=\"gtx-trans\" style=\"position: absolute; left: -50px; top: 4.31534px;\">\n<div class=\"gtx-trans-icon\"><\/div>\n<\/div>\n<\/div><\/section><\/div><div class=\"flex_column av_one_full  flex_column_div av-zero-column-padding first  avia-builder-el-4  el_after_av_one_full  el_before_av_hr  column-top-margin\" style='border-radius:0px; '><section class=\"av_textblock_section \"  itemscope=\"itemscope\" itemtype=\"https:\/\/schema.org\/BlogPosting\" itemprop=\"blogPost\" ><div class='avia_textblock  '   itemprop=\"text\" ><p style=\"text-align: justify;\"><span style=\"font-size: 12pt;\">El jefe comunal puso en valor la disposici\u00f3n al di\u00e1logo y a colaborar por parte de la Intendenta, en las iniciativas que esperan priorizaci\u00f3n y financiamiento del Gobierno Regional<strong>.<\/strong><\/span><\/p>\n<p style=\"text-align: justify;\"><span style=\"font-size: 12pt;\">En la capital regional se llev\u00f3 a cabo la primera reuni\u00f3n entre el Alcalde Ricardo Ibarra y la nueva Intendenta Margarita Ossa, encuentro en el que tambi\u00e9n participaron la jefa de Secplac Claudia Poveda, el encargado de cultura Cristian Saldia y profesionales del Gobierno Regional de Ays\u00e9n.<\/span><\/p>\n<p style=\"text-align: justify;\"><span style=\"font-size: 12pt;\">En la ocasi\u00f3n el edil plante\u00f3 los principales requerimientos de la comuna a la representante del Gobierno en la regi\u00f3n, dialogo que puso en valor la autoridad comunal.<\/span><\/p>\n<p style=\"text-align: justify;\"><span style=\"font-size: 12pt;\">\u201cAgradecer la predisposici\u00f3n de la Intendenta en recibirnos, una reuni\u00f3n muy franca pero tambi\u00e9n muy amable, muy cordial, en el sentido de poder exponer cual es la realidad en t\u00e9rminos de inversi\u00f3n y de proyectos que tenemos en el Gobierno Regional principalmente y cuales son las demandas que tiene la comuna de Chile Chico. En ese contexto, nos vamos muy conformes de la predisposici\u00f3n que tiene la Intendenta para conversar, establecer un dialogo con el Alcalde, que es el representante de la comunidad y a su vez buscar caminos de soluci\u00f3n\u201d, mencion\u00f3 el Alcalde Ibarra.<\/span><\/p>\n<p style=\"text-align: justify;\"><span style=\"font-size: 12pt;\">El Alcalde de la comuna de Chile Chico, Ricardo Ibarra, tambi\u00e9n expuso a la primera autoridad regional, la importancia de avanzar en proyectos que son de suma importancia para la zona, algunos que t\u00e9cnicamente ya se encuentran aprobados y que han esperado por a\u00f1os el apoyo para su financiamiento. \u201cHoy hemos puesto en cartera todo lo que significan algunos proyectos que tienen bastante tiempo de espera con las unidades que componen el Gobierno Regional, espec\u00edficamente en lo que es el financiamiento. Nos han dado los pasos a seguir y esperamos que podamos tener durante los pr\u00f3ximos meses respuestas favorables y as\u00ed obtener los recursos para esta iniciativas\u201d.<\/span><\/p>\n<p style=\"text-align: justify;\"><span style=\"font-size: 12pt;\">Por su parte, la Intendenta Margarita Ossa, igualmente destac\u00f3 la cordialidad de la reuni\u00f3n sostenida con el Alcalde Ibarra.<\/span><\/p>\n<p style=\"text-align: justify;\"><span style=\"font-size: 12pt;\">\u201cAgradecerle al Alcalde que se haya acercado hasta Coyhaique, para poder conversar tal como lo se\u00f1ala \u00e9l, en una conversaci\u00f3n agradable, donde pudimos revisar diferentes proyectos que est\u00e1n priorizados o que es necesario priorizar. Pero sobre todo, lo m\u00e1s importante de esta reuni\u00f3n es que debemos sostener con continuidad con los Alcaldes, poder comunicar lo que es prioritario para una comuna y para eso la visi\u00f3n de cada uno de los Alcaldes de la regi\u00f3n es fundamental\u201d.<\/span><\/p>\n<p style=\"text-align: justify;\"><span style=\"font-size: 12pt;\">Finalmente, la Intendenta Margarita Ossa, asegur\u00f3 que esta la disposici\u00f3n del ejecutivo en apoyar y priorizar los proyectos que vayan en beneficio de la comunidad.<\/span><\/p>\n<\/div><\/section><\/div><div  style='height:50px' class='hr hr-invisible   avia-builder-el-6  el_after_av_one_full  el_before_av_social_share '><span class='hr-inner ' ><span class='hr-inner-style'><\/span><\/span><\/div><\/p>\n<div  class='av-social-sharing-box  avia-builder-el-7  el_after_av_hr  el_before_av_hr  '><div class='av-share-box'><h5 class='av-share-link-description av-no-toc '>Compartir esta noticia<\/h5><ul class='av-share-box-list noLightbox'><li class='av-share-link av-social-link-facebook' ><a target=\"_blank\" aria-label=\"Compartir en Facebook\" href='https:\/\/www.facebook.com\/sharer.php?u=https:\/\/radiorevelacionfm.cl\/?p=2150&#038;t=Alcalde%20Ibarra%20expuso%20a%20Intendenta%20proyectos%20que%20esperan%20respaldo%20del%20ejecutivo' aria-hidden='false' data-av_icon='\ue8f3' data-av_iconfont='entypo-fontello' title='' data-avia-related-tooltip='Compartir en Facebook' rel=\"noopener\"><span class='avia_hidden_link_text'>Compartir en Facebook<\/span><\/a><\/li><li class='av-share-link av-social-link-twitter' ><a target=\"_blank\" aria-label=\"Compartir en Twitter\" href='https:\/\/twitter.com\/share?text=Alcalde%20Ibarra%20expuso%20a%20Intendenta%20proyectos%20que%20esperan%20respaldo%20del%20ejecutivo&#038;url=https:\/\/radiorevelacionfm.cl\/?p=2150' aria-hidden='false' data-av_icon='\ue8f1' data-av_iconfont='entypo-fontello' title='' data-avia-related-tooltip='Compartir en Twitter' rel=\"noopener\"><span class='avia_hidden_link_text'>Compartir en Twitter<\/span><\/a><\/li><li class='av-share-link av-social-link-whatsapp' ><a target=\"_blank\" aria-label=\"Compartir en Whatsapp\" href='https:\/\/api.whatsapp.com\/send?text=https:\/\/radiorevelacionfm.cl\/?p=2150' aria-hidden='false' data-av_icon='\uf232' data-av_iconfont='entypo-fontello' title='' data-avia-related-tooltip='Compartir en Whatsapp' rel=\"noopener\"><span class='avia_hidden_link_text'>Compartir en Whatsapp<\/span><\/a><\/li><li class='av-share-link av-social-link-linkedin' ><a target=\"_blank\" aria-label=\"Compartir en LinkedIn\" href='https:\/\/linkedin.com\/shareArticle?mini=true&#038;title=Alcalde%20Ibarra%20expuso%20a%20Intendenta%20proyectos%20que%20esperan%20respaldo%20del%20ejecutivo&#038;url=https:\/\/radiorevelacionfm.cl\/?p=2150' aria-hidden='false' data-av_icon='\ue8fc' data-av_iconfont='entypo-fontello' title='' data-avia-related-tooltip='Compartir en LinkedIn' rel=\"noopener\"><span class='avia_hidden_link_text'>Compartir en LinkedIn<\/span><\/a><\/li><li class='av-share-link av-social-link-mail' ><a  aria-label=\"Compartir por correo\" href='mailto:?subject=Alcalde%20Ibarra%20expuso%20a%20Intendenta%20proyectos%20que%20esperan%20respaldo%20del%20ejecutivo&#038;body=https:\/\/radiorevelacionfm.cl\/?p=2150' aria-hidden='false' data-av_icon='\ue805' data-av_iconfont='entypo-fontello' title='' data-avia-related-tooltip='Compartir por correo'><span class='avia_hidden_link_text'>Compartir por correo<\/span><\/a><\/li><\/ul><\/div><\/div>\n<div  style='height:50px' class='hr hr-invisible   avia-builder-el-8  el_after_av_social_share  el_before_av_comments_list '><span class='hr-inner ' ><span class='hr-inner-style'><\/span><\/span><\/div>\n<div  class='av-buildercomment  av-blog-meta-html-info-disabled av-blog-meta-tag-disabled  '><\/div>\n","protected":false},"excerpt":{"rendered":"","protected":false},"author":1,"featured_media":0,"comment_status":"open","ping_status":"open","sticky":false,"template":"","format":"standard","meta":{"footnotes":""},"categories":[38],"tags":[],"class_list":["post-2150","post","type-post","status-publish","format-standard","hentry","category-regional"],"jetpack_featured_media_url":"","_links":{"self":[{"href":"https:\/\/radiorevelacionfm.cl\/index.php?rest_route=\/wp\/v2\/posts\/2150","targetHints":{"allow":["GET"]}}],"collection":[{"href":"https:\/\/radiorevelacionfm.cl\/index.php?rest_route=\/wp\/v2\/posts"}],"about":[{"href":"https:\/\/radiorevelacionfm.cl\/index.php?rest_route=\/wp\/v2\/types\/post"}],"author":[{"embeddable":true,"href":"https:\/\/radiorevelacionfm.cl\/index.php?rest_route=\/wp\/v2\/users\/1"}],"replies":[{"embeddable":true,"href":"https:\/\/radiorevelacionfm.cl\/index.php?rest_route=%2Fwp%2Fv2%2Fcomments&post=2150"}],"version-history":[{"count":1,"href":"https:\/\/radiorevelacionfm.cl\/index.php?rest_route=\/wp\/v2\/posts\/2150\/revisions"}],"predecessor-version":[{"id":2152,"href":"https:\/\/radiorevelacionfm.cl\/index.php?rest_route=\/wp\/v2\/posts\/2150\/revisions\/2152"}],"wp:attachment":[{"href":"https:\/\/radiorevelacionfm.cl\/index.php?rest_route=%2Fwp%2Fv2%2Fmedia&parent=2150"}],"wp:term":[{"taxonomy":"category","embeddable":true,"href":"https:\/\/radiorevelacionfm.cl\/index.php?rest_route=%2Fwp%2Fv2%2Fcategories&post=2150"},{"taxonomy":"post_tag","embeddable":true,"href":"https:\/\/radiorevelacionfm.cl\/index.php?rest_route=%2Fwp%2Fv2%2Ftags&post=2150"}],"curies":[{"name":"wp","href":"https:\/\/api.w.org\/{rel}","templated":true}]}}