{"id":21496,"date":"2022-09-06T18:53:19","date_gmt":"2022-09-06T21:53:19","guid":{"rendered":"https:\/\/radiorevelacionfm.cl\/?p=21496"},"modified":"2022-09-06T18:53:19","modified_gmt":"2022-09-06T21:53:19","slug":"seremi-de-bienes-nacionales-las-tomas-no-resuelven-la-crisis-habitacional-y-no-permiten-obtener-la-vivienda-digna","status":"publish","type":"post","link":"https:\/\/radiorevelacionfm.cl\/?p=21496","title":{"rendered":"Seremi de Bienes Nacionales: \u201cLas tomas no resuelven la crisis habitacional y no permiten obtener la vivienda digna\u201d"},"content":{"rendered":"<div class=\"flex_column av_one_full  flex_column_div av-zero-column-padding first  avia-builder-el-0  el_before_av_one_full  avia-builder-el-first  \" style='border-radius:0px; '><div  class='avia-image-container  av-styling-    avia-builder-el-1  avia-builder-el-no-sibling  avia-align-center '  itemprop=\"image\" itemscope=\"itemscope\" itemtype=\"https:\/\/schema.org\/ImageObject\"  ><div class='avia-image-container-inner'><div class='avia-image-overlay-wrap'><img decoding=\"async\" class='wp-image-21497 avia-img-lazy-loading-not-21497 avia_image' src=\"https:\/\/radiorevelacionfm.cl\/wp-content\/uploads\/2022\/09\/IMG-0998-1-1.jpg\" alt='' title='IMG-0998 (1) (1)' height=\"600\" width=\"800\"  itemprop=\"thumbnailUrl\" srcset=\"https:\/\/radiorevelacionfm.cl\/wp-content\/uploads\/2022\/09\/IMG-0998-1-1.jpg 800w, https:\/\/radiorevelacionfm.cl\/wp-content\/uploads\/2022\/09\/IMG-0998-1-1-300x225.jpg 300w, https:\/\/radiorevelacionfm.cl\/wp-content\/uploads\/2022\/09\/IMG-0998-1-1-768x576.jpg 768w, https:\/\/radiorevelacionfm.cl\/wp-content\/uploads\/2022\/09\/IMG-0998-1-1-705x529.jpg 705w, https:\/\/radiorevelacionfm.cl\/wp-content\/uploads\/2022\/09\/IMG-0998-1-1-600x450.jpg 600w\" sizes=\"(max-width: 800px) 100vw, 800px\" \/><\/div><\/div><\/div><\/div><div class=\"flex_column av_one_full  flex_column_div av-zero-column-padding first  avia-builder-el-2  el_after_av_one_full  el_before_av_one_full  column-top-margin\" style='border-radius:0px; '><section class=\"av_textblock_section \"  itemscope=\"itemscope\" itemtype=\"https:\/\/schema.org\/BlogPosting\" itemprop=\"blogPost\" ><div class='avia_textblock  '   itemprop=\"text\" ><p style=\"text-align: center;\"><strong><span style=\"font-size: 18pt;\">Seremi de Bienes Nacionales: \u201cLas tomas no resuelven la crisis habitacional y no permiten obtener la vivienda digna\u201d<\/span><\/strong><\/p>\n<div id=\"gtx-trans\" style=\"position: absolute; left: -50px; top: 4.31534px;\">\n<div class=\"gtx-trans-icon\"><\/div>\n<\/div>\n<\/div><\/section><\/div><div class=\"flex_column av_one_full  flex_column_div av-zero-column-padding first  avia-builder-el-4  el_after_av_one_full  el_before_av_hr  column-top-margin\" style='border-radius:0px; '><section class=\"av_textblock_section \"  itemscope=\"itemscope\" itemtype=\"https:\/\/schema.org\/BlogPosting\" itemprop=\"blogPost\" ><div class='avia_textblock  '   itemprop=\"text\" ><p style=\"text-align: justify;\">Consciente de lo complejo que es abordar a corto plazo la alta demanda habitacional de las comunidades en nuestra regi\u00f3n de Ays\u00e9n, la seremi de Bienes Nacionales, Irina Morend, se mostr\u00f3 preocupada por el aumento de las ocupaciones ilegales de terrenos fiscales que se han registrado en este \u00faltimo tiempo con el fin de dar aparente soluci\u00f3n r\u00e1pida al problema, as\u00ed tambi\u00e9n, la autoridad fue enf\u00e1tica en resaltar que \u201cesta no es la v\u00eda correcta, no resuelve nada\u201d.<\/p>\n<p style=\"text-align: justify;\">Sobre esta frase, la autoridad del ramo quiso precisar que estas acciones se configuran como ilegales, por tanto, quienes deciden realizan tomas se exponen a denuncias e incluso procesos judiciales que no precisamente nacen desde Bienes Nacionales, situaci\u00f3n a la que adem\u00e1s se suma que en nuestra regi\u00f3n existe gran cantidad de terrenos no aptos para la construcci\u00f3n de viviendas que permitan consolidar las condiciones b\u00e1sicas de habitabilidad, lo que posteriormente imposibilita que las personas puedan ser incluso propietarias de los espacios que ocupan.<\/p>\n<p style=\"text-align: justify;\">\u201cVemos un aumento explosivo de ocupaciones ilegales y sin duda estamos preocupados porque esto genera un desorden en nuestro territorio, y adem\u00e1s, cuando estas ocupaciones se consolidan, m\u00e1s adelante, muchas veces como ministerio nos vemos de manos atadas porque por normativa nos es imposible el poder regularizar y esto impide que finalmente uno pueda convertirse en due\u00f1o del terreno ocupado y por tanto, de la casa que se edifica en el mismo espacio\u2026 Esto sabemos que es una acci\u00f3n colateral a la demanda habitacional, pero no por eso podemos permitir pasar a llevar a quienes s\u00ed han decidido organizarse en comit\u00e9s, por ejemplo, y buscar la forma correcta para poder lograr tener su vivienda propia\u201d, coment\u00f3 en primera instancia la secretaria regional.<\/p>\n<p style=\"text-align: justify;\">En ese sentido, Irina Morend se refiri\u00f3 al Plan de Emergencia Habitacional, compromiso recientemente firmado con su par de Vivienda y pol\u00edtica implementada por el Gobierno del Presidente Gabriel Boric, resaltando que ya existe un trabajo coordinado con Seremi del Minvu y Serviu, entidades con las que se ha establecido una mesa t\u00e9cnica de conflictos en com\u00fan y requerimientos. Sobre esa misma l\u00ednea, y consultada por c\u00f3mo se desarrolla el proceso en que Bienes Nacionales dispone terrenos para fines habitacionales, la seremi Irina Morend explic\u00f3 claramente que es la cartera de Vivienda a trav\u00e9s de Serviu la que solicita determinados terrenos pre visualizados y que pueden ser aptos para la proyecci\u00f3n de nuevos complejos habitacionales. \u201cNosotros no trabajamos directamente con los comit\u00e9s pues ese v\u00ednculo t\u00e9cnico es con Serviu quienes nos solicitan los terrenos en base a la demanda ya organizada, es decir, ellos mantienen un catastro de comit\u00e9s que ya se encuentran en etapa de contar con terrenos para preparar sus respectivos proyectos e ingresan una solicitud a Bienes Nacionales, nosotros gestionamos y tramitamos dicha solicitud lo que culmina en una transferencia gratuita a Serviu, entidad que luego trabaja con las entidades patrocinantes\u2026estas transferencias por supuesto que est\u00e1n sujetas a normativa y previendo que las soluciones habitacionales futuras puedan desarrollarse de acuerdo al plano regulador, etc., porque es importante que sigamos creciendo de forma ordenada\u201d, acot\u00f3 la autoridad, resaltando igualmente que los municipios en ese sentido tambi\u00e9n juegan un rol importante, liderar el ordenamiento territorial de sus comunas.<\/p>\n<p style=\"text-align: justify;\"><strong><em>\u201cUna toma no es la forma para obtener la vivienda digna\u201d<\/em><\/strong><\/p>\n<p style=\"text-align: justify;\">As\u00ed precis\u00f3 la seremi de Bienes Nacionales, reforzando en su relato que no solo el problema es la irrupci\u00f3n en el ordenamiento del territorio, sino que, adem\u00e1s en el futuro, muchas de estas ocupaciones ilegales no pueden regularizarse, \u201cen el tiempo que llevo como Seremi me ha tocado ver casos en los que como servicio no podemos regularizar los terrenos ocupados muchas veces por a\u00f1os, muchos de ellos no cumplen con la normativa y adem\u00e1s son viviendas que no pueden acceder a las condiciones b\u00e1sicas como son el agua, la electricidad, gente que se enoja incluso con nuestro ministerio, pero que en el fondo no comprenden que no podemos saltarnos la norma y que hay m\u00e1s actores detr\u00e1s de toda esta demanda que por lo dem\u00e1s es justa\u201d.<\/p>\n<p style=\"text-align: justify;\">Para finalizar, lrina Morend sostuvo que desde el Ministerio no legitiman las ocupaciones ilegales ni las promueven, en tanto, s\u00ed se preocupan por visualizar el caso a caso. \u201cSabemos la necesidad que existe, nos preocupa y estamos trabajando con pol\u00edticas que brinden soluci\u00f3n, lo que no significa que vamos a tolerar, por ejemplo, las segundas viviendas o que algunas personas quieran apoyo para cederles territorio antes que a comit\u00e9s que s\u00ed est\u00e1n organizados y esperando por sus viviendas. Algunos de nuestros principios como Seremi de Bienes Nacionales son transparencia, equidad y justicia social, y en esa l\u00ednea vamos a continuar actuando\u201d, dijo la autoridad regional.<\/p>\n<\/div><\/section><\/div><div  style='height:50px' class='hr hr-invisible   avia-builder-el-6  el_after_av_one_full  el_before_av_social_share '><span class='hr-inner ' ><span class='hr-inner-style'><\/span><\/span><\/div><\/p>\n<div  class='av-social-sharing-box  avia-builder-el-7  el_after_av_hr  el_before_av_hr  '><div class='av-share-box'><h5 class='av-share-link-description av-no-toc '>Compartir esta noticia<\/h5><ul class='av-share-box-list noLightbox'><li class='av-share-link av-social-link-facebook' ><a target=\"_blank\" aria-label=\"Compartir en Facebook\" href='https:\/\/www.facebook.com\/sharer.php?u=https:\/\/radiorevelacionfm.cl\/?p=21496&#038;t=Seremi%20de%20Bienes%20Nacionales%3A%20%E2%80%9CLas%20tomas%20no%20resuelven%20la%20crisis%20habitacional%20y%20no%20permiten%20obtener%20la%20vivienda%20digna%E2%80%9D' aria-hidden='false' data-av_icon='\ue8f3' data-av_iconfont='entypo-fontello' title='' data-avia-related-tooltip='Compartir en Facebook' rel=\"noopener\"><span class='avia_hidden_link_text'>Compartir en Facebook<\/span><\/a><\/li><li class='av-share-link av-social-link-twitter' ><a target=\"_blank\" aria-label=\"Compartir en Twitter\" href='https:\/\/twitter.com\/share?text=Seremi%20de%20Bienes%20Nacionales%3A%20%E2%80%9CLas%20tomas%20no%20resuelven%20la%20crisis%20habitacional%20y%20no%20permiten%20obtener%20la%20vivienda%20digna%E2%80%9D&#038;url=https:\/\/radiorevelacionfm.cl\/?p=21496' aria-hidden='false' data-av_icon='\ue8f1' data-av_iconfont='entypo-fontello' title='' data-avia-related-tooltip='Compartir en Twitter' rel=\"noopener\"><span class='avia_hidden_link_text'>Compartir en Twitter<\/span><\/a><\/li><li class='av-share-link av-social-link-whatsapp' ><a target=\"_blank\" aria-label=\"Compartir en Whatsapp\" href='https:\/\/api.whatsapp.com\/send?text=https:\/\/radiorevelacionfm.cl\/?p=21496' aria-hidden='false' data-av_icon='\uf232' data-av_iconfont='entypo-fontello' title='' data-avia-related-tooltip='Compartir en Whatsapp' rel=\"noopener\"><span class='avia_hidden_link_text'>Compartir en Whatsapp<\/span><\/a><\/li><li class='av-share-link av-social-link-linkedin' ><a target=\"_blank\" aria-label=\"Compartir en LinkedIn\" href='https:\/\/linkedin.com\/shareArticle?mini=true&#038;title=Seremi%20de%20Bienes%20Nacionales%3A%20%E2%80%9CLas%20tomas%20no%20resuelven%20la%20crisis%20habitacional%20y%20no%20permiten%20obtener%20la%20vivienda%20digna%E2%80%9D&#038;url=https:\/\/radiorevelacionfm.cl\/?p=21496' aria-hidden='false' data-av_icon='\ue8fc' data-av_iconfont='entypo-fontello' title='' data-avia-related-tooltip='Compartir en LinkedIn' rel=\"noopener\"><span class='avia_hidden_link_text'>Compartir en LinkedIn<\/span><\/a><\/li><li class='av-share-link av-social-link-mail' ><a  aria-label=\"Compartir por correo\" href='mailto:?subject=Seremi%20de%20Bienes%20Nacionales%3A%20%E2%80%9CLas%20tomas%20no%20resuelven%20la%20crisis%20habitacional%20y%20no%20permiten%20obtener%20la%20vivienda%20digna%E2%80%9D&#038;body=https:\/\/radiorevelacionfm.cl\/?p=21496' aria-hidden='false' data-av_icon='\ue805' data-av_iconfont='entypo-fontello' title='' data-avia-related-tooltip='Compartir por correo'><span class='avia_hidden_link_text'>Compartir por correo<\/span><\/a><\/li><\/ul><\/div><\/div>\n<div  style='height:50px' class='hr hr-invisible   avia-builder-el-8  el_after_av_social_share  el_before_av_comments_list '><span class='hr-inner ' ><span class='hr-inner-style'><\/span><\/span><\/div>\n<div  class='av-buildercomment  av-blog-meta-html-info-disabled av-blog-meta-tag-disabled  '><\/div>\n","protected":false},"excerpt":{"rendered":"","protected":false},"author":1,"featured_media":21497,"comment_status":"open","ping_status":"open","sticky":false,"template":"","format":"standard","meta":{"footnotes":""},"categories":[38],"tags":[],"class_list":["post-21496","post","type-post","status-publish","format-standard","has-post-thumbnail","hentry","category-regional"],"jetpack_featured_media_url":"https:\/\/radiorevelacionfm.cl\/wp-content\/uploads\/2022\/09\/IMG-0998-1-1.jpg","_links":{"self":[{"href":"https:\/\/radiorevelacionfm.cl\/index.php?rest_route=\/wp\/v2\/posts\/21496","targetHints":{"allow":["GET"]}}],"collection":[{"href":"https:\/\/radiorevelacionfm.cl\/index.php?rest_route=\/wp\/v2\/posts"}],"about":[{"href":"https:\/\/radiorevelacionfm.cl\/index.php?rest_route=\/wp\/v2\/types\/post"}],"author":[{"embeddable":true,"href":"https:\/\/radiorevelacionfm.cl\/index.php?rest_route=\/wp\/v2\/users\/1"}],"replies":[{"embeddable":true,"href":"https:\/\/radiorevelacionfm.cl\/index.php?rest_route=%2Fwp%2Fv2%2Fcomments&post=21496"}],"version-history":[{"count":2,"href":"https:\/\/radiorevelacionfm.cl\/index.php?rest_route=\/wp\/v2\/posts\/21496\/revisions"}],"predecessor-version":[{"id":21499,"href":"https:\/\/radiorevelacionfm.cl\/index.php?rest_route=\/wp\/v2\/posts\/21496\/revisions\/21499"}],"wp:featuredmedia":[{"embeddable":true,"href":"https:\/\/radiorevelacionfm.cl\/index.php?rest_route=\/wp\/v2\/media\/21497"}],"wp:attachment":[{"href":"https:\/\/radiorevelacionfm.cl\/index.php?rest_route=%2Fwp%2Fv2%2Fmedia&parent=21496"}],"wp:term":[{"taxonomy":"category","embeddable":true,"href":"https:\/\/radiorevelacionfm.cl\/index.php?rest_route=%2Fwp%2Fv2%2Fcategories&post=21496"},{"taxonomy":"post_tag","embeddable":true,"href":"https:\/\/radiorevelacionfm.cl\/index.php?rest_route=%2Fwp%2Fv2%2Ftags&post=21496"}],"curies":[{"name":"wp","href":"https:\/\/api.w.org\/{rel}","templated":true}]}}