{"id":21492,"date":"2022-09-06T18:40:12","date_gmt":"2022-09-06T21:40:12","guid":{"rendered":"https:\/\/radiorevelacionfm.cl\/?p=21492"},"modified":"2022-09-06T18:40:12","modified_gmt":"2022-09-06T21:40:12","slug":"mesa-intersectorial-de-prevencion-de-violencia-en-poblacion-juvenil-organiza-feria-preventiva","status":"publish","type":"post","link":"https:\/\/radiorevelacionfm.cl\/?p=21492","title":{"rendered":"Mesa Intersectorial de Prevenci\u00f3n de Violencia en Poblaci\u00f3n Juvenil organiza feria preventiva"},"content":{"rendered":"<div class=\"flex_column av_one_full  flex_column_div av-zero-column-padding first  avia-builder-el-0  el_before_av_one_full  avia-builder-el-first  \" style='border-radius:0px; '><div  class='avia-image-container  av-styling-    avia-builder-el-1  avia-builder-el-no-sibling  avia-align-center '  itemprop=\"image\" itemscope=\"itemscope\" itemtype=\"https:\/\/schema.org\/ImageObject\"  ><div class='avia-image-container-inner'><div class='avia-image-overlay-wrap'><img decoding=\"async\" class='wp-image-21493 avia-img-lazy-loading-not-21493 avia_image' src=\"https:\/\/radiorevelacionfm.cl\/wp-content\/uploads\/2022\/09\/feria-preventiva-coyhaique-10-1_optimized.jpg\" alt='' title='feria-preventiva-coyhaique-(10)-(1)_optimized' height=\"600\" width=\"980\"  itemprop=\"thumbnailUrl\" srcset=\"https:\/\/radiorevelacionfm.cl\/wp-content\/uploads\/2022\/09\/feria-preventiva-coyhaique-10-1_optimized.jpg 980w, https:\/\/radiorevelacionfm.cl\/wp-content\/uploads\/2022\/09\/feria-preventiva-coyhaique-10-1_optimized-300x184.jpg 300w, https:\/\/radiorevelacionfm.cl\/wp-content\/uploads\/2022\/09\/feria-preventiva-coyhaique-10-1_optimized-768x470.jpg 768w, https:\/\/radiorevelacionfm.cl\/wp-content\/uploads\/2022\/09\/feria-preventiva-coyhaique-10-1_optimized-705x432.jpg 705w, https:\/\/radiorevelacionfm.cl\/wp-content\/uploads\/2022\/09\/feria-preventiva-coyhaique-10-1_optimized-600x367.jpg 600w\" sizes=\"(max-width: 980px) 100vw, 980px\" \/><\/div><\/div><\/div><\/div><div class=\"flex_column av_one_full  flex_column_div av-zero-column-padding first  avia-builder-el-2  el_after_av_one_full  el_before_av_one_full  column-top-margin\" style='border-radius:0px; '><section class=\"av_textblock_section \"  itemscope=\"itemscope\" itemtype=\"https:\/\/schema.org\/BlogPosting\" itemprop=\"blogPost\" ><div class='avia_textblock  '   itemprop=\"text\" ><p style=\"text-align: center;\"><strong><span style=\"font-size: 18pt;\">Mesa Intersectorial de Prevenci\u00f3n de Violencia en Poblaci\u00f3n Juvenil organiza feria preventiva<\/span><\/strong><\/p>\n<div id=\"gtx-trans\" style=\"position: absolute; left: -50px; top: 4.31534px;\">\n<div class=\"gtx-trans-icon\"><\/div>\n<\/div>\n<\/div><\/section><\/div><div class=\"flex_column av_one_full  flex_column_div av-zero-column-padding first  avia-builder-el-4  el_after_av_one_full  el_before_av_hr  column-top-margin\" style='border-radius:0px; '><section class=\"av_textblock_section \"  itemscope=\"itemscope\" itemtype=\"https:\/\/schema.org\/BlogPosting\" itemprop=\"blogPost\" ><div class='avia_textblock  '   itemprop=\"text\" ><p style=\"font-weight: 400; text-align: justify;\">Sensibilizar y concientizar a la comunidad educativa del Liceo Josefina Aguirre Montenegro, en relaci\u00f3n a la violencia de g\u00e9nero, fue el objetivo de una Feria Preventiva organizada por la Mesa Intersectorial de Prevenci\u00f3n de Violencia en Poblaci\u00f3n Juvenil. En forma adicional, cada una de las instituciones que conforman la red, proporcionaron informaci\u00f3n atingente a este grupo etario. La instancia interinstitucional fue levantada el a\u00f1o 2015 por el Servicio Nacional de la Mujer y la Equidad de G\u00e9nero, SernamEG, junto a la Municipalidad de Coyhaique.<\/p>\n<p style=\"font-weight: 400; text-align: justify;\">La Directora Regional (s) SernamEG, Carla Arriagada Malague\u00f1o, sostuvo que \u201cla Mesa se levanta a partir del programa de Prevenci\u00f3n en Violencia contra las Mujeres que tenemos como Servicio en convenio con la Municipalidad de Coyhaique y busca trabajar de manera mancomunada entre las instituciones que la componen. Adem\u00e1s, participan activamente los programas que tenemos en convenio con el municipio. Esta coordinaci\u00f3n intersectorial busca que sus integrantes organicen actividades que releven la prevenci\u00f3n de la violencia como problem\u00e1tica sociocultural en esta poblaci\u00f3n en espec\u00edfico\u201d.<\/p>\n<p style=\"font-weight: 400; text-align: justify;\">Por su parte, la Administradora Municipal de Coyhaique, Gabriela Retamal Retamal, dijo: \u201ces una actividad importante para nuestro Alcalde, Carlos Gatica Villegas, porque la violencia comienza a muy temprana edad y como Municipio a trav\u00e9s de la DIDECO, Oficina Municipal de la Mujer, Previene y el programa Mujer, Sexualidad y Maternidad estamos tratando de reeducar a las y los j\u00f3venes. Felicitamos a la Mesa intersectorial y agradecer el convenio con el SernamEG, que nos ha permitido trabajar mancomunadamente para mejorar la calidad de vida de las vecinas y vecinos de la comuna\u201d.<\/p>\n<p style=\"font-weight: 400; text-align: justify;\">En tanto, el Director (s) del Liceo Josefina Aguirre Montenegro, Enrique Andr\u00e9s Mart\u00ednez Saavedra, precis\u00f3 que \u201cesta iniciativa responde a un llamado que se hizo de acuerdo a una planificaci\u00f3n que se realiz\u00f3 y las diferentes instituciones vienen a dar a conocer su oferta a las y los usuarios que son el estudiantado y sus familias. En la medida que se den a conocer, ayuda en el aspecto socioemocional de nuestras y nuestros educandos. Si bien somos una instituci\u00f3n cognitiva tambi\u00e9n nos preocupamos por los aspectos socioemocionales de las y los alumnos y esto contribuye de una manera enorme a nuestro trabajo\u201d.<\/p>\n<p style=\"font-weight: 400; text-align: justify;\">Las instituciones que conforman actualmente la Mesa Intersectorial en Prevenci\u00f3n de Violencia en Poblaci\u00f3n Juvenil en la comuna de Coyhaique son el Servicio Nacional de la Mujer y la Equidad de G\u00e9nero; Municipalidad de Coyhaique; Consultorio Alejandro Guti\u00e9rrez; Oficina de Protecci\u00f3n de Derechos de Infancia (OPD); Instituto Nacional de la Juventud Ays\u00e9n (INJUV); Oficina Municipal de la Mujer; Programa de Reparaci\u00f3n y Atenci\u00f3n Integral en Salud (PRAIS); programa de Apoyo a la Salud Mental Infantil; Oficina de Seguridad Ciudadana de la Municipalidad de Coyhaique; Programa de Intervenci\u00f3n Especializada, PIE Coyhaique, Corporaci\u00f3n Opci\u00f3n; Programa de Prevenci\u00f3n Focalizada Cardenal Ra\u00fal Silva Henr\u00edquez (PPF); Secretar\u00eda Regional Ministerial de Salud, Programa Salud Integral del Adolescente; Servicio Nacional para la Prevenci\u00f3n y Rehabilitaci\u00f3n del Consumo de Drogas y Alcohol, programa SENDA PREVIENE Coyhaique; Centro de la Mujer Coyhaique \u201cRay\u00e9n\u201d; Centro de Reeducaci\u00f3n de Hombres que Ejercen Violencia de Pareja; Centro de Apoyo a V\u00edctimas Coyhaique (CAVD); Fundaci\u00f3n para la Promoci\u00f3n y Desarrollo de la Mujer (PRODEMU); Seremi de Desarrollo Social y Familia; Sala de Familia de Carabineros de Chile; Programa Mujer, Sexualidad y Maternidad; y la Unidad Regional de Atenci\u00f3n a las V\u00edctimas y Testigos (URAVIT); y Fiscal\u00eda Regional de Ays\u00e9n.<\/p>\n<\/div><\/section><\/div><div  style='height:50px' class='hr hr-invisible   avia-builder-el-6  el_after_av_one_full  el_before_av_social_share '><span class='hr-inner ' ><span class='hr-inner-style'><\/span><\/span><\/div><\/p>\n<div  class='av-social-sharing-box  avia-builder-el-7  el_after_av_hr  el_before_av_hr  '><div class='av-share-box'><h5 class='av-share-link-description av-no-toc '>Compartir esta noticia<\/h5><ul class='av-share-box-list noLightbox'><li class='av-share-link av-social-link-facebook' ><a target=\"_blank\" aria-label=\"Compartir en Facebook\" href='https:\/\/www.facebook.com\/sharer.php?u=https:\/\/radiorevelacionfm.cl\/?p=21492&#038;t=Mesa%20Intersectorial%20de%20Prevenci%C3%B3n%20de%20Violencia%20en%20Poblaci%C3%B3n%20Juvenil%20organiza%20feria%20preventiva' aria-hidden='false' data-av_icon='\ue8f3' data-av_iconfont='entypo-fontello' title='' data-avia-related-tooltip='Compartir en Facebook' rel=\"noopener\"><span class='avia_hidden_link_text'>Compartir en Facebook<\/span><\/a><\/li><li class='av-share-link av-social-link-twitter' ><a target=\"_blank\" aria-label=\"Compartir en Twitter\" href='https:\/\/twitter.com\/share?text=Mesa%20Intersectorial%20de%20Prevenci%C3%B3n%20de%20Violencia%20en%20Poblaci%C3%B3n%20Juvenil%20organiza%20feria%20preventiva&#038;url=https:\/\/radiorevelacionfm.cl\/?p=21492' aria-hidden='false' data-av_icon='\ue8f1' data-av_iconfont='entypo-fontello' title='' data-avia-related-tooltip='Compartir en Twitter' rel=\"noopener\"><span class='avia_hidden_link_text'>Compartir en Twitter<\/span><\/a><\/li><li class='av-share-link av-social-link-whatsapp' ><a target=\"_blank\" aria-label=\"Compartir en Whatsapp\" href='https:\/\/api.whatsapp.com\/send?text=https:\/\/radiorevelacionfm.cl\/?p=21492' aria-hidden='false' data-av_icon='\uf232' data-av_iconfont='entypo-fontello' title='' data-avia-related-tooltip='Compartir en Whatsapp' rel=\"noopener\"><span class='avia_hidden_link_text'>Compartir en Whatsapp<\/span><\/a><\/li><li class='av-share-link av-social-link-linkedin' ><a target=\"_blank\" aria-label=\"Compartir en LinkedIn\" href='https:\/\/linkedin.com\/shareArticle?mini=true&#038;title=Mesa%20Intersectorial%20de%20Prevenci%C3%B3n%20de%20Violencia%20en%20Poblaci%C3%B3n%20Juvenil%20organiza%20feria%20preventiva&#038;url=https:\/\/radiorevelacionfm.cl\/?p=21492' aria-hidden='false' data-av_icon='\ue8fc' data-av_iconfont='entypo-fontello' title='' data-avia-related-tooltip='Compartir en LinkedIn' rel=\"noopener\"><span class='avia_hidden_link_text'>Compartir en LinkedIn<\/span><\/a><\/li><li class='av-share-link av-social-link-mail' ><a  aria-label=\"Compartir por correo\" href='mailto:?subject=Mesa%20Intersectorial%20de%20Prevenci%C3%B3n%20de%20Violencia%20en%20Poblaci%C3%B3n%20Juvenil%20organiza%20feria%20preventiva&#038;body=https:\/\/radiorevelacionfm.cl\/?p=21492' aria-hidden='false' data-av_icon='\ue805' data-av_iconfont='entypo-fontello' title='' data-avia-related-tooltip='Compartir por correo'><span class='avia_hidden_link_text'>Compartir por correo<\/span><\/a><\/li><\/ul><\/div><\/div>\n<div  style='height:50px' class='hr hr-invisible   avia-builder-el-8  el_after_av_social_share  el_before_av_comments_list '><span class='hr-inner ' ><span class='hr-inner-style'><\/span><\/span><\/div>\n<div  class='av-buildercomment  av-blog-meta-html-info-disabled av-blog-meta-tag-disabled  '><\/div>\n","protected":false},"excerpt":{"rendered":"","protected":false},"author":1,"featured_media":21493,"comment_status":"open","ping_status":"open","sticky":false,"template":"","format":"standard","meta":{"footnotes":""},"categories":[38],"tags":[],"class_list":["post-21492","post","type-post","status-publish","format-standard","has-post-thumbnail","hentry","category-regional"],"jetpack_featured_media_url":"https:\/\/radiorevelacionfm.cl\/wp-content\/uploads\/2022\/09\/feria-preventiva-coyhaique-10-1_optimized.jpg","_links":{"self":[{"href":"https:\/\/radiorevelacionfm.cl\/index.php?rest_route=\/wp\/v2\/posts\/21492","targetHints":{"allow":["GET"]}}],"collection":[{"href":"https:\/\/radiorevelacionfm.cl\/index.php?rest_route=\/wp\/v2\/posts"}],"about":[{"href":"https:\/\/radiorevelacionfm.cl\/index.php?rest_route=\/wp\/v2\/types\/post"}],"author":[{"embeddable":true,"href":"https:\/\/radiorevelacionfm.cl\/index.php?rest_route=\/wp\/v2\/users\/1"}],"replies":[{"embeddable":true,"href":"https:\/\/radiorevelacionfm.cl\/index.php?rest_route=%2Fwp%2Fv2%2Fcomments&post=21492"}],"version-history":[{"count":2,"href":"https:\/\/radiorevelacionfm.cl\/index.php?rest_route=\/wp\/v2\/posts\/21492\/revisions"}],"predecessor-version":[{"id":21495,"href":"https:\/\/radiorevelacionfm.cl\/index.php?rest_route=\/wp\/v2\/posts\/21492\/revisions\/21495"}],"wp:featuredmedia":[{"embeddable":true,"href":"https:\/\/radiorevelacionfm.cl\/index.php?rest_route=\/wp\/v2\/media\/21493"}],"wp:attachment":[{"href":"https:\/\/radiorevelacionfm.cl\/index.php?rest_route=%2Fwp%2Fv2%2Fmedia&parent=21492"}],"wp:term":[{"taxonomy":"category","embeddable":true,"href":"https:\/\/radiorevelacionfm.cl\/index.php?rest_route=%2Fwp%2Fv2%2Fcategories&post=21492"},{"taxonomy":"post_tag","embeddable":true,"href":"https:\/\/radiorevelacionfm.cl\/index.php?rest_route=%2Fwp%2Fv2%2Ftags&post=21492"}],"curies":[{"name":"wp","href":"https:\/\/api.w.org\/{rel}","templated":true}]}}