{"id":21489,"date":"2022-09-06T11:05:19","date_gmt":"2022-09-06T14:05:19","guid":{"rendered":"https:\/\/radiorevelacionfm.cl\/?p=21489"},"modified":"2022-09-06T11:05:19","modified_gmt":"2022-09-06T14:05:19","slug":"senadora-ordenes-sostiene-que-la-ciudadania-se-expreso-en-el-plebiscito-y-dio-una-senal-clara-sobre-el-futuro-del-pais","status":"publish","type":"post","link":"https:\/\/radiorevelacionfm.cl\/?p=21489","title":{"rendered":"Senadora \u00d3rdenes sostiene que la ciudadan\u00eda se expres\u00f3 en el plebiscito y dio una se\u00f1al clara sobre el futuro del pa\u00eds"},"content":{"rendered":"<div class=\"flex_column av_one_full  flex_column_div av-zero-column-padding first  avia-builder-el-0  el_before_av_one_full  avia-builder-el-first  \" style='border-radius:0px; '><div  class='avia-image-container  av-styling-    avia-builder-el-1  avia-builder-el-no-sibling  avia-align-center '  itemprop=\"image\" itemscope=\"itemscope\" itemtype=\"https:\/\/schema.org\/ImageObject\"  ><div class='avia-image-container-inner'><div class='avia-image-overlay-wrap'><img decoding=\"async\" class='wp-image-5350 avia-img-lazy-loading-not-5350 avia_image' src=\"https:\/\/radiorevelacionfm.cl\/wp-content\/uploads\/2021\/06\/SENADORA-ORDENES-1-1.jpg\" alt='' title='SENADORA ORDENES (1) (1)' height=\"600\" width=\"900\"  itemprop=\"thumbnailUrl\" srcset=\"https:\/\/radiorevelacionfm.cl\/wp-content\/uploads\/2021\/06\/SENADORA-ORDENES-1-1.jpg 900w, https:\/\/radiorevelacionfm.cl\/wp-content\/uploads\/2021\/06\/SENADORA-ORDENES-1-1-300x200.jpg 300w, https:\/\/radiorevelacionfm.cl\/wp-content\/uploads\/2021\/06\/SENADORA-ORDENES-1-1-768x512.jpg 768w, https:\/\/radiorevelacionfm.cl\/wp-content\/uploads\/2021\/06\/SENADORA-ORDENES-1-1-705x470.jpg 705w, https:\/\/radiorevelacionfm.cl\/wp-content\/uploads\/2021\/06\/SENADORA-ORDENES-1-1-600x400.jpg 600w\" sizes=\"(max-width: 900px) 100vw, 900px\" \/><\/div><\/div><\/div><\/div><div class=\"flex_column av_one_full  flex_column_div av-zero-column-padding first  avia-builder-el-2  el_after_av_one_full  el_before_av_one_full  column-top-margin\" style='border-radius:0px; '><section class=\"av_textblock_section \"  itemscope=\"itemscope\" itemtype=\"https:\/\/schema.org\/BlogPosting\" itemprop=\"blogPost\" ><div class='avia_textblock  '   itemprop=\"text\" ><p style=\"text-align: center;\"><strong><span style=\"font-size: 18pt;\">Senadora \u00d3rdenes sostiene que la ciudadan\u00eda se expres\u00f3 en el plebiscito y dio una se\u00f1al clara sobre el futuro del pa\u00eds<\/span><\/strong><\/p>\n<div id=\"gtx-trans\" style=\"position: absolute; left: -50px; top: 4.31534px;\">\n<div class=\"gtx-trans-icon\"><\/div>\n<\/div>\n<\/div><\/section><\/div><div class=\"flex_column av_one_full  flex_column_div av-zero-column-padding first  avia-builder-el-4  el_after_av_one_full  el_before_av_hr  column-top-margin\" style='border-radius:0px; '><section class=\"av_textblock_section \"  itemscope=\"itemscope\" itemtype=\"https:\/\/schema.org\/BlogPosting\" itemprop=\"blogPost\" ><div class='avia_textblock  '   itemprop=\"text\" ><div style=\"text-align: justify;\">\n<p>Luego del Plebiscito de salida en que se alz\u00f3 la opci\u00f3n Rechazo y en el marco del cambio de gabinete del presidente Gabriel Boric, la senadora Ximena Ordenes se\u00f1al\u00f3 que la ciudadan\u00eda se expres\u00f3 y dio una se\u00f1al clara sobre el futuro del pa\u00eds, indicando que es una oportunidad para fortalecer la convergencia pol\u00edtica y la unidad para un nuevo debate constitucional.<\/p>\n<p>La senadora resalt\u00f3 la alta participaci\u00f3n y la claridad del resultado del domingo pasado, se\u00f1alando que el texto propuesto no cumpli\u00f3 con las expectativas de las chilenas y chilenos, ni logr\u00f3 representar el sentir de la mayor\u00eda.<\/p>\n<p>\u201cLa alta participaci\u00f3n de la ciudadan\u00eda hace incuestionable el resultado, y obliga a sacar lecciones. El cambio de gabinete de hoy es una buena se\u00f1al con la que el Gobierno tiene la oportunidad de replantear los liderazgos pol\u00edticos para un acuerdo que concrete la voluntad nacional de avanzar hacia una Nueva Constituci\u00f3n\u201d, se\u00f1al\u00f3.<\/p>\n<p>Asimismo, la senadora Ordenes reiter\u00f3 que un nuevo proceso debe asegurar la representatividad de todos los sectores, que puedan redactar un texto constitucional en el que todas las personas, todas las regiones, y todas las fuerzas sociales se vean representadas en ella.<\/p>\n<p>\u201cUna Nueva Constituci\u00f3n debe ser la carta de navegaci\u00f3n para el futuro colectivo, de un pa\u00eds que reconoce los desaf\u00edos del futuro, pero tambi\u00e9n corrige los errores del pasado, avanzando con mayor equidad social\u201d, dijo la senadora.<\/p>\n<p>Adem\u00e1s, la senadora valor\u00f3 que -tras el triunfo del Rechazo- el Gobierno del presidente Gabriel Boric haya dado el paso de cambiar su gabinete ministerial, principalmente en el comit\u00e9 pol\u00edtico, considerando el tarea urgente de reforzar el di\u00e1logo con todas las fuerzas pol\u00edticas, integrando voces con experiencia en el nuevo elenco de ministras y ministros.<\/p>\n<\/div>\n<div><\/div>\n<\/div><\/section><\/div><div  style='height:50px' class='hr hr-invisible   avia-builder-el-6  el_after_av_one_full  el_before_av_social_share '><span class='hr-inner ' ><span class='hr-inner-style'><\/span><\/span><\/div><\/p>\n<div  class='av-social-sharing-box  avia-builder-el-7  el_after_av_hr  el_before_av_hr  '><div class='av-share-box'><h5 class='av-share-link-description av-no-toc '>Compartir esta noticia<\/h5><ul class='av-share-box-list noLightbox'><li class='av-share-link av-social-link-facebook' ><a target=\"_blank\" aria-label=\"Compartir en Facebook\" href='https:\/\/www.facebook.com\/sharer.php?u=https:\/\/radiorevelacionfm.cl\/?p=21489&#038;t=Senadora%20%C3%93rdenes%20sostiene%20que%20la%20ciudadan%C3%ADa%20se%20expres%C3%B3%20en%20el%20plebiscito%20y%20dio%20una%20se%C3%B1al%20clara%20sobre%20el%20futuro%20del%20pa%C3%ADs' aria-hidden='false' data-av_icon='\ue8f3' data-av_iconfont='entypo-fontello' title='' data-avia-related-tooltip='Compartir en Facebook' rel=\"noopener\"><span class='avia_hidden_link_text'>Compartir en Facebook<\/span><\/a><\/li><li class='av-share-link av-social-link-twitter' ><a target=\"_blank\" aria-label=\"Compartir en Twitter\" href='https:\/\/twitter.com\/share?text=Senadora%20%C3%93rdenes%20sostiene%20que%20la%20ciudadan%C3%ADa%20se%20expres%C3%B3%20en%20el%20plebiscito%20y%20dio%20una%20se%C3%B1al%20clara%20sobre%20el%20futuro%20del%20pa%C3%ADs&#038;url=https:\/\/radiorevelacionfm.cl\/?p=21489' aria-hidden='false' data-av_icon='\ue8f1' data-av_iconfont='entypo-fontello' title='' data-avia-related-tooltip='Compartir en Twitter' rel=\"noopener\"><span class='avia_hidden_link_text'>Compartir en Twitter<\/span><\/a><\/li><li class='av-share-link av-social-link-whatsapp' ><a target=\"_blank\" aria-label=\"Compartir en Whatsapp\" href='https:\/\/api.whatsapp.com\/send?text=https:\/\/radiorevelacionfm.cl\/?p=21489' aria-hidden='false' data-av_icon='\uf232' data-av_iconfont='entypo-fontello' title='' data-avia-related-tooltip='Compartir en Whatsapp' rel=\"noopener\"><span class='avia_hidden_link_text'>Compartir en Whatsapp<\/span><\/a><\/li><li class='av-share-link av-social-link-linkedin' ><a target=\"_blank\" aria-label=\"Compartir en LinkedIn\" href='https:\/\/linkedin.com\/shareArticle?mini=true&#038;title=Senadora%20%C3%93rdenes%20sostiene%20que%20la%20ciudadan%C3%ADa%20se%20expres%C3%B3%20en%20el%20plebiscito%20y%20dio%20una%20se%C3%B1al%20clara%20sobre%20el%20futuro%20del%20pa%C3%ADs&#038;url=https:\/\/radiorevelacionfm.cl\/?p=21489' aria-hidden='false' data-av_icon='\ue8fc' data-av_iconfont='entypo-fontello' title='' data-avia-related-tooltip='Compartir en LinkedIn' rel=\"noopener\"><span class='avia_hidden_link_text'>Compartir en LinkedIn<\/span><\/a><\/li><li class='av-share-link av-social-link-mail' ><a  aria-label=\"Compartir por correo\" href='mailto:?subject=Senadora%20%C3%93rdenes%20sostiene%20que%20la%20ciudadan%C3%ADa%20se%20expres%C3%B3%20en%20el%20plebiscito%20y%20dio%20una%20se%C3%B1al%20clara%20sobre%20el%20futuro%20del%20pa%C3%ADs&#038;body=https:\/\/radiorevelacionfm.cl\/?p=21489' aria-hidden='false' data-av_icon='\ue805' data-av_iconfont='entypo-fontello' title='' data-avia-related-tooltip='Compartir por correo'><span class='avia_hidden_link_text'>Compartir por correo<\/span><\/a><\/li><\/ul><\/div><\/div>\n<div  style='height:50px' class='hr hr-invisible   avia-builder-el-8  el_after_av_social_share  el_before_av_comments_list '><span class='hr-inner ' ><span class='hr-inner-style'><\/span><\/span><\/div>\n<div  class='av-buildercomment  av-blog-meta-html-info-disabled av-blog-meta-tag-disabled  '><\/div>\n","protected":false},"excerpt":{"rendered":"","protected":false},"author":1,"featured_media":5350,"comment_status":"open","ping_status":"open","sticky":false,"template":"","format":"standard","meta":{"footnotes":""},"categories":[35],"tags":[],"class_list":["post-21489","post","type-post","status-publish","format-standard","has-post-thumbnail","hentry","category-politica"],"jetpack_featured_media_url":"https:\/\/radiorevelacionfm.cl\/wp-content\/uploads\/2021\/06\/SENADORA-ORDENES-1-1.jpg","_links":{"self":[{"href":"https:\/\/radiorevelacionfm.cl\/index.php?rest_route=\/wp\/v2\/posts\/21489","targetHints":{"allow":["GET"]}}],"collection":[{"href":"https:\/\/radiorevelacionfm.cl\/index.php?rest_route=\/wp\/v2\/posts"}],"about":[{"href":"https:\/\/radiorevelacionfm.cl\/index.php?rest_route=\/wp\/v2\/types\/post"}],"author":[{"embeddable":true,"href":"https:\/\/radiorevelacionfm.cl\/index.php?rest_route=\/wp\/v2\/users\/1"}],"replies":[{"embeddable":true,"href":"https:\/\/radiorevelacionfm.cl\/index.php?rest_route=%2Fwp%2Fv2%2Fcomments&post=21489"}],"version-history":[{"count":2,"href":"https:\/\/radiorevelacionfm.cl\/index.php?rest_route=\/wp\/v2\/posts\/21489\/revisions"}],"predecessor-version":[{"id":21491,"href":"https:\/\/radiorevelacionfm.cl\/index.php?rest_route=\/wp\/v2\/posts\/21489\/revisions\/21491"}],"wp:featuredmedia":[{"embeddable":true,"href":"https:\/\/radiorevelacionfm.cl\/index.php?rest_route=\/wp\/v2\/media\/5350"}],"wp:attachment":[{"href":"https:\/\/radiorevelacionfm.cl\/index.php?rest_route=%2Fwp%2Fv2%2Fmedia&parent=21489"}],"wp:term":[{"taxonomy":"category","embeddable":true,"href":"https:\/\/radiorevelacionfm.cl\/index.php?rest_route=%2Fwp%2Fv2%2Fcategories&post=21489"},{"taxonomy":"post_tag","embeddable":true,"href":"https:\/\/radiorevelacionfm.cl\/index.php?rest_route=%2Fwp%2Fv2%2Ftags&post=21489"}],"curies":[{"name":"wp","href":"https:\/\/api.w.org\/{rel}","templated":true}]}}