{"id":21485,"date":"2022-09-05T19:06:19","date_gmt":"2022-09-05T22:06:19","guid":{"rendered":"https:\/\/radiorevelacionfm.cl\/?p=21485"},"modified":"2022-09-05T19:06:19","modified_gmt":"2022-09-05T22:06:19","slug":"mas-de-un-72-del-padron-electoral-sufrago-el-domingo-en-la-region-de-aysen","status":"publish","type":"post","link":"https:\/\/radiorevelacionfm.cl\/?p=21485","title":{"rendered":"M\u00e1s de un 72% del padr\u00f3n electoral sufrag\u00f3 el domingo en la regi\u00f3n de Ays\u00e9n"},"content":{"rendered":"<div class=\"flex_column av_one_full  flex_column_div av-zero-column-padding first  avia-builder-el-0  el_before_av_one_full  avia-builder-el-first  \" style='border-radius:0px; '><div  class='avia-image-container  av-styling-    avia-builder-el-1  avia-builder-el-no-sibling  avia-align-center '  itemprop=\"image\" itemscope=\"itemscope\" itemtype=\"https:\/\/schema.org\/ImageObject\"  ><div class='avia-image-container-inner'><div class='avia-image-overlay-wrap'><img decoding=\"async\" class='wp-image-21486 avia-img-lazy-loading-not-21486 avia_image' src=\"https:\/\/radiorevelacionfm.cl\/wp-content\/uploads\/2022\/09\/Rodrigo-Araya-Morales-Delegado-Presidencial-Regional-02-1-1.jpeg\" alt='' title='Rodrigo Araya Morales Delegado Presidencial Regional 02 (1) (1)' height=\"600\" width=\"800\"  itemprop=\"thumbnailUrl\" srcset=\"https:\/\/radiorevelacionfm.cl\/wp-content\/uploads\/2022\/09\/Rodrigo-Araya-Morales-Delegado-Presidencial-Regional-02-1-1.jpeg 800w, https:\/\/radiorevelacionfm.cl\/wp-content\/uploads\/2022\/09\/Rodrigo-Araya-Morales-Delegado-Presidencial-Regional-02-1-1-300x225.jpeg 300w, https:\/\/radiorevelacionfm.cl\/wp-content\/uploads\/2022\/09\/Rodrigo-Araya-Morales-Delegado-Presidencial-Regional-02-1-1-768x576.jpeg 768w, https:\/\/radiorevelacionfm.cl\/wp-content\/uploads\/2022\/09\/Rodrigo-Araya-Morales-Delegado-Presidencial-Regional-02-1-1-705x529.jpeg 705w, https:\/\/radiorevelacionfm.cl\/wp-content\/uploads\/2022\/09\/Rodrigo-Araya-Morales-Delegado-Presidencial-Regional-02-1-1-600x450.jpeg 600w\" sizes=\"(max-width: 800px) 100vw, 800px\" \/><\/div><\/div><\/div><\/div><div class=\"flex_column av_one_full  flex_column_div av-zero-column-padding first  avia-builder-el-2  el_after_av_one_full  el_before_av_one_full  column-top-margin\" style='border-radius:0px; '><section class=\"av_textblock_section \"  itemscope=\"itemscope\" itemtype=\"https:\/\/schema.org\/BlogPosting\" itemprop=\"blogPost\" ><div class='avia_textblock  '   itemprop=\"text\" ><p style=\"text-align: center;\"><strong><span style=\"font-size: 18pt;\">M\u00e1s de un 72% del padr\u00f3n electoral sufrag\u00f3 el domingo en la regi\u00f3n de Ays\u00e9n<\/span><\/strong><\/p>\n<div id=\"gtx-trans\" style=\"position: absolute; left: -50px; top: 4.31534px;\">\n<div class=\"gtx-trans-icon\"><\/div>\n<\/div>\n<\/div><\/section><\/div><div class=\"flex_column av_one_full  flex_column_div av-zero-column-padding first  avia-builder-el-4  el_after_av_one_full  el_before_av_hr  column-top-margin\" style='border-radius:0px; '><section class=\"av_textblock_section \"  itemscope=\"itemscope\" itemtype=\"https:\/\/schema.org\/BlogPosting\" itemprop=\"blogPost\" ><div class='avia_textblock  '   itemprop=\"text\" ><p style=\"font-weight: 400; text-align: justify;\">La tarde de este lunes culminan sus funciones los diez Colegios Escrutadores dispuestos para el Plebiscito Constitucional en la Regi\u00f3n de Ays\u00e9n, donde participaron 70.815 electores, equivalente a un 72,34% del padr\u00f3n electoral, seg\u00fan las estad\u00edsticas del Servicio Electoral (Servel).<\/p>\n<p style=\"font-weight: 400; text-align: justify;\">A nivel comunal la participaci\u00f3n alcanz\u00f3 en Cisnes 77,41%, R\u00edo Ib\u00e1\u00f1ez 75,49%, Ays\u00e9n 73,74%, Coyhaique 73,71%, Lago Verde 73,16%, Tortel 73,08%, Guaitecas 70,78%, Cochrane 69,57%, O\u00b4Higgins 60,00% y Chile Chico 53,89%.<\/p>\n<p style=\"font-weight: 400; text-align: justify;\">El Delegado Presidencial Regional, Rodrigo Araya, valor\u00f3 la elevada participaci\u00f3n junto con el profesionalismo de las instituciones abocadas al proceso, con alrededor de 1.800 personas transportadas mediante servicios especiales, equivalentes a m\u00e1s del doble respecto de la \u00faltima elecci\u00f3n.<\/p>\n<p style=\"font-weight: 400; text-align: justify;\">\u201cEs una participaci\u00f3n hist\u00f3rica donde m\u00e1s del 72% del padr\u00f3n electoral, de las personas que ten\u00edan derecho a votar, pudieron acudir a sus locales de votaci\u00f3n y ejercer su derecho a voto. Es una votaci\u00f3n consistente, contundente, con participaci\u00f3n de todas las instituciones que ten\u00edan que velar por este proceso: Servicio Electoral, Carabineros, Correos de Chile, Ej\u00e9rcito, Armada, municipios que prestaron locales de votaci\u00f3n, establecimientos particulares subvencionados y el Ministerio de Transporte y Delegaciones Presidenciales que concretaron los viajes especiales para desplazar a los votantes a sus recintos electorales, aumentando a\u00a0 m\u00e1s del doble de la gente que se transportaba en elecciones anteriores\u201d, se\u00f1al\u00f3.<\/p>\n<p style=\"font-weight: 400; text-align: justify;\">El director regional del Servel, N\u00e9stor Sep\u00falveda, dijo que el proceso se cumpli\u00f3 con normalidad, concluyendo con la informaci\u00f3n reunida en los diez Colegios Escrutadores dispuestos en la regi\u00f3n.<\/p>\n<p style=\"font-weight: 400; text-align: justify;\">\u201cEl proceso eleccionario se desarroll\u00f3 con la m\u00e1s completa normalidad, el 100% de mesas constituidas a las 09:25 horas y termin\u00f3 a las 18:00 horas, con un nivel de participaci\u00f3n amplio. El padr\u00f3n electoral de esta Regi\u00f3n de Ays\u00e9n era de 97.887 personas y votaron 70.815 electores, lo que nos da un 72,34% de participaci\u00f3n. Estamos trabajando en los diez Colegios Escrutadores que existen en la regi\u00f3n y con esto terminamos el proceso plebiscitario para transmitir al nivel central\u201d, puntualiz\u00f3.<\/p>\n<p style=\"font-weight: 400; text-align: justify;\">En cuanto al despliegue y entrega de los locales de votaci\u00f3n, el Jefe de Fuerzas y Comandante en Jefe de la IV Divisi\u00f3n de Ej\u00e9rcito, General de Brigada Luis Felipe P\u00e9rez, se\u00f1al\u00f3 que el proceso se desarroll\u00f3 en completo orden en los 39 locales de votaci\u00f3n para 261 mesas de sufragio.<\/p>\n<p style=\"font-weight: 400; text-align: justify;\">\u201cEl repliegue de las fuerzas en los colegios se inici\u00f3 ayer, terminado el retiro de los votos de los locales de votaci\u00f3n y entregado cada uno de los locales a los administradores de cada colegio o escuela, situaci\u00f3n que est\u00e1 en desarrollo con los locales m\u00e1s alejados de los regimientos que aportaron las fuerza para el despliegue y los colegios escrutadores. Adem\u00e1s, la IV Divisi\u00f3n debi\u00f3 aportar 300 personas para el despliegue en locales de votaci\u00f3n en la Regi\u00f3n de Los R\u00edos y esperamos el regreso de ese personal a partir del d\u00eda 8 de septiembre\u201d, detall\u00f3.<\/p>\n<p style=\"font-weight: 400; text-align: justify;\">En cuanto a constancias, Carabineros recibi\u00f3 10.106 excusas a trav\u00e9s de la atenci\u00f3n en la Primera Comisar\u00eda de Coyhaique, Segunda Comisar\u00eda de Ays\u00e9n, Tercera Comisar\u00eda de Chile Chico, Cuarta Comisar\u00eda de Cochrane, quinta COP y Comisar\u00eda Virtual.<\/p>\n<\/div><\/section><\/div><div  style='height:50px' class='hr hr-invisible   avia-builder-el-6  el_after_av_one_full  el_before_av_social_share '><span class='hr-inner ' ><span class='hr-inner-style'><\/span><\/span><\/div><\/p>\n<div  class='av-social-sharing-box  avia-builder-el-7  el_after_av_hr  el_before_av_hr  '><div class='av-share-box'><h5 class='av-share-link-description av-no-toc '>Compartir esta noticia<\/h5><ul class='av-share-box-list noLightbox'><li class='av-share-link av-social-link-facebook' ><a target=\"_blank\" aria-label=\"Compartir en Facebook\" href='https:\/\/www.facebook.com\/sharer.php?u=https:\/\/radiorevelacionfm.cl\/?p=21485&#038;t=M%C3%A1s%20de%20un%2072%25%20del%20padr%C3%B3n%20electoral%20sufrag%C3%B3%20el%20domingo%20en%20la%20regi%C3%B3n%20de%20Ays%C3%A9n' aria-hidden='false' data-av_icon='\ue8f3' data-av_iconfont='entypo-fontello' title='' data-avia-related-tooltip='Compartir en Facebook' rel=\"noopener\"><span class='avia_hidden_link_text'>Compartir en Facebook<\/span><\/a><\/li><li class='av-share-link av-social-link-twitter' ><a target=\"_blank\" aria-label=\"Compartir en Twitter\" href='https:\/\/twitter.com\/share?text=M%C3%A1s%20de%20un%2072%25%20del%20padr%C3%B3n%20electoral%20sufrag%C3%B3%20el%20domingo%20en%20la%20regi%C3%B3n%20de%20Ays%C3%A9n&#038;url=https:\/\/radiorevelacionfm.cl\/?p=21485' aria-hidden='false' data-av_icon='\ue8f1' data-av_iconfont='entypo-fontello' title='' data-avia-related-tooltip='Compartir en Twitter' rel=\"noopener\"><span class='avia_hidden_link_text'>Compartir en Twitter<\/span><\/a><\/li><li class='av-share-link av-social-link-whatsapp' ><a target=\"_blank\" aria-label=\"Compartir en Whatsapp\" href='https:\/\/api.whatsapp.com\/send?text=https:\/\/radiorevelacionfm.cl\/?p=21485' aria-hidden='false' data-av_icon='\uf232' data-av_iconfont='entypo-fontello' title='' data-avia-related-tooltip='Compartir en Whatsapp' rel=\"noopener\"><span class='avia_hidden_link_text'>Compartir en Whatsapp<\/span><\/a><\/li><li class='av-share-link av-social-link-linkedin' ><a target=\"_blank\" aria-label=\"Compartir en LinkedIn\" href='https:\/\/linkedin.com\/shareArticle?mini=true&#038;title=M%C3%A1s%20de%20un%2072%25%20del%20padr%C3%B3n%20electoral%20sufrag%C3%B3%20el%20domingo%20en%20la%20regi%C3%B3n%20de%20Ays%C3%A9n&#038;url=https:\/\/radiorevelacionfm.cl\/?p=21485' aria-hidden='false' data-av_icon='\ue8fc' data-av_iconfont='entypo-fontello' title='' data-avia-related-tooltip='Compartir en LinkedIn' rel=\"noopener\"><span class='avia_hidden_link_text'>Compartir en LinkedIn<\/span><\/a><\/li><li class='av-share-link av-social-link-mail' ><a  aria-label=\"Compartir por correo\" href='mailto:?subject=M%C3%A1s%20de%20un%2072%25%20del%20padr%C3%B3n%20electoral%20sufrag%C3%B3%20el%20domingo%20en%20la%20regi%C3%B3n%20de%20Ays%C3%A9n&#038;body=https:\/\/radiorevelacionfm.cl\/?p=21485' aria-hidden='false' data-av_icon='\ue805' data-av_iconfont='entypo-fontello' title='' data-avia-related-tooltip='Compartir por correo'><span class='avia_hidden_link_text'>Compartir por correo<\/span><\/a><\/li><\/ul><\/div><\/div>\n<div  style='height:50px' class='hr hr-invisible   avia-builder-el-8  el_after_av_social_share  el_before_av_comments_list '><span class='hr-inner ' ><span class='hr-inner-style'><\/span><\/span><\/div>\n<div  class='av-buildercomment  av-blog-meta-html-info-disabled av-blog-meta-tag-disabled  '><\/div>\n","protected":false},"excerpt":{"rendered":"","protected":false},"author":1,"featured_media":21486,"comment_status":"open","ping_status":"open","sticky":false,"template":"","format":"standard","meta":{"footnotes":""},"categories":[38],"tags":[],"class_list":["post-21485","post","type-post","status-publish","format-standard","has-post-thumbnail","hentry","category-regional"],"jetpack_featured_media_url":"https:\/\/radiorevelacionfm.cl\/wp-content\/uploads\/2022\/09\/Rodrigo-Araya-Morales-Delegado-Presidencial-Regional-02-1-1.jpeg","_links":{"self":[{"href":"https:\/\/radiorevelacionfm.cl\/index.php?rest_route=\/wp\/v2\/posts\/21485","targetHints":{"allow":["GET"]}}],"collection":[{"href":"https:\/\/radiorevelacionfm.cl\/index.php?rest_route=\/wp\/v2\/posts"}],"about":[{"href":"https:\/\/radiorevelacionfm.cl\/index.php?rest_route=\/wp\/v2\/types\/post"}],"author":[{"embeddable":true,"href":"https:\/\/radiorevelacionfm.cl\/index.php?rest_route=\/wp\/v2\/users\/1"}],"replies":[{"embeddable":true,"href":"https:\/\/radiorevelacionfm.cl\/index.php?rest_route=%2Fwp%2Fv2%2Fcomments&post=21485"}],"version-history":[{"count":2,"href":"https:\/\/radiorevelacionfm.cl\/index.php?rest_route=\/wp\/v2\/posts\/21485\/revisions"}],"predecessor-version":[{"id":21488,"href":"https:\/\/radiorevelacionfm.cl\/index.php?rest_route=\/wp\/v2\/posts\/21485\/revisions\/21488"}],"wp:featuredmedia":[{"embeddable":true,"href":"https:\/\/radiorevelacionfm.cl\/index.php?rest_route=\/wp\/v2\/media\/21486"}],"wp:attachment":[{"href":"https:\/\/radiorevelacionfm.cl\/index.php?rest_route=%2Fwp%2Fv2%2Fmedia&parent=21485"}],"wp:term":[{"taxonomy":"category","embeddable":true,"href":"https:\/\/radiorevelacionfm.cl\/index.php?rest_route=%2Fwp%2Fv2%2Fcategories&post=21485"},{"taxonomy":"post_tag","embeddable":true,"href":"https:\/\/radiorevelacionfm.cl\/index.php?rest_route=%2Fwp%2Fv2%2Ftags&post=21485"}],"curies":[{"name":"wp","href":"https:\/\/api.w.org\/{rel}","templated":true}]}}