{"id":2147,"date":"2021-01-27T17:33:50","date_gmt":"2021-01-27T20:33:50","guid":{"rendered":"https:\/\/radiorevelacionfm.cl\/?p=2147"},"modified":"2021-01-27T17:33:50","modified_gmt":"2021-01-27T20:33:50","slug":"diputado-calisto-denuncia-una-mala-construccion-de-casa-correspondiente-a-subsidio-de-habitabilidad-rural-en-manihuales","status":"publish","type":"post","link":"https:\/\/radiorevelacionfm.cl\/?p=2147","title":{"rendered":"Diputado Calisto denuncia una mala construcci\u00f3n de casa correspondiente a subsidio de habitabilidad rural en Ma\u00f1ihuales"},"content":{"rendered":"<div class=\"flex_column av_one_full  flex_column_div av-zero-column-padding first  avia-builder-el-0  el_before_av_one_full  avia-builder-el-first  \" style='border-radius:0px; '><div  class='avia-image-container  av-styling-    avia-builder-el-1  avia-builder-el-no-sibling  avia-align-center '  itemprop=\"image\" itemscope=\"itemscope\" itemtype=\"https:\/\/schema.org\/ImageObject\"  ><div class='avia-image-container-inner'><div class='avia-image-overlay-wrap'><img decoding=\"async\" class='wp-image-0 avia-img-lazy-loading-not-0 avia_image' src=\"https:\/\/radiorevelacionfm.cl\/wp-content\/uploads\/2021\/01\/CASA-MANIHUALES-1.jpg\" alt='' title=''   itemprop=\"thumbnailUrl\"  \/><\/div><\/div><\/div><\/div><div class=\"flex_column av_one_full  flex_column_div av-zero-column-padding first  avia-builder-el-2  el_after_av_one_full  el_before_av_one_full  column-top-margin\" style='border-radius:0px; '><section class=\"av_textblock_section \"  itemscope=\"itemscope\" itemtype=\"https:\/\/schema.org\/BlogPosting\" itemprop=\"blogPost\" ><div class='avia_textblock  '   itemprop=\"text\" ><p style=\"text-align: center;\"><span style=\"font-size: 18pt;\"><strong>Diputado Calisto denuncia una mala construcci\u00f3n de casa correspondiente a subsidio de habitabilidad rural en Ma\u00f1ihuales<\/strong><\/span><\/p>\n<div id=\"gtx-trans\" style=\"position: absolute; left: -50px; top: 4.31534px;\">\n<div class=\"gtx-trans-icon\"><\/div>\n<\/div>\n<\/div><\/section><\/div><div class=\"flex_column av_one_full  flex_column_div av-zero-column-padding first  avia-builder-el-4  el_after_av_one_full  el_before_av_hr  column-top-margin\" style='border-radius:0px; '><section class=\"av_textblock_section \"  itemscope=\"itemscope\" itemtype=\"https:\/\/schema.org\/BlogPosting\" itemprop=\"blogPost\" ><div class='avia_textblock  '   itemprop=\"text\" ><p style=\"font-weight: 400; text-align: justify;\"><em>Se trata de una vivienda donde habita una persona de la tercera edad, construcci\u00f3n que qued\u00f3 con problemas de desnivel, filtraciones en el techo y fallas de accesibilidad.<\/em><\/p>\n<p style=\"font-weight: 400; text-align: justify;\">En el marco del trabajo en terreno que realiz\u00f3 este martes en Villa Ma\u00f1ihuales, el diputado Miguel \u00c1ngel Calisto visit\u00f3 la casa de la se\u00f1ora Elisa Dur\u00e1n, vecina del sector que acusa una mala construcci\u00f3n de su vivienda por parte del Minvu, edificaci\u00f3n que corresponder\u00eda a un subsidio de habitabilidad rural.<\/p>\n<p style=\"font-weight: 400; text-align: justify;\">Seg\u00fan el diputado, \u201cvinimos a atender una denuncia que nos hizo la Se\u00f1ora Elisa Dur\u00e1n de Villa Ma\u00f1ihuales. Estamos fiscalizando un proyecto de subsidio rural, construido por la entidad patrocinante de la municipalidad de Ays\u00e9n, con un subsidio de asignaci\u00f3n directo. Hemos detectado graves problemas en su construcci\u00f3n\u201d.<\/p>\n<p style=\"font-weight: 400; text-align: justify;\">\u201cEn primer lugar, no se cumpli\u00f3 con la accesibilidad para adulto mayor, la casa no tiene ninguna facilidad para que la se\u00f1ora Eliza pueda ingresar sin dificultades. Tambi\u00e9n hay graves problemas con las goteras en el cielo raso, adem\u00e1s de un desnivel evidente tanto en el living como en los dormitorios\u201d, se\u00f1al\u00f3 Calisto.<\/p>\n<p style=\"font-weight: 400; text-align: justify;\">El legislador argument\u00f3 que \u201ces importante que se puede hacer una fiscalizaci\u00f3n por parte del Ministerio de Vivienda y Urbanismo, como tambi\u00e9n por parte del Serviu, para poder tomar este caso, de manera que las construcciones que se realizan con fondos de todos los chilenos, sean obras de buena calidad, sobre todo cuando se trata de adultos mayores\u201d.<\/p>\n<p style=\"font-weight: 400; text-align: justify;\">\u201cAc\u00e1 no s\u00f3lo se trata de dejar una casa bonita desde el punto de vista est\u00e9tico, sino que debe ser una casa eficiente y eficaz, que cumpla las funciones que la gente necesita\u201d, indic\u00f3.<\/p>\n<p style=\"font-weight: 400; text-align: justify;\">Finalmente, la due\u00f1a de la vivienda, Elisa Dur\u00e1n, se\u00f1al\u00f3 que \u201cespero que esta casa la vengan a arreglar pronto, eso ser\u00eda lo \u00fanico. As\u00ed como est\u00e1 la casa, yo no la puedo recibir, de ninguna manera, porque todos los muebles quedaron movidos por el desnivel\u201d.<\/p>\n<\/div><\/section><\/div><div  style='height:50px' class='hr hr-invisible   avia-builder-el-6  el_after_av_one_full  el_before_av_social_share '><span class='hr-inner ' ><span class='hr-inner-style'><\/span><\/span><\/div><\/p>\n<div  class='av-social-sharing-box  avia-builder-el-7  el_after_av_hr  el_before_av_hr  '><div class='av-share-box'><h5 class='av-share-link-description av-no-toc '>Compartir esta noticia<\/h5><ul class='av-share-box-list noLightbox'><li class='av-share-link av-social-link-facebook' ><a target=\"_blank\" aria-label=\"Compartir en Facebook\" href='https:\/\/www.facebook.com\/sharer.php?u=https:\/\/radiorevelacionfm.cl\/?p=2147&#038;t=Diputado%20Calisto%20denuncia%20una%20mala%20construcci%C3%B3n%20de%20casa%20correspondiente%20a%20subsidio%20de%20habitabilidad%20rural%20en%20Ma%C3%B1ihuales' aria-hidden='false' data-av_icon='\ue8f3' data-av_iconfont='entypo-fontello' title='' data-avia-related-tooltip='Compartir en Facebook' rel=\"noopener\"><span class='avia_hidden_link_text'>Compartir en Facebook<\/span><\/a><\/li><li class='av-share-link av-social-link-twitter' ><a target=\"_blank\" aria-label=\"Compartir en Twitter\" href='https:\/\/twitter.com\/share?text=Diputado%20Calisto%20denuncia%20una%20mala%20construcci%C3%B3n%20de%20casa%20correspondiente%20a%20subsidio%20de%20habitabilidad%20rural%20en%20Ma%C3%B1ihuales&#038;url=https:\/\/radiorevelacionfm.cl\/?p=2147' aria-hidden='false' data-av_icon='\ue8f1' data-av_iconfont='entypo-fontello' title='' data-avia-related-tooltip='Compartir en Twitter' rel=\"noopener\"><span class='avia_hidden_link_text'>Compartir en Twitter<\/span><\/a><\/li><li class='av-share-link av-social-link-whatsapp' ><a target=\"_blank\" aria-label=\"Compartir en Whatsapp\" href='https:\/\/api.whatsapp.com\/send?text=https:\/\/radiorevelacionfm.cl\/?p=2147' aria-hidden='false' data-av_icon='\uf232' data-av_iconfont='entypo-fontello' title='' data-avia-related-tooltip='Compartir en Whatsapp' rel=\"noopener\"><span class='avia_hidden_link_text'>Compartir en Whatsapp<\/span><\/a><\/li><li class='av-share-link av-social-link-linkedin' ><a target=\"_blank\" aria-label=\"Compartir en LinkedIn\" href='https:\/\/linkedin.com\/shareArticle?mini=true&#038;title=Diputado%20Calisto%20denuncia%20una%20mala%20construcci%C3%B3n%20de%20casa%20correspondiente%20a%20subsidio%20de%20habitabilidad%20rural%20en%20Ma%C3%B1ihuales&#038;url=https:\/\/radiorevelacionfm.cl\/?p=2147' aria-hidden='false' data-av_icon='\ue8fc' data-av_iconfont='entypo-fontello' title='' data-avia-related-tooltip='Compartir en LinkedIn' rel=\"noopener\"><span class='avia_hidden_link_text'>Compartir en LinkedIn<\/span><\/a><\/li><li class='av-share-link av-social-link-mail' ><a  aria-label=\"Compartir por correo\" href='mailto:?subject=Diputado%20Calisto%20denuncia%20una%20mala%20construcci%C3%B3n%20de%20casa%20correspondiente%20a%20subsidio%20de%20habitabilidad%20rural%20en%20Ma%C3%B1ihuales&#038;body=https:\/\/radiorevelacionfm.cl\/?p=2147' aria-hidden='false' data-av_icon='\ue805' data-av_iconfont='entypo-fontello' title='' data-avia-related-tooltip='Compartir por correo'><span class='avia_hidden_link_text'>Compartir por correo<\/span><\/a><\/li><\/ul><\/div><\/div>\n<div  style='height:50px' class='hr hr-invisible   avia-builder-el-8  el_after_av_social_share  el_before_av_comments_list '><span class='hr-inner ' ><span class='hr-inner-style'><\/span><\/span><\/div>\n<div  class='av-buildercomment  av-blog-meta-html-info-disabled av-blog-meta-tag-disabled  '><\/div>\n","protected":false},"excerpt":{"rendered":"","protected":false},"author":1,"featured_media":0,"comment_status":"open","ping_status":"open","sticky":false,"template":"","format":"standard","meta":{"footnotes":""},"categories":[35,57],"tags":[],"class_list":["post-2147","post","type-post","status-publish","format-standard","hentry","category-politica","category-vivienda"],"jetpack_featured_media_url":"","_links":{"self":[{"href":"https:\/\/radiorevelacionfm.cl\/index.php?rest_route=\/wp\/v2\/posts\/2147","targetHints":{"allow":["GET"]}}],"collection":[{"href":"https:\/\/radiorevelacionfm.cl\/index.php?rest_route=\/wp\/v2\/posts"}],"about":[{"href":"https:\/\/radiorevelacionfm.cl\/index.php?rest_route=\/wp\/v2\/types\/post"}],"author":[{"embeddable":true,"href":"https:\/\/radiorevelacionfm.cl\/index.php?rest_route=\/wp\/v2\/users\/1"}],"replies":[{"embeddable":true,"href":"https:\/\/radiorevelacionfm.cl\/index.php?rest_route=%2Fwp%2Fv2%2Fcomments&post=2147"}],"version-history":[{"count":1,"href":"https:\/\/radiorevelacionfm.cl\/index.php?rest_route=\/wp\/v2\/posts\/2147\/revisions"}],"predecessor-version":[{"id":2149,"href":"https:\/\/radiorevelacionfm.cl\/index.php?rest_route=\/wp\/v2\/posts\/2147\/revisions\/2149"}],"wp:attachment":[{"href":"https:\/\/radiorevelacionfm.cl\/index.php?rest_route=%2Fwp%2Fv2%2Fmedia&parent=2147"}],"wp:term":[{"taxonomy":"category","embeddable":true,"href":"https:\/\/radiorevelacionfm.cl\/index.php?rest_route=%2Fwp%2Fv2%2Fcategories&post=2147"},{"taxonomy":"post_tag","embeddable":true,"href":"https:\/\/radiorevelacionfm.cl\/index.php?rest_route=%2Fwp%2Fv2%2Ftags&post=2147"}],"curies":[{"name":"wp","href":"https:\/\/api.w.org\/{rel}","templated":true}]}}