{"id":21464,"date":"2022-09-05T10:36:16","date_gmt":"2022-09-05T13:36:16","guid":{"rendered":"https:\/\/radiorevelacionfm.cl\/?p=21464"},"modified":"2022-09-05T10:36:16","modified_gmt":"2022-09-05T13:36:16","slug":"importante-simposio-internacional-sobre-salud-y-naturaleza-sera-transmitido-desde-aysen","status":"publish","type":"post","link":"https:\/\/radiorevelacionfm.cl\/?p=21464","title":{"rendered":"Importante Simposio Internacional sobre Salud y Naturaleza ser\u00e1 transmitido desde Ays\u00e9n"},"content":{"rendered":"<div class=\"flex_column av_one_full  flex_column_div av-zero-column-padding first  avia-builder-el-0  el_before_av_one_full  avia-builder-el-first  \" style='border-radius:0px; '><div  class='avia-image-container  av-styling-    avia-builder-el-1  avia-builder-el-no-sibling  avia-align-center '  itemprop=\"image\" itemscope=\"itemscope\" itemtype=\"https:\/\/schema.org\/ImageObject\"  ><div class='avia-image-container-inner'><div class='avia-image-overlay-wrap'><img decoding=\"async\" class='wp-image-21466 avia-img-lazy-loading-not-21466 avia_image' src=\"https:\/\/radiorevelacionfm.cl\/wp-content\/uploads\/2022\/09\/image0-1-1.jpeg\" alt='' title='image0 (1) (1)' height=\"600\" width=\"600\"  itemprop=\"thumbnailUrl\" srcset=\"https:\/\/radiorevelacionfm.cl\/wp-content\/uploads\/2022\/09\/image0-1-1.jpeg 600w, https:\/\/radiorevelacionfm.cl\/wp-content\/uploads\/2022\/09\/image0-1-1-300x300.jpeg 300w, https:\/\/radiorevelacionfm.cl\/wp-content\/uploads\/2022\/09\/image0-1-1-80x80.jpeg 80w, https:\/\/radiorevelacionfm.cl\/wp-content\/uploads\/2022\/09\/image0-1-1-36x36.jpeg 36w, https:\/\/radiorevelacionfm.cl\/wp-content\/uploads\/2022\/09\/image0-1-1-180x180.jpeg 180w, https:\/\/radiorevelacionfm.cl\/wp-content\/uploads\/2022\/09\/image0-1-1-100x100.jpeg 100w\" sizes=\"(max-width: 600px) 100vw, 600px\" \/><\/div><\/div><\/div><\/div><div class=\"flex_column av_one_full  flex_column_div av-zero-column-padding first  avia-builder-el-2  el_after_av_one_full  el_before_av_one_full  column-top-margin\" style='border-radius:0px; '><section class=\"av_textblock_section \"  itemscope=\"itemscope\" itemtype=\"https:\/\/schema.org\/BlogPosting\" itemprop=\"blogPost\" ><div class='avia_textblock  '   itemprop=\"text\" ><p style=\"text-align: center;\"><strong><span style=\"font-size: 18pt;\">Importante Simposio Internacional sobre Salud y Naturaleza ser\u00e1 transmitido desde Ays\u00e9n<\/span><\/strong><\/p>\n<div id=\"gtx-trans\" style=\"position: absolute; left: -50px; top: 4.31534px;\">\n<div class=\"gtx-trans-icon\"><\/div>\n<\/div>\n<\/div><\/section><\/div><div class=\"flex_column av_one_full  flex_column_div av-zero-column-padding first  avia-builder-el-4  el_after_av_one_full  el_before_av_hr  column-top-margin\" style='border-radius:0px; '><section class=\"av_textblock_section \"  itemscope=\"itemscope\" itemtype=\"https:\/\/schema.org\/BlogPosting\" itemprop=\"blogPost\" ><div class='avia_textblock  '   itemprop=\"text\" ><p style=\"text-align: justify;\">Del 20 al 23 de septiembre de manera online y totalmente gratuito se realizar\u00e1 este evento que contribuir\u00e1 a poner en valor la naturaleza de nuestro pa\u00eds, a trav\u00e9s de la toma de conciencia de los beneficios que brinda a nuestra salud y bienestar.<\/p>\n<p style=\"text-align: justify;\">Organizado por la Cooperativa Ruta del Jard\u00edn Austral de la localidad de La Junta, en conjunto a la Corporaci\u00f3n Nacional Forestal, adem\u00e1s del patrocinio del Servicio Nacional de Turismo SERNATUR, este evento contar\u00e1 con exponentes nacionales e internacionales de pa\u00edses como Jap\u00f3n, Colombia, Espa\u00f1a, Inglaterra, Escocia y Chile como anfitri\u00f3n.<\/p>\n<p style=\"text-align: justify;\">Este Simposio posibilitar\u00e1 sentar un precedente de entrega de conocimientos y experiencias concretas respecto a la necesidad de reconectarnos con la Pachamama o \u00d1uke Mapu, con una cobertura para un mayor n\u00famero de personas. As\u00ed lo explica una de las organizadoras del Simposio y socia de la mencionada Cooperativa, Javiera Carvajal. \u201cAncestral y actualmente estos conocimientos eran utilizados y compartidos por numerosas comunidades ind\u00edgenas. Hoy en d\u00eda, por ejemplo, en el caso de los \u201cBa\u00f1os de bosque\u201d se ha transformado en una actividad con precios muy elevados, que m\u00e1s que una conexi\u00f3n con la naturaleza y el bienestar espiritual, se ha convertido en un lucrativo negocio. Con este evento esperamos volver a conectar con el fin real y social de estas actividades, vinculando al bosque y naturaleza en general, con nuestro Ser de manera real\u201d.<\/p>\n<p style=\"text-align: justify;\">Los temas que se tratar\u00e1n en este Simposio incluyen: grounding \u201cConexi\u00f3n a tierra, pies descalzos\u201d, ba\u00f1os de bosque\/Shinrin Yoku y la cosmovisi\u00f3n del pueblo Mapuche, todo dentro del tema general de &#8216;Ba\u00f1os de naturaleza&#8217;. \u201cDada la diversa geograf\u00eda y ecosistemas de nuestro pa\u00eds que va de bosque a desierto, limitarnos al concepto \u201cBa\u00f1os de Bosque\u201d, no resulta ser del todo id\u00f3neo y democr\u00e1tico. Por ello resignificarlo a \u201cBa\u00f1os de naturaleza\u201d resulta ser completo y conciliador, integrando todas sus variaciones y diferencias\u201d, enfatiza el Encargado de Vinculaci\u00f3n Social y Accesibilidad Universal de la Corporaci\u00f3n Nacional Forestal, CONAF, \u00c1ngel Lazo.<\/p>\n<p style=\"text-align: justify;\">\u201cPara mi vivir en la naturaleza ha sido todo, mi lugar de relajo, de conexi\u00f3n. Nunca me hab\u00eda dado cuenta de su valor hasta que tuve la oportunidad de ver otras realidades. Crec\u00ed en el campo y a los 20 a\u00f1os reci\u00e9n fui a una ciudad, contraste que logr\u00f3 dar valor real a lo que yo sent\u00eda con respecto a la naturaleza y a c\u00f3mo me sent\u00eda en ella, es un poco parad\u00f3jico o tal vez contradictorio, pero cuando uno crece en un lugar tan hermoso y de esas magnitudes lo ves como algo obvio y no encuentras el valor agregado o el significado que actualmente encuentro yo\u201d, enfatiz\u00f3 el operador tur\u00edstico de Aonikenk Karho dedicado al turismo con lupa y miembro de la cooperativa Leonardo Gallardo, quien tambi\u00e9n ser\u00e1 expositor en el evento.<\/p>\n<p style=\"text-align: justify;\">\u201cLa realizaci\u00f3n de este evento se debe principalmente a las gestiones realizadas por la presidenta de nuestra Cooperativa Konomi Kikuchi, quien ha sembrado una semilla en todas y todos nosotros para generar estos espacios de di\u00e1logo y aprendizaje\u201d, destac\u00f3 Javiera Carvajal. Este evento ser\u00e1 transmitido v\u00eda zoom previa inscripci\u00f3n al correo australgardenroute@gmail.com y por otros medios, como YouTube que se anunciar\u00e1n oportunamente.<\/p>\n<\/div><\/section><\/div><div  style='height:50px' class='hr hr-invisible   avia-builder-el-6  el_after_av_one_full  el_before_av_social_share '><span class='hr-inner ' ><span class='hr-inner-style'><\/span><\/span><\/div><\/p>\n<div  class='av-social-sharing-box  avia-builder-el-7  el_after_av_hr  el_before_av_hr  '><div class='av-share-box'><h5 class='av-share-link-description av-no-toc '>Compartir esta noticia<\/h5><ul class='av-share-box-list noLightbox'><li class='av-share-link av-social-link-facebook' ><a target=\"_blank\" aria-label=\"Compartir en Facebook\" href='https:\/\/www.facebook.com\/sharer.php?u=https:\/\/radiorevelacionfm.cl\/?p=21464&#038;t=Importante%20Simposio%20Internacional%20sobre%20Salud%20y%20Naturaleza%20ser%C3%A1%20transmitido%20desde%20Ays%C3%A9n' aria-hidden='false' data-av_icon='\ue8f3' data-av_iconfont='entypo-fontello' title='' data-avia-related-tooltip='Compartir en Facebook' rel=\"noopener\"><span class='avia_hidden_link_text'>Compartir en Facebook<\/span><\/a><\/li><li class='av-share-link av-social-link-twitter' ><a target=\"_blank\" aria-label=\"Compartir en Twitter\" href='https:\/\/twitter.com\/share?text=Importante%20Simposio%20Internacional%20sobre%20Salud%20y%20Naturaleza%20ser%C3%A1%20transmitido%20desde%20Ays%C3%A9n&#038;url=https:\/\/radiorevelacionfm.cl\/?p=21464' aria-hidden='false' data-av_icon='\ue8f1' data-av_iconfont='entypo-fontello' title='' data-avia-related-tooltip='Compartir en Twitter' rel=\"noopener\"><span class='avia_hidden_link_text'>Compartir en Twitter<\/span><\/a><\/li><li class='av-share-link av-social-link-whatsapp' ><a target=\"_blank\" aria-label=\"Compartir en Whatsapp\" href='https:\/\/api.whatsapp.com\/send?text=https:\/\/radiorevelacionfm.cl\/?p=21464' aria-hidden='false' data-av_icon='\uf232' data-av_iconfont='entypo-fontello' title='' data-avia-related-tooltip='Compartir en Whatsapp' rel=\"noopener\"><span class='avia_hidden_link_text'>Compartir en Whatsapp<\/span><\/a><\/li><li class='av-share-link av-social-link-linkedin' ><a target=\"_blank\" aria-label=\"Compartir en LinkedIn\" href='https:\/\/linkedin.com\/shareArticle?mini=true&#038;title=Importante%20Simposio%20Internacional%20sobre%20Salud%20y%20Naturaleza%20ser%C3%A1%20transmitido%20desde%20Ays%C3%A9n&#038;url=https:\/\/radiorevelacionfm.cl\/?p=21464' aria-hidden='false' data-av_icon='\ue8fc' data-av_iconfont='entypo-fontello' title='' data-avia-related-tooltip='Compartir en LinkedIn' rel=\"noopener\"><span class='avia_hidden_link_text'>Compartir en LinkedIn<\/span><\/a><\/li><li class='av-share-link av-social-link-mail' ><a  aria-label=\"Compartir por correo\" href='mailto:?subject=Importante%20Simposio%20Internacional%20sobre%20Salud%20y%20Naturaleza%20ser%C3%A1%20transmitido%20desde%20Ays%C3%A9n&#038;body=https:\/\/radiorevelacionfm.cl\/?p=21464' aria-hidden='false' data-av_icon='\ue805' data-av_iconfont='entypo-fontello' title='' data-avia-related-tooltip='Compartir por correo'><span class='avia_hidden_link_text'>Compartir por correo<\/span><\/a><\/li><\/ul><\/div><\/div>\n<div  style='height:50px' class='hr hr-invisible   avia-builder-el-8  el_after_av_social_share  el_before_av_comments_list '><span class='hr-inner ' ><span class='hr-inner-style'><\/span><\/span><\/div>\n<div  class='av-buildercomment  av-blog-meta-html-info-disabled av-blog-meta-tag-disabled  '><\/div>\n","protected":false},"excerpt":{"rendered":"","protected":false},"author":1,"featured_media":21465,"comment_status":"open","ping_status":"open","sticky":false,"template":"","format":"standard","meta":{"footnotes":""},"categories":[38],"tags":[],"class_list":["post-21464","post","type-post","status-publish","format-standard","has-post-thumbnail","hentry","category-regional"],"jetpack_featured_media_url":"https:\/\/radiorevelacionfm.cl\/wp-content\/uploads\/2022\/09\/image0-2_optimized.jpeg","_links":{"self":[{"href":"https:\/\/radiorevelacionfm.cl\/index.php?rest_route=\/wp\/v2\/posts\/21464","targetHints":{"allow":["GET"]}}],"collection":[{"href":"https:\/\/radiorevelacionfm.cl\/index.php?rest_route=\/wp\/v2\/posts"}],"about":[{"href":"https:\/\/radiorevelacionfm.cl\/index.php?rest_route=\/wp\/v2\/types\/post"}],"author":[{"embeddable":true,"href":"https:\/\/radiorevelacionfm.cl\/index.php?rest_route=\/wp\/v2\/users\/1"}],"replies":[{"embeddable":true,"href":"https:\/\/radiorevelacionfm.cl\/index.php?rest_route=%2Fwp%2Fv2%2Fcomments&post=21464"}],"version-history":[{"count":2,"href":"https:\/\/radiorevelacionfm.cl\/index.php?rest_route=\/wp\/v2\/posts\/21464\/revisions"}],"predecessor-version":[{"id":21468,"href":"https:\/\/radiorevelacionfm.cl\/index.php?rest_route=\/wp\/v2\/posts\/21464\/revisions\/21468"}],"wp:featuredmedia":[{"embeddable":true,"href":"https:\/\/radiorevelacionfm.cl\/index.php?rest_route=\/wp\/v2\/media\/21465"}],"wp:attachment":[{"href":"https:\/\/radiorevelacionfm.cl\/index.php?rest_route=%2Fwp%2Fv2%2Fmedia&parent=21464"}],"wp:term":[{"taxonomy":"category","embeddable":true,"href":"https:\/\/radiorevelacionfm.cl\/index.php?rest_route=%2Fwp%2Fv2%2Fcategories&post=21464"},{"taxonomy":"post_tag","embeddable":true,"href":"https:\/\/radiorevelacionfm.cl\/index.php?rest_route=%2Fwp%2Fv2%2Ftags&post=21464"}],"curies":[{"name":"wp","href":"https:\/\/api.w.org\/{rel}","templated":true}]}}