{"id":21460,"date":"2022-09-05T11:16:40","date_gmt":"2022-09-05T14:16:40","guid":{"rendered":"https:\/\/radiorevelacionfm.cl\/?p=21460"},"modified":"2022-09-05T13:36:21","modified_gmt":"2022-09-05T16:36:21","slug":"equipo-aysenino-brilla-en-el-mundial-de-parrilleros-desarrollado-en-belgica","status":"publish","type":"post","link":"https:\/\/radiorevelacionfm.cl\/?p=21460","title":{"rendered":"Equipo Aysenino brilla en el Mundial de Parrilleros desarrollado en B\u00e9lgica"},"content":{"rendered":"<div class=\"flex_column av_one_full  flex_column_div av-zero-column-padding first  avia-builder-el-0  el_before_av_one_full  avia-builder-el-first  \" style='border-radius:0px; '><div  class='avia-image-container  av-styling-    avia-builder-el-1  avia-builder-el-no-sibling  avia-align-center '  itemprop=\"image\" itemscope=\"itemscope\" itemtype=\"https:\/\/schema.org\/ImageObject\"  ><div class='avia-image-container-inner'><div class='avia-image-overlay-wrap'><img decoding=\"async\" class='wp-image-21462 avia-img-lazy-loading-not-21462 avia_image' src=\"https:\/\/radiorevelacionfm.cl\/wp-content\/uploads\/2022\/09\/image-85_optimized.jpg\" alt='' title='image-(85)_optimized' height=\"600\" width=\"1061\"  itemprop=\"thumbnailUrl\" srcset=\"https:\/\/radiorevelacionfm.cl\/wp-content\/uploads\/2022\/09\/image-85_optimized.jpg 1061w, https:\/\/radiorevelacionfm.cl\/wp-content\/uploads\/2022\/09\/image-85_optimized-300x170.jpg 300w, https:\/\/radiorevelacionfm.cl\/wp-content\/uploads\/2022\/09\/image-85_optimized-1030x582.jpg 1030w, https:\/\/radiorevelacionfm.cl\/wp-content\/uploads\/2022\/09\/image-85_optimized-768x434.jpg 768w, https:\/\/radiorevelacionfm.cl\/wp-content\/uploads\/2022\/09\/image-85_optimized-705x399.jpg 705w, https:\/\/radiorevelacionfm.cl\/wp-content\/uploads\/2022\/09\/image-85_optimized-600x339.jpg 600w\" sizes=\"(max-width: 1061px) 100vw, 1061px\" \/><\/div><\/div><\/div><\/div>\n<div class=\"flex_column av_one_full  flex_column_div av-zero-column-padding first  avia-builder-el-2  el_after_av_one_full  el_before_av_one_full  column-top-margin\" style='border-radius:0px; '><section class=\"av_textblock_section \"  itemscope=\"itemscope\" itemtype=\"https:\/\/schema.org\/BlogPosting\" itemprop=\"blogPost\" ><div class='avia_textblock  '   itemprop=\"text\" ><p style=\"text-align: center;\"><strong><span style=\"font-size: 18pt;\">Equipo Aysenino brilla en el Mundial de Parrilleros desarrollado en B\u00e9lgica <\/span><\/strong><\/p>\n<div id=\"gtx-trans\" style=\"position: absolute; left: -50px; top: 4.31534px;\">\n<div class=\"gtx-trans-icon\"><\/div>\n<\/div>\n<\/div><\/section><\/div>\n<div class=\"flex_column av_one_full  flex_column_div av-zero-column-padding first  avia-builder-el-4  el_after_av_one_full  el_before_av_hr  column-top-margin\" style='border-radius:0px; '><section class=\"av_textblock_section \"  itemscope=\"itemscope\" itemtype=\"https:\/\/schema.org\/BlogPosting\" itemprop=\"blogPost\" ><div class='avia_textblock  '   itemprop=\"text\" ><p style=\"text-align: justify;\">El equipo Aysenino que represent\u00f3 a Chile, en el reciente Mundial de Parrilleros en B\u00e9lgica simplemente se luci\u00f3, consagr\u00e1ndose como uno de los mejores asadores, el Team Patagonia obtuvo una merecida Copa.<\/p>\n<p style=\"text-align: justify;\">Felices se mostraron los participantes por la experiencia vivida en Europa, \u00abB\u00e9lgica nunca olvidar\u00e1 como se come un cordero patag\u00f3n en el centro de Europa\u00bb, se\u00f1al\u00f3 Fabi\u00e1n Gillibrand a trav\u00e9s de redes sociales.<\/p>\n<p style=\"text-align: justify;\">Adem\u00e1s cont\u00f3 algunos detalles de c\u00f3mo lograron montar el espacio de trabajo para poder mostrar el asado patag\u00f3n. \u00abC\u00f3mo se les ocurre hacer un cordero al Palo en B\u00e9lgica nos dec\u00edan&#8230;est\u00e1n locos\u00bb. Sin embargo el equipo que recorri\u00f3 largas horas y miles de kil\u00f3metros para llegar hasta B\u00e9lgica fue capaz de dar lo mejor, llegaron con 2 corderos y salmones de la Patagonia para mostrar su especialidad.<\/p>\n<p style=\"text-align: justify;\">Su participaci\u00f3n no estuvo exenta de inconvenientes, \u00abNo pueden hacer fuego, nos dijeron\u00bb coment\u00f3 Fabi\u00e1n, por lo que debieron obtener permisos especiales del municipio y de Bomberos para encender fuego y hasta descargar a pala una camionada de arena para asegurar la zona donde realizaron el asado al palo.<\/p>\n<p style=\"text-align: justify;\">\u00abY la reventamos hoy mostrando las virtudes de nuestra tierra: Corderos y salmones al palo&#8230;sacamos m\u00e1s de 200 platos de degustaciones, el p\u00fablico y nosotros como equipo felices\u00bb, finaliz\u00f3 Gillibrand.<\/p>\n<p style=\"text-align: justify;\">Sin duda, los seis integrantes del Team Patagonia regresar\u00e1n a la regi\u00f3n de Ays\u00e9n cargados de energ\u00edas y con una Copa, reconocimiento al \u00abMejor Equipo\u00bb, que les recordar\u00e1 el excelente trabajo que hicieron, y que adem\u00e1s podr\u00e1n lucir en su local gastron\u00f3mico en Puerto Ays\u00e9n.<\/p>\n<\/div><\/section><\/div><div  style='height:50px' class='hr hr-invisible   avia-builder-el-6  el_after_av_one_full  el_before_av_social_share '><span class='hr-inner ' ><span class='hr-inner-style'><\/span><\/span><\/div><\/p>\n<div  class='av-social-sharing-box  avia-builder-el-7  el_after_av_hr  el_before_av_hr  '><div class='av-share-box'><h5 class='av-share-link-description av-no-toc '>Compartir esta noticia<\/h5><ul class='av-share-box-list noLightbox'><li class='av-share-link av-social-link-facebook' ><a target=\"_blank\" aria-label=\"Compartir en Facebook\" href='https:\/\/www.facebook.com\/sharer.php?u=https:\/\/radiorevelacionfm.cl\/?p=21460&#038;t=Equipo%20Aysenino%20brilla%20en%20el%20Mundial%20de%20Parrilleros%20desarrollado%20en%20B%C3%A9lgica' aria-hidden='false' data-av_icon='\ue8f3' data-av_iconfont='entypo-fontello' title='' data-avia-related-tooltip='Compartir en Facebook' rel=\"noopener\"><span class='avia_hidden_link_text'>Compartir en Facebook<\/span><\/a><\/li><li class='av-share-link av-social-link-twitter' ><a target=\"_blank\" aria-label=\"Compartir en Twitter\" href='https:\/\/twitter.com\/share?text=Equipo%20Aysenino%20brilla%20en%20el%20Mundial%20de%20Parrilleros%20desarrollado%20en%20B%C3%A9lgica&#038;url=https:\/\/radiorevelacionfm.cl\/?p=21460' aria-hidden='false' data-av_icon='\ue8f1' data-av_iconfont='entypo-fontello' title='' data-avia-related-tooltip='Compartir en Twitter' rel=\"noopener\"><span class='avia_hidden_link_text'>Compartir en Twitter<\/span><\/a><\/li><li class='av-share-link av-social-link-whatsapp' ><a target=\"_blank\" aria-label=\"Compartir en Whatsapp\" href='https:\/\/api.whatsapp.com\/send?text=https:\/\/radiorevelacionfm.cl\/?p=21460' aria-hidden='false' data-av_icon='\uf232' data-av_iconfont='entypo-fontello' title='' data-avia-related-tooltip='Compartir en Whatsapp' rel=\"noopener\"><span class='avia_hidden_link_text'>Compartir en Whatsapp<\/span><\/a><\/li><li class='av-share-link av-social-link-linkedin' ><a target=\"_blank\" aria-label=\"Compartir en LinkedIn\" href='https:\/\/linkedin.com\/shareArticle?mini=true&#038;title=Equipo%20Aysenino%20brilla%20en%20el%20Mundial%20de%20Parrilleros%20desarrollado%20en%20B%C3%A9lgica&#038;url=https:\/\/radiorevelacionfm.cl\/?p=21460' aria-hidden='false' data-av_icon='\ue8fc' data-av_iconfont='entypo-fontello' title='' data-avia-related-tooltip='Compartir en LinkedIn' rel=\"noopener\"><span class='avia_hidden_link_text'>Compartir en LinkedIn<\/span><\/a><\/li><li class='av-share-link av-social-link-mail' ><a  aria-label=\"Compartir por correo\" href='mailto:?subject=Equipo%20Aysenino%20brilla%20en%20el%20Mundial%20de%20Parrilleros%20desarrollado%20en%20B%C3%A9lgica&#038;body=https:\/\/radiorevelacionfm.cl\/?p=21460' aria-hidden='false' data-av_icon='\ue805' data-av_iconfont='entypo-fontello' title='' data-avia-related-tooltip='Compartir por correo'><span class='avia_hidden_link_text'>Compartir por correo<\/span><\/a><\/li><\/ul><\/div><\/div>\n<div  style='height:50px' class='hr hr-invisible   avia-builder-el-8  el_after_av_social_share  el_before_av_comments_list '><span class='hr-inner ' ><span class='hr-inner-style'><\/span><\/span><\/div>\n<div  class='av-buildercomment  av-blog-meta-html-info-disabled av-blog-meta-tag-disabled  '><\/div>\n","protected":false},"excerpt":{"rendered":"","protected":false},"author":1,"featured_media":21462,"comment_status":"open","ping_status":"open","sticky":false,"template":"","format":"standard","meta":{"footnotes":""},"categories":[38],"tags":[],"class_list":["post-21460","post","type-post","status-publish","format-standard","has-post-thumbnail","hentry","category-regional"],"jetpack_featured_media_url":"https:\/\/radiorevelacionfm.cl\/wp-content\/uploads\/2022\/09\/image-85_optimized.jpg","_links":{"self":[{"href":"https:\/\/radiorevelacionfm.cl\/index.php?rest_route=\/wp\/v2\/posts\/21460","targetHints":{"allow":["GET"]}}],"collection":[{"href":"https:\/\/radiorevelacionfm.cl\/index.php?rest_route=\/wp\/v2\/posts"}],"about":[{"href":"https:\/\/radiorevelacionfm.cl\/index.php?rest_route=\/wp\/v2\/types\/post"}],"author":[{"embeddable":true,"href":"https:\/\/radiorevelacionfm.cl\/index.php?rest_route=\/wp\/v2\/users\/1"}],"replies":[{"embeddable":true,"href":"https:\/\/radiorevelacionfm.cl\/index.php?rest_route=%2Fwp%2Fv2%2Fcomments&post=21460"}],"version-history":[{"count":6,"href":"https:\/\/radiorevelacionfm.cl\/index.php?rest_route=\/wp\/v2\/posts\/21460\/revisions"}],"predecessor-version":[{"id":21474,"href":"https:\/\/radiorevelacionfm.cl\/index.php?rest_route=\/wp\/v2\/posts\/21460\/revisions\/21474"}],"wp:featuredmedia":[{"embeddable":true,"href":"https:\/\/radiorevelacionfm.cl\/index.php?rest_route=\/wp\/v2\/media\/21462"}],"wp:attachment":[{"href":"https:\/\/radiorevelacionfm.cl\/index.php?rest_route=%2Fwp%2Fv2%2Fmedia&parent=21460"}],"wp:term":[{"taxonomy":"category","embeddable":true,"href":"https:\/\/radiorevelacionfm.cl\/index.php?rest_route=%2Fwp%2Fv2%2Fcategories&post=21460"},{"taxonomy":"post_tag","embeddable":true,"href":"https:\/\/radiorevelacionfm.cl\/index.php?rest_route=%2Fwp%2Fv2%2Ftags&post=21460"}],"curies":[{"name":"wp","href":"https:\/\/api.w.org\/{rel}","templated":true}]}}