{"id":21456,"date":"2022-09-05T00:09:37","date_gmt":"2022-09-05T03:09:37","guid":{"rendered":"https:\/\/radiorevelacionfm.cl\/?p=21456"},"modified":"2022-09-05T10:18:51","modified_gmt":"2022-09-05T13:18:51","slug":"carabineros-aysen-seguridad-y-rol-facilitador-durante-el-plebiscito-constitucional","status":"publish","type":"post","link":"https:\/\/radiorevelacionfm.cl\/?p=21456","title":{"rendered":"Carabineros Ays\u00e9n: Seguridad y rol facilitador durante el plebiscito constitucional"},"content":{"rendered":"<div class=\"flex_column av_one_full  flex_column_div av-zero-column-padding first  avia-builder-el-0  el_before_av_one_full  avia-builder-el-first  \" style='border-radius:0px; '><div  class='avia-image-container  av-styling-    avia-builder-el-1  avia-builder-el-no-sibling  avia-align-center '  itemprop=\"image\" itemscope=\"itemscope\" itemtype=\"https:\/\/schema.org\/ImageObject\"  ><div class='avia-image-container-inner'><div class='avia-image-overlay-wrap'><img decoding=\"async\" class='wp-image-21457 avia-img-lazy-loading-not-21457 avia_image' src=\"https:\/\/radiorevelacionfm.cl\/wp-content\/uploads\/2022\/09\/fb0gu3jwiaibtwa-1_optimized-1_optimized-1.jpg\" alt='' title='fb0gu3jwiaibtwa-(1)_optimized-(1)_optimized (1)' height=\"600\" width=\"1331\"  itemprop=\"thumbnailUrl\" srcset=\"https:\/\/radiorevelacionfm.cl\/wp-content\/uploads\/2022\/09\/fb0gu3jwiaibtwa-1_optimized-1_optimized-1.jpg 1331w, https:\/\/radiorevelacionfm.cl\/wp-content\/uploads\/2022\/09\/fb0gu3jwiaibtwa-1_optimized-1_optimized-1-300x135.jpg 300w, https:\/\/radiorevelacionfm.cl\/wp-content\/uploads\/2022\/09\/fb0gu3jwiaibtwa-1_optimized-1_optimized-1-1030x464.jpg 1030w, https:\/\/radiorevelacionfm.cl\/wp-content\/uploads\/2022\/09\/fb0gu3jwiaibtwa-1_optimized-1_optimized-1-768x346.jpg 768w, https:\/\/radiorevelacionfm.cl\/wp-content\/uploads\/2022\/09\/fb0gu3jwiaibtwa-1_optimized-1_optimized-1-705x318.jpg 705w, https:\/\/radiorevelacionfm.cl\/wp-content\/uploads\/2022\/09\/fb0gu3jwiaibtwa-1_optimized-1_optimized-1-600x270.jpg 600w\" sizes=\"(max-width: 1331px) 100vw, 1331px\" \/><\/div><\/div><\/div><\/div><div class=\"flex_column av_one_full  flex_column_div av-zero-column-padding first  avia-builder-el-2  el_after_av_one_full  el_before_av_one_full  column-top-margin\" style='border-radius:0px; '><section class=\"av_textblock_section \"  itemscope=\"itemscope\" itemtype=\"https:\/\/schema.org\/BlogPosting\" itemprop=\"blogPost\" ><div class='avia_textblock  '   itemprop=\"text\" ><p style=\"text-align: center;\"><strong><span style=\"font-size: 18pt;\">Carabineros Ays\u00e9n: Seguridad y rol facilitador durante el plebiscito constitucional<\/span><\/strong><\/p>\n<div id=\"gtx-trans\" style=\"position: absolute; left: -50px; top: 4.31534px;\">\n<div class=\"gtx-trans-icon\"><\/div>\n<\/div>\n<\/div><\/section><\/div><div class=\"flex_column av_one_full  flex_column_div av-zero-column-padding first  avia-builder-el-4  el_after_av_one_full  el_before_av_hr  column-top-margin\" style='border-radius:0px; '><section class=\"av_textblock_section \"  itemscope=\"itemscope\" itemtype=\"https:\/\/schema.org\/BlogPosting\" itemprop=\"blogPost\" ><div class='avia_textblock  '   itemprop=\"text\" ><p class=\"v1MsoNormal\" style=\"text-align: justify;\">La jornada transcurri\u00f3 en un ambiente de tranquilidad, sin que se hayan registrado hechos que puedan haber alterado la tranquilidad de este proceso hist\u00f3rico.<\/p>\n<p class=\"v1MsoNormal\" style=\"text-align: justify;\">M\u00e1s de 150 Carabineros para la cobertura del plebiscito constitucional y 86 destinados al resguardo de los 39 locales de votaci\u00f3n, fueron desplegados a partir de las 06:00 horas del domingo 4 de septiembre para garantizar la seguridad de este proceso hist\u00f3rico.<\/p>\n<p class=\"v1MsoNormal\" style=\"text-align: justify;\">La jornada comenz\u00f3 con la cuenta del personal por parte del Jefe de la XI Zona de Carabineros Ays\u00e9n, General Hugo Zenteno V\u00e1squez, impartiendo las instrucciones para el resguardo de esta jornada de votaciones sumado a un rol facilitador y colaborativo garantizando el expedito acceso y sin contratiempos a adultos mayores, personas con movilidad reducida para permitir el ejercicio de su derecho a sufragio, trabajo que tanto en los d\u00edas previos como durante la jornada cont\u00f3 con el apoyo e instrucci\u00f3n de la Secci\u00f3n Regional de DDHH Ays\u00e9n de la Instituci\u00f3n.<\/p>\n<p class=\"v1MsoNormal\" style=\"text-align: justify;\">El trabajo por parte de Carabineros comenz\u00f3 en los d\u00edas previos con los servicios de escolta del material electoral, instalaci\u00f3n del servicio con motivo del reconocimiento de mesas, resguardo del proceso, recepci\u00f3n de constancias excusatorias y extensi\u00f3n del servicio hasta las horas posteriores al cierre de mesas.<\/p>\n<p class=\"v1MsoNormal\" style=\"text-align: justify;\">Desde primeras horas de la madrugada y durante el d\u00eda, una gran cantidad de personas acudi\u00f3 hasta los distintos cuarteles institucionales con la finalidad de presentar las excusas por encontrarse a m\u00e1s de 200 kil\u00f3metros del local de votaci\u00f3n. Hasta las 17:00 horas de este domingo, Carabineros hab\u00eda recibido m\u00e1s de 7 mil excusas en la regi\u00f3n, en tanto que a nivel nacional \u2013hasta el cierre de esta edici\u00f3n- la cifra llega a 214.829 justificaciones relativas a esta causalidad.<\/p>\n<p class=\"v1MsoNormal\" style=\"text-align: justify;\">El General Hugo Zenteno V\u00e1squez indic\u00f3 que el proceso se desarroll\u00f3 desde primera hora con total tranquilidad y en un clima de seguridad. \u00abEl personal estaba apostado desde muy temprano conforme a la planificaci\u00f3n. Respecto a las constancias excusatorias hubo un incremento en Coyhaique por lo tanto tuvimos que aumentar los m\u00f3dulos de atenci\u00f3n \u2013y tambi\u00e9n en la 5ta COP- extraordinariamente enviamos personal desde Ays\u00e9n a Puerto Cisnes por esta misma raz\u00f3n, sin que se registraran personas detenidas\u00bb, indic\u00f3.<\/p>\n<p class=\"v1MsoNormal\" style=\"text-align: justify;\">Carabineros destac\u00f3 el comportamiento que hist\u00f3ricamente han demostrado los ciudadanos en la regi\u00f3n de Ays\u00e9n, antes, durante y despu\u00e9s de cada proceso de votaciones, el cual se ha desarrollado de manera segura y en un marco de tranquilidad.<\/p>\n<\/div><\/section><\/div><div  style='height:50px' class='hr hr-invisible   avia-builder-el-6  el_after_av_one_full  el_before_av_social_share '><span class='hr-inner ' ><span class='hr-inner-style'><\/span><\/span><\/div><\/p>\n<div  class='av-social-sharing-box  avia-builder-el-7  el_after_av_hr  el_before_av_hr  '><div class='av-share-box'><h5 class='av-share-link-description av-no-toc '>Compartir esta noticia<\/h5><ul class='av-share-box-list noLightbox'><li class='av-share-link av-social-link-facebook' ><a target=\"_blank\" aria-label=\"Compartir en Facebook\" href='https:\/\/www.facebook.com\/sharer.php?u=https:\/\/radiorevelacionfm.cl\/?p=21456&#038;t=Carabineros%20Ays%C3%A9n%3A%20Seguridad%20y%20rol%20facilitador%20durante%20el%20plebiscito%20constitucional' aria-hidden='false' data-av_icon='\ue8f3' data-av_iconfont='entypo-fontello' title='' data-avia-related-tooltip='Compartir en Facebook' rel=\"noopener\"><span class='avia_hidden_link_text'>Compartir en Facebook<\/span><\/a><\/li><li class='av-share-link av-social-link-twitter' ><a target=\"_blank\" aria-label=\"Compartir en Twitter\" href='https:\/\/twitter.com\/share?text=Carabineros%20Ays%C3%A9n%3A%20Seguridad%20y%20rol%20facilitador%20durante%20el%20plebiscito%20constitucional&#038;url=https:\/\/radiorevelacionfm.cl\/?p=21456' aria-hidden='false' data-av_icon='\ue8f1' data-av_iconfont='entypo-fontello' title='' data-avia-related-tooltip='Compartir en Twitter' rel=\"noopener\"><span class='avia_hidden_link_text'>Compartir en Twitter<\/span><\/a><\/li><li class='av-share-link av-social-link-whatsapp' ><a target=\"_blank\" aria-label=\"Compartir en Whatsapp\" href='https:\/\/api.whatsapp.com\/send?text=https:\/\/radiorevelacionfm.cl\/?p=21456' aria-hidden='false' data-av_icon='\uf232' data-av_iconfont='entypo-fontello' title='' data-avia-related-tooltip='Compartir en Whatsapp' rel=\"noopener\"><span class='avia_hidden_link_text'>Compartir en Whatsapp<\/span><\/a><\/li><li class='av-share-link av-social-link-linkedin' ><a target=\"_blank\" aria-label=\"Compartir en LinkedIn\" href='https:\/\/linkedin.com\/shareArticle?mini=true&#038;title=Carabineros%20Ays%C3%A9n%3A%20Seguridad%20y%20rol%20facilitador%20durante%20el%20plebiscito%20constitucional&#038;url=https:\/\/radiorevelacionfm.cl\/?p=21456' aria-hidden='false' data-av_icon='\ue8fc' data-av_iconfont='entypo-fontello' title='' data-avia-related-tooltip='Compartir en LinkedIn' rel=\"noopener\"><span class='avia_hidden_link_text'>Compartir en LinkedIn<\/span><\/a><\/li><li class='av-share-link av-social-link-mail' ><a  aria-label=\"Compartir por correo\" href='mailto:?subject=Carabineros%20Ays%C3%A9n%3A%20Seguridad%20y%20rol%20facilitador%20durante%20el%20plebiscito%20constitucional&#038;body=https:\/\/radiorevelacionfm.cl\/?p=21456' aria-hidden='false' data-av_icon='\ue805' data-av_iconfont='entypo-fontello' title='' data-avia-related-tooltip='Compartir por correo'><span class='avia_hidden_link_text'>Compartir por correo<\/span><\/a><\/li><\/ul><\/div><\/div>\n<div  style='height:50px' class='hr hr-invisible   avia-builder-el-8  el_after_av_social_share  el_before_av_comments_list '><span class='hr-inner ' ><span class='hr-inner-style'><\/span><\/span><\/div>\n<div  class='av-buildercomment  av-blog-meta-html-info-disabled av-blog-meta-tag-disabled  '><\/div>\n","protected":false},"excerpt":{"rendered":"","protected":false},"author":1,"featured_media":21457,"comment_status":"open","ping_status":"open","sticky":false,"template":"","format":"standard","meta":{"footnotes":""},"categories":[36],"tags":[],"class_list":["post-21456","post","type-post","status-publish","format-standard","has-post-thumbnail","hentry","category-policial"],"jetpack_featured_media_url":"https:\/\/radiorevelacionfm.cl\/wp-content\/uploads\/2022\/09\/fb0gu3jwiaibtwa-1_optimized-1_optimized-1.jpg","_links":{"self":[{"href":"https:\/\/radiorevelacionfm.cl\/index.php?rest_route=\/wp\/v2\/posts\/21456","targetHints":{"allow":["GET"]}}],"collection":[{"href":"https:\/\/radiorevelacionfm.cl\/index.php?rest_route=\/wp\/v2\/posts"}],"about":[{"href":"https:\/\/radiorevelacionfm.cl\/index.php?rest_route=\/wp\/v2\/types\/post"}],"author":[{"embeddable":true,"href":"https:\/\/radiorevelacionfm.cl\/index.php?rest_route=\/wp\/v2\/users\/1"}],"replies":[{"embeddable":true,"href":"https:\/\/radiorevelacionfm.cl\/index.php?rest_route=%2Fwp%2Fv2%2Fcomments&post=21456"}],"version-history":[{"count":2,"href":"https:\/\/radiorevelacionfm.cl\/index.php?rest_route=\/wp\/v2\/posts\/21456\/revisions"}],"predecessor-version":[{"id":21484,"href":"https:\/\/radiorevelacionfm.cl\/index.php?rest_route=\/wp\/v2\/posts\/21456\/revisions\/21484"}],"wp:featuredmedia":[{"embeddable":true,"href":"https:\/\/radiorevelacionfm.cl\/index.php?rest_route=\/wp\/v2\/media\/21457"}],"wp:attachment":[{"href":"https:\/\/radiorevelacionfm.cl\/index.php?rest_route=%2Fwp%2Fv2%2Fmedia&parent=21456"}],"wp:term":[{"taxonomy":"category","embeddable":true,"href":"https:\/\/radiorevelacionfm.cl\/index.php?rest_route=%2Fwp%2Fv2%2Fcategories&post=21456"},{"taxonomy":"post_tag","embeddable":true,"href":"https:\/\/radiorevelacionfm.cl\/index.php?rest_route=%2Fwp%2Fv2%2Ftags&post=21456"}],"curies":[{"name":"wp","href":"https:\/\/api.w.org\/{rel}","templated":true}]}}