{"id":21452,"date":"2022-09-05T13:40:55","date_gmt":"2022-09-05T16:40:55","guid":{"rendered":"https:\/\/radiorevelacionfm.cl\/?p=21452"},"modified":"2022-09-05T13:40:55","modified_gmt":"2022-09-05T16:40:55","slug":"este-martes-se-realizara-el-seminario-normativa-laboral-y-extranjeria","status":"publish","type":"post","link":"https:\/\/radiorevelacionfm.cl\/?p=21452","title":{"rendered":"Este martes se realizar\u00e1 el Seminario \u201cNormativa laboral y extranjer\u00eda\u201d"},"content":{"rendered":"<div class=\"flex_column av_one_full  flex_column_div av-zero-column-padding first  avia-builder-el-0  el_before_av_one_full  avia-builder-el-first  \" style='border-radius:0px; '><div  class='avia-image-container  av-styling-    avia-builder-el-1  avia-builder-el-no-sibling  avia-align-center '  itemprop=\"image\" itemscope=\"itemscope\" itemtype=\"https:\/\/schema.org\/ImageObject\"  ><div class='avia-image-container-inner'><div class='avia-image-overlay-wrap'><img decoding=\"async\" class='wp-image-21453 avia-img-lazy-loading-not-21453 avia_image' src=\"https:\/\/radiorevelacionfm.cl\/wp-content\/uploads\/2022\/09\/Afiche-SEM-Normativa-Laboral-y-Extranjeria-1-1.jpeg\" alt='' title='Afiche SEM Normativa Laboral y Extranjeria (1) (1)' height=\"600\" width=\"424\"  itemprop=\"thumbnailUrl\" srcset=\"https:\/\/radiorevelacionfm.cl\/wp-content\/uploads\/2022\/09\/Afiche-SEM-Normativa-Laboral-y-Extranjeria-1-1.jpeg 424w, https:\/\/radiorevelacionfm.cl\/wp-content\/uploads\/2022\/09\/Afiche-SEM-Normativa-Laboral-y-Extranjeria-1-1-212x300.jpeg 212w\" sizes=\"(max-width: 424px) 100vw, 424px\" \/><\/div><\/div><\/div><\/div><div class=\"flex_column av_one_full  flex_column_div av-zero-column-padding first  avia-builder-el-2  el_after_av_one_full  el_before_av_one_full  column-top-margin\" style='border-radius:0px; '><section class=\"av_textblock_section \"  itemscope=\"itemscope\" itemtype=\"https:\/\/schema.org\/BlogPosting\" itemprop=\"blogPost\" ><div class='avia_textblock  '   itemprop=\"text\" ><p style=\"text-align: center;\"><span style=\"font-size: 18pt;\"><strong>Este martes se realizar\u00e1 el Seminario \u201cNormativa laboral y extranjer\u00eda\u201d <\/strong><\/span><\/p>\n<div id=\"gtx-trans\" style=\"position: absolute; left: -50px; top: 4.31534px;\">\n<div class=\"gtx-trans-icon\"><\/div>\n<\/div>\n<\/div><\/section><\/div><div class=\"flex_column av_one_full  flex_column_div av-zero-column-padding first  avia-builder-el-4  el_after_av_one_full  el_before_av_hr  column-top-margin\" style='border-radius:0px; '><section class=\"av_textblock_section \"  itemscope=\"itemscope\" itemtype=\"https:\/\/schema.org\/BlogPosting\" itemprop=\"blogPost\" ><div class='avia_textblock  '   itemprop=\"text\" ><p style=\"text-align: justify;\">Con la puesta en marcha de la nueva Ley de Migraci\u00f3n y Extranjer\u00eda, Ley N\u00ba 21.325, han surgido en su aplicaci\u00f3n diversas interrogantes, siendo una de ellas, en el aspecto laboral. Para apoyar la informaci\u00f3n, este martes 6 de septiembre, a las 9:30, se realizar\u00e1 en el Centro Cultural Coyhaique, el seminario \u201cNormativa Laboral y Extranjer\u00eda: \u00bfc\u00f3mo contratar a un extranjero?\u201d.<\/p>\n<p style=\"text-align: justify;\">La iniciativa surgi\u00f3 desde la C\u00e1mara de Comercio Coyhaique, tal como lo explica su presidenta, Dayssi Mondelo, \u201cComo C\u00e1mara de Comercio Coyhaique quisimos organizar este seminario e involucrar a diversas instituciones, ya que estas instancias de formaci\u00f3n son s\u00fa\u2019per importantes para nuestro gremio. Muchas personas extranjeras se han incorporado como trabajadores en diferentes \u00e1reas y sectores. Lo importante es que estas personas accedan a empleos formales y con ello, tambi\u00e9n accedan a las prestaciones sociales y de seguridad. Y nosotros, los empleadores tener clara la normativa, para no cometer errores ni exponernos a sanciones\u201d.<\/p>\n<p style=\"text-align: justify;\">Con respecto a la alianza entre instituciones para esta instancia, se refiri\u00f3 el Seremi del Trabajo y Previsi\u00f3n Social, Rodrigo D\u00edaz, \u201cEn nuestra Regi\u00f3n de Ays\u00e9n se han incorporado a la comunidad y como trabajadores muchas personas extranjeras, y como Ministerio de Trabajo y Previsi\u00f3n Social debemos velar por apoyarlos, tanto a ellos como a los empleadores, para que se puedan integrar cumpliendo la ley, con contratos formales, cumpliendo las obligaciones y de esta forma, tengan todos los derechos que les corresponden. Por ello, apoyamos la iniciativa de la C\u00e1mara de Comercio de Coyhaique, donde tambi\u00e9n est\u00e1n participando como organizadores y con exposiciones, la Direcci\u00f3n del Trabajo, el Observatorio Laboral, la PDI y el Servicio de Migraciones, realiz\u00e1ndose luego un panel donde se aclarar\u00e1n todas las consultas que existan. Debemos mencionar que esperamos que esta sea una primera instancia de capacitaci\u00f3n, para luego ir realizando otras en temas puntuales, integrando tambi\u00e9n a organizaciones de la sociedad civil migrante\u201d, coment\u00f3.<\/p>\n<p style=\"text-align: justify;\">El seminario ser\u00e1 presencial, sin embargo, se transmitir\u00e1 en vivo a trav\u00e9s del Facebook MintrabAys\u00e9n, para quienes se encuentren fuera de Coyhaique o de la regi\u00f3n.<\/p>\n<\/div><\/section><\/div><div  style='height:50px' class='hr hr-invisible   avia-builder-el-6  el_after_av_one_full  el_before_av_social_share '><span class='hr-inner ' ><span class='hr-inner-style'><\/span><\/span><\/div><\/p>\n<div  class='av-social-sharing-box  avia-builder-el-7  el_after_av_hr  el_before_av_hr  '><div class='av-share-box'><h5 class='av-share-link-description av-no-toc '>Compartir esta noticia<\/h5><ul class='av-share-box-list noLightbox'><li class='av-share-link av-social-link-facebook' ><a target=\"_blank\" aria-label=\"Compartir en Facebook\" href='https:\/\/www.facebook.com\/sharer.php?u=https:\/\/radiorevelacionfm.cl\/?p=21452&#038;t=Este%20martes%20se%20realizar%C3%A1%20el%20Seminario%20%E2%80%9CNormativa%20laboral%20y%20extranjer%C3%ADa%E2%80%9D' aria-hidden='false' data-av_icon='\ue8f3' data-av_iconfont='entypo-fontello' title='' data-avia-related-tooltip='Compartir en Facebook' rel=\"noopener\"><span class='avia_hidden_link_text'>Compartir en Facebook<\/span><\/a><\/li><li class='av-share-link av-social-link-twitter' ><a target=\"_blank\" aria-label=\"Compartir en Twitter\" href='https:\/\/twitter.com\/share?text=Este%20martes%20se%20realizar%C3%A1%20el%20Seminario%20%E2%80%9CNormativa%20laboral%20y%20extranjer%C3%ADa%E2%80%9D&#038;url=https:\/\/radiorevelacionfm.cl\/?p=21452' aria-hidden='false' data-av_icon='\ue8f1' data-av_iconfont='entypo-fontello' title='' data-avia-related-tooltip='Compartir en Twitter' rel=\"noopener\"><span class='avia_hidden_link_text'>Compartir en Twitter<\/span><\/a><\/li><li class='av-share-link av-social-link-whatsapp' ><a target=\"_blank\" aria-label=\"Compartir en Whatsapp\" href='https:\/\/api.whatsapp.com\/send?text=https:\/\/radiorevelacionfm.cl\/?p=21452' aria-hidden='false' data-av_icon='\uf232' data-av_iconfont='entypo-fontello' title='' data-avia-related-tooltip='Compartir en Whatsapp' rel=\"noopener\"><span class='avia_hidden_link_text'>Compartir en Whatsapp<\/span><\/a><\/li><li class='av-share-link av-social-link-linkedin' ><a target=\"_blank\" aria-label=\"Compartir en LinkedIn\" href='https:\/\/linkedin.com\/shareArticle?mini=true&#038;title=Este%20martes%20se%20realizar%C3%A1%20el%20Seminario%20%E2%80%9CNormativa%20laboral%20y%20extranjer%C3%ADa%E2%80%9D&#038;url=https:\/\/radiorevelacionfm.cl\/?p=21452' aria-hidden='false' data-av_icon='\ue8fc' data-av_iconfont='entypo-fontello' title='' data-avia-related-tooltip='Compartir en LinkedIn' rel=\"noopener\"><span class='avia_hidden_link_text'>Compartir en LinkedIn<\/span><\/a><\/li><li class='av-share-link av-social-link-mail' ><a  aria-label=\"Compartir por correo\" href='mailto:?subject=Este%20martes%20se%20realizar%C3%A1%20el%20Seminario%20%E2%80%9CNormativa%20laboral%20y%20extranjer%C3%ADa%E2%80%9D&#038;body=https:\/\/radiorevelacionfm.cl\/?p=21452' aria-hidden='false' data-av_icon='\ue805' data-av_iconfont='entypo-fontello' title='' data-avia-related-tooltip='Compartir por correo'><span class='avia_hidden_link_text'>Compartir por correo<\/span><\/a><\/li><\/ul><\/div><\/div>\n<div  style='height:50px' class='hr hr-invisible   avia-builder-el-8  el_after_av_social_share  el_before_av_comments_list '><span class='hr-inner ' ><span class='hr-inner-style'><\/span><\/span><\/div>\n<div  class='av-buildercomment  av-blog-meta-html-info-disabled av-blog-meta-tag-disabled  '><\/div>\n","protected":false},"excerpt":{"rendered":"","protected":false},"author":1,"featured_media":21454,"comment_status":"open","ping_status":"open","sticky":false,"template":"","format":"standard","meta":{"footnotes":""},"categories":[56],"tags":[],"class_list":["post-21452","post","type-post","status-publish","format-standard","has-post-thumbnail","hentry","category-trabajo"],"jetpack_featured_media_url":"https:\/\/radiorevelacionfm.cl\/wp-content\/uploads\/2022\/09\/Afiche-SEM-Normativa-Laboral-y-Extranjeria-2-1.jpeg","_links":{"self":[{"href":"https:\/\/radiorevelacionfm.cl\/index.php?rest_route=\/wp\/v2\/posts\/21452","targetHints":{"allow":["GET"]}}],"collection":[{"href":"https:\/\/radiorevelacionfm.cl\/index.php?rest_route=\/wp\/v2\/posts"}],"about":[{"href":"https:\/\/radiorevelacionfm.cl\/index.php?rest_route=\/wp\/v2\/types\/post"}],"author":[{"embeddable":true,"href":"https:\/\/radiorevelacionfm.cl\/index.php?rest_route=\/wp\/v2\/users\/1"}],"replies":[{"embeddable":true,"href":"https:\/\/radiorevelacionfm.cl\/index.php?rest_route=%2Fwp%2Fv2%2Fcomments&post=21452"}],"version-history":[{"count":2,"href":"https:\/\/radiorevelacionfm.cl\/index.php?rest_route=\/wp\/v2\/posts\/21452\/revisions"}],"predecessor-version":[{"id":21476,"href":"https:\/\/radiorevelacionfm.cl\/index.php?rest_route=\/wp\/v2\/posts\/21452\/revisions\/21476"}],"wp:featuredmedia":[{"embeddable":true,"href":"https:\/\/radiorevelacionfm.cl\/index.php?rest_route=\/wp\/v2\/media\/21454"}],"wp:attachment":[{"href":"https:\/\/radiorevelacionfm.cl\/index.php?rest_route=%2Fwp%2Fv2%2Fmedia&parent=21452"}],"wp:term":[{"taxonomy":"category","embeddable":true,"href":"https:\/\/radiorevelacionfm.cl\/index.php?rest_route=%2Fwp%2Fv2%2Fcategories&post=21452"},{"taxonomy":"post_tag","embeddable":true,"href":"https:\/\/radiorevelacionfm.cl\/index.php?rest_route=%2Fwp%2Fv2%2Ftags&post=21452"}],"curies":[{"name":"wp","href":"https:\/\/api.w.org\/{rel}","templated":true}]}}