{"id":21449,"date":"2022-09-05T10:50:01","date_gmt":"2022-09-05T13:50:01","guid":{"rendered":"https:\/\/radiorevelacionfm.cl\/?p=21449"},"modified":"2022-09-05T10:50:01","modified_gmt":"2022-09-05T13:50:01","slug":"calisto-realiza-ferrea-defensa-de-los-recursos-marinos-regionales-ante-emplazamiento-de-dirigentes-de-la-pesca-y-parlamentario-de-los-lagos","status":"publish","type":"post","link":"https:\/\/radiorevelacionfm.cl\/?p=21449","title":{"rendered":"Calisto realiza f\u00e9rrea defensa de los recursos marinos regionales ante emplazamiento de dirigentes de la pesca y parlamentario de Los Lagos"},"content":{"rendered":"<div class=\"flex_column av_one_full  flex_column_div av-zero-column-padding first  avia-builder-el-0  el_before_av_one_full  avia-builder-el-first  \" style='border-radius:0px; '><div  class='avia-image-container  av-styling-    avia-builder-el-1  avia-builder-el-no-sibling  avia-align-center '  itemprop=\"image\" itemscope=\"itemscope\" itemtype=\"https:\/\/schema.org\/ImageObject\"  ><div class='avia-image-container-inner'><div class='avia-image-overlay-wrap'><img decoding=\"async\" class='wp-image-21450 avia-img-lazy-loading-not-21450 avia_image' src=\"https:\/\/radiorevelacionfm.cl\/wp-content\/uploads\/2022\/09\/image-83-1.jpg\" alt='' title='image (83) (1)' height=\"600\" width=\"803\"  itemprop=\"thumbnailUrl\" srcset=\"https:\/\/radiorevelacionfm.cl\/wp-content\/uploads\/2022\/09\/image-83-1.jpg 803w, https:\/\/radiorevelacionfm.cl\/wp-content\/uploads\/2022\/09\/image-83-1-300x224.jpg 300w, https:\/\/radiorevelacionfm.cl\/wp-content\/uploads\/2022\/09\/image-83-1-768x574.jpg 768w, https:\/\/radiorevelacionfm.cl\/wp-content\/uploads\/2022\/09\/image-83-1-705x527.jpg 705w, https:\/\/radiorevelacionfm.cl\/wp-content\/uploads\/2022\/09\/image-83-1-600x448.jpg 600w\" sizes=\"(max-width: 803px) 100vw, 803px\" \/><\/div><\/div><\/div><\/div><div class=\"flex_column av_one_full  flex_column_div av-zero-column-padding first  avia-builder-el-2  el_after_av_one_full  el_before_av_one_full  column-top-margin\" style='border-radius:0px; '><section class=\"av_textblock_section \"  itemscope=\"itemscope\" itemtype=\"https:\/\/schema.org\/BlogPosting\" itemprop=\"blogPost\" ><div class='avia_textblock  '   itemprop=\"text\" ><p style=\"text-align: center;\"><span style=\"font-size: 18pt;\"><b><span lang=\"ES\">Calisto realiza f\u00e9rrea defensa de los recursos marinos regionales ante emplazamiento de dirigentes de la pesca y parlamentario de Los Lagos<\/span><\/b><\/span><\/p>\n<div id=\"gtx-trans\" style=\"position: absolute; left: -50px; top: 4.31534px;\">\n<div class=\"gtx-trans-icon\"><\/div>\n<\/div>\n<\/div><\/section><\/div><div class=\"flex_column av_one_full  flex_column_div av-zero-column-padding first  avia-builder-el-4  el_after_av_one_full  el_before_av_hr  column-top-margin\" style='border-radius:0px; '><section class=\"av_textblock_section \"  itemscope=\"itemscope\" itemtype=\"https:\/\/schema.org\/BlogPosting\" itemprop=\"blogPost\" ><div class='avia_textblock  '   itemprop=\"text\" ><p style=\"font-weight: 400; text-align: justify;\">Una f\u00e9rrea defensa a los recursos marinos regionales realiz\u00f3 el diputado Miguel \u00c1ngel Calisto, esto luego que representantes de la pesca artesanal y otro parlamentario lo emplazaran a legislar en favor de la D\u00e9cima Regi\u00f3n, todo en el marco de la discusi\u00f3n del proyecto que regula la extracci\u00f3n y producci\u00f3n de recursos bent\u00f3nicos que se discute en la comisi\u00f3n de Pesca de la C\u00e1mara.<\/p>\n<p style=\"font-weight: 400; text-align: justify;\">Custodio Cer\u00f3n, de la Mesa Bent\u00f3nica de Los Lagos, fue el primero en emplazar a la autoridad Regional, afirmando que \u201ctanto las pesquer\u00edas de Erizo como la luga, se sustentan en el manejo considerando una unidad poblacional, entre ambas regiones. La flota est\u00e1 integrada por pescadores artesanales que residen en ambas regiones. Las embarcaciones de Ays\u00e9n incorporan alrededor de 100 buzos inscritos en el registro de los lagos para realizar sus faenas, enti\u00e9ndalo se\u00f1or Calisto. Los titulares de Ays\u00e9n contratan buzos de Calbuco, Chilo\u00e9 para realizar las cosechas en \u00e1reas de manejo de Ays\u00e9n\u201d.<\/p>\n<p style=\"font-weight: 400; text-align: justify;\">Luego fue el turno del diputado por los Lagos\u00a0Mauro Gonz\u00e1lez, quien asegur\u00f3 que \u201chemos presentado iniciativas que buscan poder regular por ley y as\u00ed evitar problemas entre las personas que est\u00e1n vinculadas a los temas bent\u00f3nicos. Mi llamado es estar abierto al di\u00e1logo, por eso le solicitamos al diputado Calisto que podamos llegar a buenos acuerdos y poder regular esta situaci\u00f3n\u201d.<\/p>\n<p style=\"font-weight: 400; text-align: justify;\">Por su parte, el\u00a0diputado Calisto\u00a0asegur\u00f3 que \u201cnosotros en la regi\u00f3n de Ays\u00e9n tenemos una sola posici\u00f3n, la defensa de la regionalizaci\u00f3n de los recursos, somos contrarios al acuerdo de Zonas Contiguas. Hago un llamado a la Gobernadora Regional para que defienda los intereses de Ays\u00e9n por sobre los intereses de la D\u00e9cima Regi\u00f3n\u201d.<\/p>\n<p style=\"font-weight: 400; text-align: justify;\">\u201cDe una vez por todas, nosotros necesitamos desarrollar la actividad productiva de recurso bent\u00f3nico. Actualmente la industria de este recurso est\u00e1 en la D\u00e9cima Regi\u00f3n, en Quell\u00f3n. Lo que hacen es ir a extraer a Ays\u00e9n y lo procesan, lo venden y lo exportan desde Quell\u00f3n\u201d.<\/p>\n<p style=\"font-weight: 400; text-align: justify;\">El parlamentario asegur\u00f3 que \u201cpor las Zonas Contiguas, la d\u00e9cima Regi\u00f3n nos paga por extraer. Hay algunos parlamentarios, como el diputado Mauro Gonz\u00e1lez, que piden que ni siquiera exista eso, como, que vayan, saquen y vendan libremente, sin que dejen ning\u00fan tipo de compensaci\u00f3n, cuando lo que nos dejan son la basura y puros problemas en la comuna de Melinka\u201d.<\/p>\n<p style=\"font-weight: 400; text-align: justify;\">Finalmente, el diputado Calisto se\u00f1al\u00f3 que \u201cyo le quiero pedir directamente al Gobierno, que est\u00e1 aqu\u00ed presente en esta comisi\u00f3n, que defienda los intereses de los m\u00e1s chicos. Este es un gobierno que se comprometi\u00f3 con las chilenas y chilenos a defender a aquellos que han sido pisoteados por los grandes. Bueno, este es el caso, por lo que el llamado es a que no permitan que las regiones m\u00e1s grandes terminen comi\u00e9ndose a las m\u00e1s chicas en materia pesquera\u201d.<\/p>\n<\/div><\/section><\/div><div  style='height:50px' class='hr hr-invisible   avia-builder-el-6  el_after_av_one_full  el_before_av_social_share '><span class='hr-inner ' ><span class='hr-inner-style'><\/span><\/span><\/div><\/p>\n<div  class='av-social-sharing-box  avia-builder-el-7  el_after_av_hr  el_before_av_hr  '><div class='av-share-box'><h5 class='av-share-link-description av-no-toc '>Compartir esta noticia<\/h5><ul class='av-share-box-list noLightbox'><li class='av-share-link av-social-link-facebook' ><a target=\"_blank\" aria-label=\"Compartir en Facebook\" href='https:\/\/www.facebook.com\/sharer.php?u=https:\/\/radiorevelacionfm.cl\/?p=21449&#038;t=Calisto%20realiza%20f%C3%A9rrea%20defensa%20de%20los%20recursos%20marinos%20regionales%20ante%20emplazamiento%20de%20dirigentes%20de%20la%20pesca%20y%20parlamentario%20de%20Los%20Lagos' aria-hidden='false' data-av_icon='\ue8f3' data-av_iconfont='entypo-fontello' title='' data-avia-related-tooltip='Compartir en Facebook' rel=\"noopener\"><span class='avia_hidden_link_text'>Compartir en Facebook<\/span><\/a><\/li><li class='av-share-link av-social-link-twitter' ><a target=\"_blank\" aria-label=\"Compartir en Twitter\" href='https:\/\/twitter.com\/share?text=Calisto%20realiza%20f%C3%A9rrea%20defensa%20de%20los%20recursos%20marinos%20regionales%20ante%20emplazamiento%20de%20dirigentes%20de%20la%20pesca%20y%20parlamentario%20de%20Los%20Lagos&#038;url=https:\/\/radiorevelacionfm.cl\/?p=21449' aria-hidden='false' data-av_icon='\ue8f1' data-av_iconfont='entypo-fontello' title='' data-avia-related-tooltip='Compartir en Twitter' rel=\"noopener\"><span class='avia_hidden_link_text'>Compartir en Twitter<\/span><\/a><\/li><li class='av-share-link av-social-link-whatsapp' ><a target=\"_blank\" aria-label=\"Compartir en Whatsapp\" href='https:\/\/api.whatsapp.com\/send?text=https:\/\/radiorevelacionfm.cl\/?p=21449' aria-hidden='false' data-av_icon='\uf232' data-av_iconfont='entypo-fontello' title='' data-avia-related-tooltip='Compartir en Whatsapp' rel=\"noopener\"><span class='avia_hidden_link_text'>Compartir en Whatsapp<\/span><\/a><\/li><li class='av-share-link av-social-link-linkedin' ><a target=\"_blank\" aria-label=\"Compartir en LinkedIn\" href='https:\/\/linkedin.com\/shareArticle?mini=true&#038;title=Calisto%20realiza%20f%C3%A9rrea%20defensa%20de%20los%20recursos%20marinos%20regionales%20ante%20emplazamiento%20de%20dirigentes%20de%20la%20pesca%20y%20parlamentario%20de%20Los%20Lagos&#038;url=https:\/\/radiorevelacionfm.cl\/?p=21449' aria-hidden='false' data-av_icon='\ue8fc' data-av_iconfont='entypo-fontello' title='' data-avia-related-tooltip='Compartir en LinkedIn' rel=\"noopener\"><span class='avia_hidden_link_text'>Compartir en LinkedIn<\/span><\/a><\/li><li class='av-share-link av-social-link-mail' ><a  aria-label=\"Compartir por correo\" href='mailto:?subject=Calisto%20realiza%20f%C3%A9rrea%20defensa%20de%20los%20recursos%20marinos%20regionales%20ante%20emplazamiento%20de%20dirigentes%20de%20la%20pesca%20y%20parlamentario%20de%20Los%20Lagos&#038;body=https:\/\/radiorevelacionfm.cl\/?p=21449' aria-hidden='false' data-av_icon='\ue805' data-av_iconfont='entypo-fontello' title='' data-avia-related-tooltip='Compartir por correo'><span class='avia_hidden_link_text'>Compartir por correo<\/span><\/a><\/li><\/ul><\/div><\/div>\n<div  style='height:50px' class='hr hr-invisible   avia-builder-el-8  el_after_av_social_share  el_before_av_comments_list '><span class='hr-inner ' ><span class='hr-inner-style'><\/span><\/span><\/div>\n<div  class='av-buildercomment  av-blog-meta-html-info-disabled av-blog-meta-tag-disabled  '><\/div>\n","protected":false},"excerpt":{"rendered":"","protected":false},"author":1,"featured_media":21450,"comment_status":"open","ping_status":"open","sticky":false,"template":"","format":"standard","meta":{"footnotes":""},"categories":[60,35],"tags":[],"class_list":["post-21449","post","type-post","status-publish","format-standard","has-post-thumbnail","hentry","category-pesca","category-politica"],"jetpack_featured_media_url":"https:\/\/radiorevelacionfm.cl\/wp-content\/uploads\/2022\/09\/image-83-1.jpg","_links":{"self":[{"href":"https:\/\/radiorevelacionfm.cl\/index.php?rest_route=\/wp\/v2\/posts\/21449","targetHints":{"allow":["GET"]}}],"collection":[{"href":"https:\/\/radiorevelacionfm.cl\/index.php?rest_route=\/wp\/v2\/posts"}],"about":[{"href":"https:\/\/radiorevelacionfm.cl\/index.php?rest_route=\/wp\/v2\/types\/post"}],"author":[{"embeddable":true,"href":"https:\/\/radiorevelacionfm.cl\/index.php?rest_route=\/wp\/v2\/users\/1"}],"replies":[{"embeddable":true,"href":"https:\/\/radiorevelacionfm.cl\/index.php?rest_route=%2Fwp%2Fv2%2Fcomments&post=21449"}],"version-history":[{"count":2,"href":"https:\/\/radiorevelacionfm.cl\/index.php?rest_route=\/wp\/v2\/posts\/21449\/revisions"}],"predecessor-version":[{"id":21469,"href":"https:\/\/radiorevelacionfm.cl\/index.php?rest_route=\/wp\/v2\/posts\/21449\/revisions\/21469"}],"wp:featuredmedia":[{"embeddable":true,"href":"https:\/\/radiorevelacionfm.cl\/index.php?rest_route=\/wp\/v2\/media\/21450"}],"wp:attachment":[{"href":"https:\/\/radiorevelacionfm.cl\/index.php?rest_route=%2Fwp%2Fv2%2Fmedia&parent=21449"}],"wp:term":[{"taxonomy":"category","embeddable":true,"href":"https:\/\/radiorevelacionfm.cl\/index.php?rest_route=%2Fwp%2Fv2%2Fcategories&post=21449"},{"taxonomy":"post_tag","embeddable":true,"href":"https:\/\/radiorevelacionfm.cl\/index.php?rest_route=%2Fwp%2Fv2%2Ftags&post=21449"}],"curies":[{"name":"wp","href":"https:\/\/api.w.org\/{rel}","templated":true}]}}