{"id":21443,"date":"2022-09-03T21:14:55","date_gmt":"2022-09-04T00:14:55","guid":{"rendered":"https:\/\/radiorevelacionfm.cl\/?p=21443"},"modified":"2022-09-03T21:20:53","modified_gmt":"2022-09-04T00:20:53","slug":"en-primera-sesion-del-crubc-liderada-por-la-gobernadora-se-discutiran-concesiones-maritimas","status":"publish","type":"post","link":"https:\/\/radiorevelacionfm.cl\/?p=21443","title":{"rendered":"En primera sesi\u00f3n del CRUBC liderada por la Gobernadora se discutir\u00e1n concesiones mar\u00edtimas"},"content":{"rendered":"<div class=\"flex_column av_one_full  flex_column_div av-zero-column-padding first  avia-builder-el-0  el_before_av_one_full  avia-builder-el-first  \" style='border-radius:0px; '><div  class='avia-image-container  av-styling-    avia-builder-el-1  avia-builder-el-no-sibling  avia-align-center '  itemprop=\"image\" itemscope=\"itemscope\" itemtype=\"https:\/\/schema.org\/ImageObject\"  ><div class='avia-image-container-inner'><div class='avia-image-overlay-wrap'><img decoding=\"async\" class='wp-image-21446 avia-img-lazy-loading-not-21446 avia_image' src=\"https:\/\/radiorevelacionfm.cl\/wp-content\/uploads\/2022\/09\/Gobernadora-Reg-2-2.jpeg\" alt='' title='Gobernadora Reg-2-2' height=\"600\" width=\"900\"  itemprop=\"thumbnailUrl\" srcset=\"https:\/\/radiorevelacionfm.cl\/wp-content\/uploads\/2022\/09\/Gobernadora-Reg-2-2.jpeg 900w, https:\/\/radiorevelacionfm.cl\/wp-content\/uploads\/2022\/09\/Gobernadora-Reg-2-2-300x200.jpeg 300w, https:\/\/radiorevelacionfm.cl\/wp-content\/uploads\/2022\/09\/Gobernadora-Reg-2-2-768x512.jpeg 768w, https:\/\/radiorevelacionfm.cl\/wp-content\/uploads\/2022\/09\/Gobernadora-Reg-2-2-705x470.jpeg 705w, https:\/\/radiorevelacionfm.cl\/wp-content\/uploads\/2022\/09\/Gobernadora-Reg-2-2-600x400.jpeg 600w\" sizes=\"(max-width: 900px) 100vw, 900px\" \/><\/div><\/div><\/div><\/div><div class=\"flex_column av_one_full  flex_column_div av-zero-column-padding first  avia-builder-el-2  el_after_av_one_full  el_before_av_one_full  column-top-margin\" style='border-radius:0px; '><section class=\"av_textblock_section \"  itemscope=\"itemscope\" itemtype=\"https:\/\/schema.org\/BlogPosting\" itemprop=\"blogPost\" ><div class='avia_textblock  '   itemprop=\"text\" ><p style=\"text-align: center;\"><strong><span style=\"font-size: 18pt;\">En primera sesi\u00f3n del CRUBC liderada por la Gobernadora se discutir\u00e1n concesiones mar\u00edtimas<\/span><\/strong><\/p>\n<div id=\"gtx-trans\" style=\"position: absolute; left: -50px; top: 4.31534px;\">\n<div class=\"gtx-trans-icon\"><\/div>\n<\/div>\n<\/div><\/section><\/div><\/p>\n<div class=\"flex_column av_one_full  flex_column_div av-zero-column-padding first  avia-builder-el-4  el_after_av_one_full  el_before_av_hr  column-top-margin\" style='border-radius:0px; '><section class=\"av_textblock_section \"  itemscope=\"itemscope\" itemtype=\"https:\/\/schema.org\/BlogPosting\" itemprop=\"blogPost\" ><div class='avia_textblock  '   itemprop=\"text\" ><p dir=\"ltr\" style=\"text-align: justify;\">Durante la ma\u00f1ana del martes la Gobernadora Regional, Andrea Mac\u00edas Palma, presidir\u00e1 por primera vez la Comisi\u00f3n Regional de Uso del Borde Costero (CRUBC) donde participar\u00e1n representantes de instituciones p\u00fablicas, privadas, y de organizaciones sociales, representantes de pueblos originarios.<\/p>\n<p dir=\"ltr\" style=\"text-align: justify;\">\u00abEsta Comisi\u00f3n tiene como objetivo revisar las distintas concesiones solicitadas para uso del borde costero y para ello siempre se tiene en cuenta los instrumentos de planificaci\u00f3n territorial as\u00ed como tambi\u00e9n los distintos usos preferentes que se han asignado a distintos lugares del maritorio\u00bb, expres\u00f3 la Gobernadora Regional, Andrea Mac\u00edas Palma.<\/p>\n<p dir=\"ltr\" style=\"text-align: justify;\">Es la primera CRUBC liderada por la Gobernadora de la Regi\u00f3n de Ays\u00e9n, Andrea Mac\u00edas Palma, luego de que el Gobierno del mandatario Gabriel Boric traspasara la presidencia del comit\u00e9 a las autoridades regionales.<\/p>\n<p dir=\"ltr\" style=\"text-align: justify;\">\u00abNosotros formamos parte como Delegaci\u00f3n Presidencial Regional junto con varios seremis y vamos a trabajar en la determinaci\u00f3n, en opini\u00f3n y en solicitud de informaci\u00f3n con respecto a los distintos usos que nuestra regi\u00f3n tiene de su borde costero\u00bb, dijo el Delegado Presidencial Regional, Rodrigo Araya.<\/p>\n<p dir=\"ltr\" style=\"text-align: justify;\">En la actividad se realizar\u00e1n exposiciones de la aprobaci\u00f3n del acta anterior, lectura de la correspondencia recibida durante el per\u00edodo 2021-2022, presentaci\u00f3n de los antecedentes sobre el reglamento de la Comisi\u00f3n Regional de Uso del Borde Costero y las modificaciones propuestas hasta la fecha, y dar respuesta a la subsecretar\u00eda de las Fuerzas Armadas respecto del mejor aprovechamiento de tres sectores, ante la consulta si a consideraci\u00f3n de la CRUBC es recomendable otorgar una concesi\u00f3n mar\u00edtima mayor ubicada en el estero Cupquelan y dos concesiones mar\u00edtimas menores, una en el Lago General Carrera, Chile Chico, y la otra en Chacabuco.<\/p>\n<p dir=\"ltr\" style=\"text-align: justify;\">\u00abHay una concesi\u00f3n mar\u00edtima mayor, y ah\u00ed estamos, efectivamente analizando, todos los antecedentes. Esta es una concesi\u00f3n que se encuentra en el estero Cupquelan, donde inicialmente se pretend\u00eda amparar el uso de instalaciones industriales. Esta es una instalaci\u00f3n que data del a\u00f1o 2006, sin embargo, esta es una concesi\u00f3n que no ha sido dada formalmente. Se iniciaron los tr\u00e1mites reci\u00e9n en el a\u00f1o 2015, por lo tanto, hay una situaci\u00f3n irregular que es necesario poder revisar y establecer si corresponde o no otorgar esta concesi\u00f3n del estero Cupquelan\u00bb, inform\u00f3 la Gobernadora Regional.<\/p>\n<p dir=\"ltr\" style=\"text-align: justify;\">Agreg\u00f3 que es importante propiciar modelos de desarrollo donde los procesos se hagan en la regi\u00f3n, respetando la legislaci\u00f3n ambiental, y que el di\u00e1logo est\u00e1 abierto para considerar el apoyo a iniciativas que cumplan con las normativas medioambientales.<\/p>\n<\/div><\/section><\/div>\n<div  style='height:50px' class='hr hr-invisible   avia-builder-el-6  el_after_av_one_full  el_before_av_social_share '><span class='hr-inner ' ><span class='hr-inner-style'><\/span><\/span><\/div>\n<div  class='av-social-sharing-box  avia-builder-el-7  el_after_av_hr  el_before_av_hr  '><div class='av-share-box'><h5 class='av-share-link-description av-no-toc '>Compartir esta noticia<\/h5><ul class='av-share-box-list noLightbox'><li class='av-share-link av-social-link-facebook' ><a target=\"_blank\" aria-label=\"Compartir en Facebook\" href='https:\/\/www.facebook.com\/sharer.php?u=https:\/\/radiorevelacionfm.cl\/?p=21443&#038;t=En%20primera%20sesi%C3%B3n%20del%20CRUBC%20liderada%20por%20la%20Gobernadora%20se%20discutir%C3%A1n%20concesiones%20mar%C3%ADtimas' aria-hidden='false' data-av_icon='\ue8f3' data-av_iconfont='entypo-fontello' title='' data-avia-related-tooltip='Compartir en Facebook' rel=\"noopener\"><span class='avia_hidden_link_text'>Compartir en Facebook<\/span><\/a><\/li><li class='av-share-link av-social-link-twitter' ><a target=\"_blank\" aria-label=\"Compartir en Twitter\" href='https:\/\/twitter.com\/share?text=En%20primera%20sesi%C3%B3n%20del%20CRUBC%20liderada%20por%20la%20Gobernadora%20se%20discutir%C3%A1n%20concesiones%20mar%C3%ADtimas&#038;url=https:\/\/radiorevelacionfm.cl\/?p=21443' aria-hidden='false' data-av_icon='\ue8f1' data-av_iconfont='entypo-fontello' title='' data-avia-related-tooltip='Compartir en Twitter' rel=\"noopener\"><span class='avia_hidden_link_text'>Compartir en Twitter<\/span><\/a><\/li><li class='av-share-link av-social-link-whatsapp' ><a target=\"_blank\" aria-label=\"Compartir en Whatsapp\" href='https:\/\/api.whatsapp.com\/send?text=https:\/\/radiorevelacionfm.cl\/?p=21443' aria-hidden='false' data-av_icon='\uf232' data-av_iconfont='entypo-fontello' title='' data-avia-related-tooltip='Compartir en Whatsapp' rel=\"noopener\"><span class='avia_hidden_link_text'>Compartir en Whatsapp<\/span><\/a><\/li><li class='av-share-link av-social-link-linkedin' ><a target=\"_blank\" aria-label=\"Compartir en LinkedIn\" href='https:\/\/linkedin.com\/shareArticle?mini=true&#038;title=En%20primera%20sesi%C3%B3n%20del%20CRUBC%20liderada%20por%20la%20Gobernadora%20se%20discutir%C3%A1n%20concesiones%20mar%C3%ADtimas&#038;url=https:\/\/radiorevelacionfm.cl\/?p=21443' aria-hidden='false' data-av_icon='\ue8fc' data-av_iconfont='entypo-fontello' title='' data-avia-related-tooltip='Compartir en LinkedIn' rel=\"noopener\"><span class='avia_hidden_link_text'>Compartir en LinkedIn<\/span><\/a><\/li><li class='av-share-link av-social-link-mail' ><a  aria-label=\"Compartir por correo\" href='mailto:?subject=En%20primera%20sesi%C3%B3n%20del%20CRUBC%20liderada%20por%20la%20Gobernadora%20se%20discutir%C3%A1n%20concesiones%20mar%C3%ADtimas&#038;body=https:\/\/radiorevelacionfm.cl\/?p=21443' aria-hidden='false' data-av_icon='\ue805' data-av_iconfont='entypo-fontello' title='' data-avia-related-tooltip='Compartir por correo'><span class='avia_hidden_link_text'>Compartir por correo<\/span><\/a><\/li><\/ul><\/div><\/div>\n<div  style='height:50px' class='hr hr-invisible   avia-builder-el-8  el_after_av_social_share  el_before_av_comments_list '><span class='hr-inner ' ><span class='hr-inner-style'><\/span><\/span><\/div>\n<div  class='av-buildercomment  av-blog-meta-html-info-disabled av-blog-meta-tag-disabled  '><\/div>\n","protected":false},"excerpt":{"rendered":"","protected":false},"author":1,"featured_media":21446,"comment_status":"open","ping_status":"open","sticky":false,"template":"","format":"standard","meta":{"footnotes":""},"categories":[38],"tags":[],"class_list":["post-21443","post","type-post","status-publish","format-standard","has-post-thumbnail","hentry","category-regional"],"jetpack_featured_media_url":"https:\/\/radiorevelacionfm.cl\/wp-content\/uploads\/2022\/09\/Gobernadora-Reg-2-2.jpeg","_links":{"self":[{"href":"https:\/\/radiorevelacionfm.cl\/index.php?rest_route=\/wp\/v2\/posts\/21443","targetHints":{"allow":["GET"]}}],"collection":[{"href":"https:\/\/radiorevelacionfm.cl\/index.php?rest_route=\/wp\/v2\/posts"}],"about":[{"href":"https:\/\/radiorevelacionfm.cl\/index.php?rest_route=\/wp\/v2\/types\/post"}],"author":[{"embeddable":true,"href":"https:\/\/radiorevelacionfm.cl\/index.php?rest_route=\/wp\/v2\/users\/1"}],"replies":[{"embeddable":true,"href":"https:\/\/radiorevelacionfm.cl\/index.php?rest_route=%2Fwp%2Fv2%2Fcomments&post=21443"}],"version-history":[{"count":3,"href":"https:\/\/radiorevelacionfm.cl\/index.php?rest_route=\/wp\/v2\/posts\/21443\/revisions"}],"predecessor-version":[{"id":21445,"href":"https:\/\/radiorevelacionfm.cl\/index.php?rest_route=\/wp\/v2\/posts\/21443\/revisions\/21445"}],"wp:featuredmedia":[{"embeddable":true,"href":"https:\/\/radiorevelacionfm.cl\/index.php?rest_route=\/wp\/v2\/media\/21446"}],"wp:attachment":[{"href":"https:\/\/radiorevelacionfm.cl\/index.php?rest_route=%2Fwp%2Fv2%2Fmedia&parent=21443"}],"wp:term":[{"taxonomy":"category","embeddable":true,"href":"https:\/\/radiorevelacionfm.cl\/index.php?rest_route=%2Fwp%2Fv2%2Fcategories&post=21443"},{"taxonomy":"post_tag","embeddable":true,"href":"https:\/\/radiorevelacionfm.cl\/index.php?rest_route=%2Fwp%2Fv2%2Ftags&post=21443"}],"curies":[{"name":"wp","href":"https:\/\/api.w.org\/{rel}","templated":true}]}}