{"id":2144,"date":"2021-01-27T16:36:32","date_gmt":"2021-01-27T19:36:32","guid":{"rendered":"https:\/\/radiorevelacionfm.cl\/?p=2144"},"modified":"2021-01-27T16:36:32","modified_gmt":"2021-01-27T19:36:32","slug":"autoridades-de-la-salud-hacen-un-llamado-a-hacer-un-buen-uso-de-la-red-asistencial-ante-un-aumento-de-casos-de-covid-19-en-la-region","status":"publish","type":"post","link":"https:\/\/radiorevelacionfm.cl\/?p=2144","title":{"rendered":"Autoridades de la salud hacen un llamado a hacer un buen uso de la Red Asistencial ante un aumento de casos de COVID-19 en la regi\u00f3n"},"content":{"rendered":"<div class=\"flex_column av_one_full  flex_column_div av-zero-column-padding first  avia-builder-el-0  el_before_av_one_full  avia-builder-el-first  \" style='border-radius:0px; '><div  class='avia-image-container  av-styling-    avia-builder-el-1  avia-builder-el-no-sibling  avia-align-center '  itemprop=\"image\" itemscope=\"itemscope\" itemtype=\"https:\/\/schema.org\/ImageObject\"  ><div class='avia-image-container-inner'><div class='avia-image-overlay-wrap'><img decoding=\"async\" class='wp-image-0 avia-img-lazy-loading-not-0 avia_image' src=\"https:\/\/radiorevelacionfm.cl\/wp-content\/uploads\/2021\/01\/Foto-1-1-1-scaled.jpg\" alt='' title=''   itemprop=\"thumbnailUrl\"  \/><\/div><\/div><\/div><\/div><div class=\"flex_column av_one_full  flex_column_div av-zero-column-padding first  avia-builder-el-2  el_after_av_one_full  el_before_av_one_full  column-top-margin\" style='border-radius:0px; '><section class=\"av_textblock_section \"  itemscope=\"itemscope\" itemtype=\"https:\/\/schema.org\/BlogPosting\" itemprop=\"blogPost\" ><div class='avia_textblock  '   itemprop=\"text\" ><p style=\"text-align: center;\"><span style=\"font-size: 18pt;\"><strong>Autoridades de la salud hacen un llamado a hacer un buen uso de la Red Asistencial ante un aumento de casos de COVID-19 en la regi\u00f3n<\/strong><\/span><\/p>\n<div id=\"gtx-trans\" style=\"position: absolute; left: -50px; top: 4.31534px;\">\n<div class=\"gtx-trans-icon\"><\/div>\n<\/div>\n<\/div><\/section><\/div><div class=\"flex_column av_one_full  flex_column_div av-zero-column-padding first  avia-builder-el-4  el_after_av_one_full  el_before_av_hr  column-top-margin\" style='border-radius:0px; '><section class=\"av_textblock_section \"  itemscope=\"itemscope\" itemtype=\"https:\/\/schema.org\/BlogPosting\" itemprop=\"blogPost\" ><div class='avia_textblock  '   itemprop=\"text\" ><p style=\"text-align: justify;\">El llamado es que las personas acudan a los servicios de urgencias del Hospital Regional Coyhaique solo en una real emergencia, y en casos menos complejos concurrir a los SAPU y CESFAM, de manera de evitar las aglomeraciones y a la vez agilizar la atenci\u00f3n en los establecimientos.<\/p>\n<p style=\"text-align: justify;\">Un llamado a la prevenci\u00f3n, el autocuidado y a hacer un buen uso de los dispositivos de la Red Asistencial en el contexto del aumento de casos de COVID-19, realizaron las autoridades sanitarias de la Regi\u00f3n de Ays\u00e9n.<\/p>\n<p style=\"text-align: justify;\">En ese sentido, el titular del Servicio de Salud Ays\u00e9n, Gabriel Burgos, precis\u00f3 que el llamado a la comunidad es \u201cque acudan a los sistemas de urgencia de los establecimientos hospitalarios s\u00f3lo en aquellos casos que sean una real emergencia o bien, se trate de personas con sintomatolog\u00eda clara de Covid-19, mientras que los casos menos complejos puedan concurrir a los SAPU y CESFAM, dispositivos que tambi\u00e9n estar\u00e1n disponibles para atender a la comunidad\u201d.<\/p>\n<p style=\"text-align: justify;\">Por su parte, el director de Atenci\u00f3n Primera, Leopoldo Oyaneder, indic\u00f3 que \u201ctendremos un refuerzo en el Servicio de Atenci\u00f3n Primaria de Urgencia (SAPU) del CESFAM Alejandro Guti\u00e9rrez, entendiendo que la urgencia del Hospital Regional Coyhaique se encuentra muy demandada, y la podemos descongestionar haciendo un buen uso de la Red Asistencial, por lo que hago un llamado a la comunidad a tener confianza en este servicio, ya que hay muchas dolencias que puedan ser resueltas y los pacientes tendr\u00e1n esperas mucho menores. El refuerzo que tendremos es un apoyo de un m\u00e9dico adicional, y enfermeras los fines de semana, aparte del personal administrativo y t\u00e9cnico para poder dar respuesta a nuestros usuarios\u201d.<\/p>\n<p style=\"text-align: justify;\">Igualmente, Alejandra Valdebenito, seremi de Salud Ays\u00e9n manifest\u00f3 que \u201cquiero valorar el trabajo y el esfuerzo tanto del equipo directivo, como as\u00ed tambi\u00e9n los distintos equipos t\u00e9cnicos para mantener y otorgar el acceso frente al requerimiento de una cama critica. Valorar adem\u00e1s la labor de Atenci\u00f3n Primaria quien ha estado reasignando su recurso humano para poder contar con una mayor cobertura de prestaciones. Sin embargo, nos parece importante recordar a la ciudadan\u00eda que para llegar a esa cama critica por COVID-19 debe existir una no adherencia a las medidas sanitarias que hemos ido trabajando a un a\u00f1o de pandemia, por lo tanto, el llamado es a tomar las medidas preventivas\u201d.<\/p>\n<p style=\"text-align: justify;\">Jaime L\u00f3pez, director del Hospital Regional Coyhaique, indic\u00f3 que \u201chemos desarrollado una serie de iniciativas para poder generar en la Urgencia un dispositivo que atienda con todos los protocolos que son necesarios para Covid a nuestros pacientes. Hoy, cuando llegan pacientes, lo primero que hacemos es clasificarlos. Los pacientes C4 y C5 son cerca del 50% de las personas que van a Urgencia, que van por morbilidad general, que puede ser la sensaci\u00f3n de que le duele un brazo, que le duele el est\u00f3mago, y no son necesariamente personas que est\u00e1n asociadas a sintomatolog\u00eda Covid. Por eso queremos que la poblaci\u00f3n pueda acudir a estos dispositivos para que no tenga que esperar tanto\u201d.<\/p>\n<p style=\"text-align: justify;\">En la actualidad, debido a la pandemia, existen tres Urgencias en el Hospital Regional Coyhaique; la pedi\u00e1trica, gineco-obst\u00e9trica y la de adultos, cuyo funcionamiento es 24 horas los 7 d\u00edas a la semana.<\/p>\n<p style=\"text-align: justify;\"><strong>Atenci\u00f3n Red Asistencial<\/strong><\/p>\n<p style=\"text-align: justify;\">El CESFAM Alejandro Guti\u00e9rrez tiene un horario de atenci\u00f3n de 08.00 a 13.00 horas en la ma\u00f1ana; mientras que en la jornada de la tarde la atenci\u00f3n va desde 14.00 a las 17.00. El SAPU de este establecimiento tiene un horario de atenci\u00f3n de lunes a viernes de 18.00 a 24.00 horas, mientras los s\u00e1bados, domingos y festivos atiende desde las 12.00 hasta las 24.00 horas.<\/p>\n<p style=\"text-align: justify;\">Igualmente, el CESFAM V\u00edctor Domingo Silva atiende de lunes a viernes de 08.00 a 13.00 horas y de 14.00 a 17.30 horas. Adem\u00e1s, cuenta con extensi\u00f3n horaria que va desde las 17.30 a las 20.00 horas en la que se realizan atenciones de morbilidad y dentales. Mencionar que entre los servicios que prestan los CESFAM se destacan atenci\u00f3n de morbilidad, atenciones dentales, control de ni\u00f1o sano, de embarazadas, vacunaci\u00f3n y control cr\u00f3nicos, entre otros.<\/p>\n<p style=\"text-align: justify;\">El SAPU es el Servicio de Atenci\u00f3n Primaria de Urgencia, y se utiliza para urgencias menores o de baja complejidad. Una persona debe acudir al SAPU cuando presenta resfr\u00edo, tos, dolor de est\u00f3mago, quemadura menor o haber sufrido alguna mordedura. En caso de tratarse de algo m\u00e1s complejo, el mismo centro te derivar\u00e1 a la Unidad de Urgencias Hospitalarias.<\/p>\n<p style=\"text-align: justify;\">En lo que se refiere al Servicio de Atenci\u00f3n Primaria, las Postas Rurales se encuentran totalmente preparadas, entendiendo que se cuentan con insumos y equipos t\u00e9cnicos necesarios para otorgan un muy buen servicio a los usuarios.<\/p>\n<p style=\"text-align: justify;\">Recuerda que un buen uso de la Red Asistencial consiste en conocer los distintos tipos de establecimientos y tipos de atenciones. Tambi\u00e9n, la recomendaci\u00f3n es llamar a Salud Responde al 600 360 7777 como primer medio de orientaci\u00f3n.<\/p>\n<\/div><\/section><\/div><div  style='height:50px' class='hr hr-invisible   avia-builder-el-6  el_after_av_one_full  el_before_av_social_share '><span class='hr-inner ' ><span class='hr-inner-style'><\/span><\/span><\/div><\/p>\n<div  class='av-social-sharing-box  avia-builder-el-7  el_after_av_hr  el_before_av_hr  '><div class='av-share-box'><h5 class='av-share-link-description av-no-toc '>Compartir esta noticia<\/h5><ul class='av-share-box-list noLightbox'><li class='av-share-link av-social-link-facebook' ><a target=\"_blank\" aria-label=\"Compartir en Facebook\" href='https:\/\/www.facebook.com\/sharer.php?u=https:\/\/radiorevelacionfm.cl\/?p=2144&#038;t=Autoridades%20de%20la%20salud%20hacen%20un%20llamado%20a%20hacer%20un%20buen%20uso%20de%20la%20Red%20Asistencial%20ante%20un%20aumento%20de%20casos%20de%20COVID-19%20en%20la%20regi%C3%B3n' aria-hidden='false' data-av_icon='\ue8f3' data-av_iconfont='entypo-fontello' title='' data-avia-related-tooltip='Compartir en Facebook' rel=\"noopener\"><span class='avia_hidden_link_text'>Compartir en Facebook<\/span><\/a><\/li><li class='av-share-link av-social-link-twitter' ><a target=\"_blank\" aria-label=\"Compartir en Twitter\" href='https:\/\/twitter.com\/share?text=Autoridades%20de%20la%20salud%20hacen%20un%20llamado%20a%20hacer%20un%20buen%20uso%20de%20la%20Red%20Asistencial%20ante%20un%20aumento%20de%20casos%20de%20COVID-19%20en%20la%20regi%C3%B3n&#038;url=https:\/\/radiorevelacionfm.cl\/?p=2144' aria-hidden='false' data-av_icon='\ue8f1' data-av_iconfont='entypo-fontello' title='' data-avia-related-tooltip='Compartir en Twitter' rel=\"noopener\"><span class='avia_hidden_link_text'>Compartir en Twitter<\/span><\/a><\/li><li class='av-share-link av-social-link-whatsapp' ><a target=\"_blank\" aria-label=\"Compartir en Whatsapp\" href='https:\/\/api.whatsapp.com\/send?text=https:\/\/radiorevelacionfm.cl\/?p=2144' aria-hidden='false' data-av_icon='\uf232' data-av_iconfont='entypo-fontello' title='' data-avia-related-tooltip='Compartir en Whatsapp' rel=\"noopener\"><span class='avia_hidden_link_text'>Compartir en Whatsapp<\/span><\/a><\/li><li class='av-share-link av-social-link-linkedin' ><a target=\"_blank\" aria-label=\"Compartir en LinkedIn\" href='https:\/\/linkedin.com\/shareArticle?mini=true&#038;title=Autoridades%20de%20la%20salud%20hacen%20un%20llamado%20a%20hacer%20un%20buen%20uso%20de%20la%20Red%20Asistencial%20ante%20un%20aumento%20de%20casos%20de%20COVID-19%20en%20la%20regi%C3%B3n&#038;url=https:\/\/radiorevelacionfm.cl\/?p=2144' aria-hidden='false' data-av_icon='\ue8fc' data-av_iconfont='entypo-fontello' title='' data-avia-related-tooltip='Compartir en LinkedIn' rel=\"noopener\"><span class='avia_hidden_link_text'>Compartir en LinkedIn<\/span><\/a><\/li><li class='av-share-link av-social-link-mail' ><a  aria-label=\"Compartir por correo\" href='mailto:?subject=Autoridades%20de%20la%20salud%20hacen%20un%20llamado%20a%20hacer%20un%20buen%20uso%20de%20la%20Red%20Asistencial%20ante%20un%20aumento%20de%20casos%20de%20COVID-19%20en%20la%20regi%C3%B3n&#038;body=https:\/\/radiorevelacionfm.cl\/?p=2144' aria-hidden='false' data-av_icon='\ue805' data-av_iconfont='entypo-fontello' title='' data-avia-related-tooltip='Compartir por correo'><span class='avia_hidden_link_text'>Compartir por correo<\/span><\/a><\/li><\/ul><\/div><\/div>\n<div  style='height:50px' class='hr hr-invisible   avia-builder-el-8  el_after_av_social_share  el_before_av_comments_list '><span class='hr-inner ' ><span class='hr-inner-style'><\/span><\/span><\/div>\n<div  class='av-buildercomment  av-blog-meta-html-info-disabled av-blog-meta-tag-disabled  '><\/div>\n","protected":false},"excerpt":{"rendered":"","protected":false},"author":1,"featured_media":0,"comment_status":"open","ping_status":"open","sticky":false,"template":"","format":"standard","meta":{"footnotes":""},"categories":[46],"tags":[],"class_list":["post-2144","post","type-post","status-publish","format-standard","hentry","category-salud"],"jetpack_featured_media_url":"","_links":{"self":[{"href":"https:\/\/radiorevelacionfm.cl\/index.php?rest_route=\/wp\/v2\/posts\/2144","targetHints":{"allow":["GET"]}}],"collection":[{"href":"https:\/\/radiorevelacionfm.cl\/index.php?rest_route=\/wp\/v2\/posts"}],"about":[{"href":"https:\/\/radiorevelacionfm.cl\/index.php?rest_route=\/wp\/v2\/types\/post"}],"author":[{"embeddable":true,"href":"https:\/\/radiorevelacionfm.cl\/index.php?rest_route=\/wp\/v2\/users\/1"}],"replies":[{"embeddable":true,"href":"https:\/\/radiorevelacionfm.cl\/index.php?rest_route=%2Fwp%2Fv2%2Fcomments&post=2144"}],"version-history":[{"count":1,"href":"https:\/\/radiorevelacionfm.cl\/index.php?rest_route=\/wp\/v2\/posts\/2144\/revisions"}],"predecessor-version":[{"id":2146,"href":"https:\/\/radiorevelacionfm.cl\/index.php?rest_route=\/wp\/v2\/posts\/2144\/revisions\/2146"}],"wp:attachment":[{"href":"https:\/\/radiorevelacionfm.cl\/index.php?rest_route=%2Fwp%2Fv2%2Fmedia&parent=2144"}],"wp:term":[{"taxonomy":"category","embeddable":true,"href":"https:\/\/radiorevelacionfm.cl\/index.php?rest_route=%2Fwp%2Fv2%2Fcategories&post=2144"},{"taxonomy":"post_tag","embeddable":true,"href":"https:\/\/radiorevelacionfm.cl\/index.php?rest_route=%2Fwp%2Fv2%2Ftags&post=2144"}],"curies":[{"name":"wp","href":"https:\/\/api.w.org\/{rel}","templated":true}]}}