{"id":21428,"date":"2022-09-02T20:01:13","date_gmt":"2022-09-02T23:01:13","guid":{"rendered":"https:\/\/radiorevelacionfm.cl\/?p=21428"},"modified":"2022-09-02T20:01:13","modified_gmt":"2022-09-02T23:01:13","slug":"carabineros-de-lago-castor-junto-al-sag-indagan-maltrato-animal-en-predio-del-sector-lago-pollux","status":"publish","type":"post","link":"https:\/\/radiorevelacionfm.cl\/?p=21428","title":{"rendered":"Carabineros de Lago Castor junto al SAG indagan maltrato animal en predio del sector Lago Pollux"},"content":{"rendered":"<div class=\"flex_column av_one_full  flex_column_div av-zero-column-padding first  avia-builder-el-0  el_before_av_one_full  avia-builder-el-first  \" style='border-radius:0px; '><div  class='avia-image-container  av-styling-    avia-builder-el-1  avia-builder-el-no-sibling  avia-align-center '  itemprop=\"image\" itemscope=\"itemscope\" itemtype=\"https:\/\/schema.org\/ImageObject\"  ><div class='avia-image-container-inner'><div class='avia-image-overlay-wrap'><img decoding=\"async\" class='wp-image-21429 avia-img-lazy-loading-not-21429 avia_image' src=\"https:\/\/radiorevelacionfm.cl\/wp-content\/uploads\/2022\/09\/374be414-29c5-4bbf-b4e1-896beac10ea6-1-1.jpg\" alt='' title='374be414-29c5-4bbf-b4e1-896beac10ea6 (1) (1)' height=\"600\" width=\"800\"  itemprop=\"thumbnailUrl\" srcset=\"https:\/\/radiorevelacionfm.cl\/wp-content\/uploads\/2022\/09\/374be414-29c5-4bbf-b4e1-896beac10ea6-1-1.jpg 800w, https:\/\/radiorevelacionfm.cl\/wp-content\/uploads\/2022\/09\/374be414-29c5-4bbf-b4e1-896beac10ea6-1-1-300x225.jpg 300w, https:\/\/radiorevelacionfm.cl\/wp-content\/uploads\/2022\/09\/374be414-29c5-4bbf-b4e1-896beac10ea6-1-1-768x576.jpg 768w, https:\/\/radiorevelacionfm.cl\/wp-content\/uploads\/2022\/09\/374be414-29c5-4bbf-b4e1-896beac10ea6-1-1-705x529.jpg 705w, https:\/\/radiorevelacionfm.cl\/wp-content\/uploads\/2022\/09\/374be414-29c5-4bbf-b4e1-896beac10ea6-1-1-600x450.jpg 600w\" sizes=\"(max-width: 800px) 100vw, 800px\" \/><\/div><\/div><\/div><\/div><div class=\"flex_column av_one_full  flex_column_div av-zero-column-padding first  avia-builder-el-2  el_after_av_one_full  el_before_av_one_full  column-top-margin\" style='border-radius:0px; '><section class=\"av_textblock_section \"  itemscope=\"itemscope\" itemtype=\"https:\/\/schema.org\/BlogPosting\" itemprop=\"blogPost\" ><div class='avia_textblock  '   itemprop=\"text\" ><p style=\"text-align: center;\"><strong><span style=\"font-size: 18pt;\">Carabineros de Lago Castor junto al SAG indagan maltrato animal en predio del sector Lago Pollux<\/span><\/strong><\/p>\n<div id=\"gtx-trans\" style=\"position: absolute; left: -50px; top: 4.31534px;\">\n<div class=\"gtx-trans-icon\"><\/div>\n<\/div>\n<\/div><\/section><\/div><div class=\"flex_column av_one_full  flex_column_div av-zero-column-padding first  avia-builder-el-4  el_after_av_one_full  el_before_av_hr  column-top-margin\" style='border-radius:0px; '><section class=\"av_textblock_section \"  itemscope=\"itemscope\" itemtype=\"https:\/\/schema.org\/BlogPosting\" itemprop=\"blogPost\" ><div class='avia_textblock  '   itemprop=\"text\" ><p class=\"v1MsoNormal\" style=\"text-align: justify;\">La detecci\u00f3n de un pi\u00f1o de animales, entre vacunos y caballares en malas condiciones f\u00edsicas y ambientales motiv\u00f3 la concurrencia de personal de Carabineros del Ret\u00e9n Lago Castor (F) hasta un predio ubicado en el sector Lago Pollux, situaci\u00f3n de maltrato animal que fue puesta en conocimiento de la Fiscal\u00eda local de Coyhaique.<\/p>\n<p class=\"v1MsoNormal\" style=\"text-align: justify;\">En horas de esta tarde, personal del Servicio Agr\u00edcola y Ganadero (SAG) concurri\u00f3 al destacamento fronterizo siendo acogida la denuncia respectiva, tras lo cual el personal se traslad\u00f3 hasta el sector antes indicado, pudiendo verificar dicha situaci\u00f3n.<\/p>\n<p class=\"v1MsoNormal\" style=\"text-align: justify;\">Una vez en el lugar, Carabineros constat\u00f3 que al interior del predio se mantienen 19 vacunos y 4 equinos vivos, en tanto que un vacuno se encontraba muerto.<\/p>\n<p class=\"v1MsoNormal\" style=\"text-align: justify;\">Los animales, seg\u00fan pudo observar Carabineros del Ret\u00e9n Lago Castor, se encontraban en malas condiciones tanto f\u00edsicas como ambientales, tras lo cual luego de recabar los antecedentes, dicha situaci\u00f3n fue puesta en conocimiento del Ministerio P\u00fablico.<\/p>\n<p class=\"v1MsoNormal\" style=\"text-align: justify;\"><b>Prevenci\u00f3n del abigeato<\/b><\/p>\n<p class=\"v1MsoNormal\" style=\"text-align: justify;\">Tras lo anterior Carabineros record\u00f3 a los crianceros la necesidad de prestar la debida atenci\u00f3n para el bienestar animal procurando brindar una adecuada alimentaci\u00f3n, agua y tratamientos veterinarios establecidos.<\/p>\n<p class=\"v1MsoNormal\" style=\"text-align: justify;\">Asimismo el personal record\u00f3 a los ganaderos, mantener a resguardo sus animales, verificar el buen estado de cercas perimetrales \u2013evitando que estos deambulen en la v\u00eda p\u00fablica con peligro de accidente de tr\u00e1nsito- rodearlos y efectuar un conteo al t\u00e9rmino de la jornada, previendo el delito de abigeato.<\/p>\n<p class=\"v1MsoNormal\" style=\"text-align: justify;\">\u00a0\u00a0 Paralelamente, Carabineros del Ret\u00e9n Lago Castor (F) inst\u00f3 a los consumidores no adquirir productos c\u00e1rnicos de manera clandestina, previniendo afectaciones a la salud ya sea por tratamientos antiparasitarios aplicados o las condiciones higi\u00e9nicas \u2013sin las medidas sanitarias adecuadas- en que estos son faenados.<\/p>\n<\/div><\/section><\/div><div  style='height:50px' class='hr hr-invisible   avia-builder-el-6  el_after_av_one_full  el_before_av_social_share '><span class='hr-inner ' ><span class='hr-inner-style'><\/span><\/span><\/div><\/p>\n<div  class='av-social-sharing-box  avia-builder-el-7  el_after_av_hr  el_before_av_hr  '><div class='av-share-box'><h5 class='av-share-link-description av-no-toc '>Compartir esta noticia<\/h5><ul class='av-share-box-list noLightbox'><li class='av-share-link av-social-link-facebook' ><a target=\"_blank\" aria-label=\"Compartir en Facebook\" href='https:\/\/www.facebook.com\/sharer.php?u=https:\/\/radiorevelacionfm.cl\/?p=21428&#038;t=Carabineros%20de%20Lago%20Castor%20junto%20al%20SAG%20indagan%20maltrato%20animal%20en%20predio%20del%20sector%20Lago%20Pollux' aria-hidden='false' data-av_icon='\ue8f3' data-av_iconfont='entypo-fontello' title='' data-avia-related-tooltip='Compartir en Facebook' rel=\"noopener\"><span class='avia_hidden_link_text'>Compartir en Facebook<\/span><\/a><\/li><li class='av-share-link av-social-link-twitter' ><a target=\"_blank\" aria-label=\"Compartir en Twitter\" href='https:\/\/twitter.com\/share?text=Carabineros%20de%20Lago%20Castor%20junto%20al%20SAG%20indagan%20maltrato%20animal%20en%20predio%20del%20sector%20Lago%20Pollux&#038;url=https:\/\/radiorevelacionfm.cl\/?p=21428' aria-hidden='false' data-av_icon='\ue8f1' data-av_iconfont='entypo-fontello' title='' data-avia-related-tooltip='Compartir en Twitter' rel=\"noopener\"><span class='avia_hidden_link_text'>Compartir en Twitter<\/span><\/a><\/li><li class='av-share-link av-social-link-whatsapp' ><a target=\"_blank\" aria-label=\"Compartir en Whatsapp\" href='https:\/\/api.whatsapp.com\/send?text=https:\/\/radiorevelacionfm.cl\/?p=21428' aria-hidden='false' data-av_icon='\uf232' data-av_iconfont='entypo-fontello' title='' data-avia-related-tooltip='Compartir en Whatsapp' rel=\"noopener\"><span class='avia_hidden_link_text'>Compartir en Whatsapp<\/span><\/a><\/li><li class='av-share-link av-social-link-linkedin' ><a target=\"_blank\" aria-label=\"Compartir en LinkedIn\" href='https:\/\/linkedin.com\/shareArticle?mini=true&#038;title=Carabineros%20de%20Lago%20Castor%20junto%20al%20SAG%20indagan%20maltrato%20animal%20en%20predio%20del%20sector%20Lago%20Pollux&#038;url=https:\/\/radiorevelacionfm.cl\/?p=21428' aria-hidden='false' data-av_icon='\ue8fc' data-av_iconfont='entypo-fontello' title='' data-avia-related-tooltip='Compartir en LinkedIn' rel=\"noopener\"><span class='avia_hidden_link_text'>Compartir en LinkedIn<\/span><\/a><\/li><li class='av-share-link av-social-link-mail' ><a  aria-label=\"Compartir por correo\" href='mailto:?subject=Carabineros%20de%20Lago%20Castor%20junto%20al%20SAG%20indagan%20maltrato%20animal%20en%20predio%20del%20sector%20Lago%20Pollux&#038;body=https:\/\/radiorevelacionfm.cl\/?p=21428' aria-hidden='false' data-av_icon='\ue805' data-av_iconfont='entypo-fontello' title='' data-avia-related-tooltip='Compartir por correo'><span class='avia_hidden_link_text'>Compartir por correo<\/span><\/a><\/li><\/ul><\/div><\/div>\n<div  style='height:50px' class='hr hr-invisible   avia-builder-el-8  el_after_av_social_share  el_before_av_comments_list '><span class='hr-inner ' ><span class='hr-inner-style'><\/span><\/span><\/div>\n<div  class='av-buildercomment  av-blog-meta-html-info-disabled av-blog-meta-tag-disabled  '><\/div>\n","protected":false},"excerpt":{"rendered":"","protected":false},"author":1,"featured_media":21429,"comment_status":"open","ping_status":"open","sticky":false,"template":"","format":"standard","meta":{"footnotes":""},"categories":[36],"tags":[],"class_list":["post-21428","post","type-post","status-publish","format-standard","has-post-thumbnail","hentry","category-policial"],"jetpack_featured_media_url":"https:\/\/radiorevelacionfm.cl\/wp-content\/uploads\/2022\/09\/374be414-29c5-4bbf-b4e1-896beac10ea6-1-1.jpg","_links":{"self":[{"href":"https:\/\/radiorevelacionfm.cl\/index.php?rest_route=\/wp\/v2\/posts\/21428","targetHints":{"allow":["GET"]}}],"collection":[{"href":"https:\/\/radiorevelacionfm.cl\/index.php?rest_route=\/wp\/v2\/posts"}],"about":[{"href":"https:\/\/radiorevelacionfm.cl\/index.php?rest_route=\/wp\/v2\/types\/post"}],"author":[{"embeddable":true,"href":"https:\/\/radiorevelacionfm.cl\/index.php?rest_route=\/wp\/v2\/users\/1"}],"replies":[{"embeddable":true,"href":"https:\/\/radiorevelacionfm.cl\/index.php?rest_route=%2Fwp%2Fv2%2Fcomments&post=21428"}],"version-history":[{"count":2,"href":"https:\/\/radiorevelacionfm.cl\/index.php?rest_route=\/wp\/v2\/posts\/21428\/revisions"}],"predecessor-version":[{"id":21431,"href":"https:\/\/radiorevelacionfm.cl\/index.php?rest_route=\/wp\/v2\/posts\/21428\/revisions\/21431"}],"wp:featuredmedia":[{"embeddable":true,"href":"https:\/\/radiorevelacionfm.cl\/index.php?rest_route=\/wp\/v2\/media\/21429"}],"wp:attachment":[{"href":"https:\/\/radiorevelacionfm.cl\/index.php?rest_route=%2Fwp%2Fv2%2Fmedia&parent=21428"}],"wp:term":[{"taxonomy":"category","embeddable":true,"href":"https:\/\/radiorevelacionfm.cl\/index.php?rest_route=%2Fwp%2Fv2%2Fcategories&post=21428"},{"taxonomy":"post_tag","embeddable":true,"href":"https:\/\/radiorevelacionfm.cl\/index.php?rest_route=%2Fwp%2Fv2%2Ftags&post=21428"}],"curies":[{"name":"wp","href":"https:\/\/api.w.org\/{rel}","templated":true}]}}