{"id":21424,"date":"2022-09-03T11:22:34","date_gmt":"2022-09-03T14:22:34","guid":{"rendered":"https:\/\/radiorevelacionfm.cl\/?p=21424"},"modified":"2022-09-03T11:22:34","modified_gmt":"2022-09-03T14:22:34","slug":"programa-4-a-7-celebra-mes-de-la-ninez-en-las-comunas-de-aysen-y-chile-chico","status":"publish","type":"post","link":"https:\/\/radiorevelacionfm.cl\/?p=21424","title":{"rendered":"Programa 4 a 7 celebra Mes de la Ni\u00f1ez en las comunas de Ays\u00e9n y Chile Chico"},"content":{"rendered":"<div class=\"flex_column av_one_full  flex_column_div av-zero-column-padding first  avia-builder-el-0  el_before_av_one_full  avia-builder-el-first  \" style='border-radius:0px; '><div  class='avia-image-container  av-styling-    avia-builder-el-1  avia-builder-el-no-sibling  avia-align-center '  itemprop=\"image\" itemscope=\"itemscope\" itemtype=\"https:\/\/schema.org\/ImageObject\"  ><div class='avia-image-container-inner'><div class='avia-image-overlay-wrap'><img decoding=\"async\" class='wp-image-21425 avia-img-lazy-loading-not-21425 avia_image' src=\"https:\/\/radiorevelacionfm.cl\/wp-content\/uploads\/2022\/09\/4-a-7-mes-de-la-ninez-1-1_optimized-1.jpg\" alt='' title='4-a-7-mes-de-la-ni\u00f1ez-(1)-(1)_optimized (1)' height=\"600\" width=\"800\"  itemprop=\"thumbnailUrl\" srcset=\"https:\/\/radiorevelacionfm.cl\/wp-content\/uploads\/2022\/09\/4-a-7-mes-de-la-ninez-1-1_optimized-1.jpg 800w, https:\/\/radiorevelacionfm.cl\/wp-content\/uploads\/2022\/09\/4-a-7-mes-de-la-ninez-1-1_optimized-1-300x225.jpg 300w, https:\/\/radiorevelacionfm.cl\/wp-content\/uploads\/2022\/09\/4-a-7-mes-de-la-ninez-1-1_optimized-1-768x576.jpg 768w, https:\/\/radiorevelacionfm.cl\/wp-content\/uploads\/2022\/09\/4-a-7-mes-de-la-ninez-1-1_optimized-1-705x529.jpg 705w, https:\/\/radiorevelacionfm.cl\/wp-content\/uploads\/2022\/09\/4-a-7-mes-de-la-ninez-1-1_optimized-1-600x450.jpg 600w\" sizes=\"(max-width: 800px) 100vw, 800px\" \/><\/div><\/div><\/div><\/div>\n<div class=\"flex_column av_one_full  flex_column_div av-zero-column-padding first  avia-builder-el-2  el_after_av_one_full  el_before_av_one_full  column-top-margin\" style='border-radius:0px; '><section class=\"av_textblock_section \"  itemscope=\"itemscope\" itemtype=\"https:\/\/schema.org\/BlogPosting\" itemprop=\"blogPost\" ><div class='avia_textblock  '   itemprop=\"text\" ><p style=\"text-align: center;\"><strong><span style=\"font-size: 18pt;\">Programa 4 a 7 celebra Mes de la Ni\u00f1ez en las comunas de Ays\u00e9n y Chile Chico<\/span><\/strong><\/p>\n<div id=\"gtx-trans\" style=\"position: absolute; left: -50px; top: 4.31534px;\">\n<div class=\"gtx-trans-icon\"><\/div>\n<\/div>\n<\/div><\/section><\/div>\n<div class=\"flex_column av_one_full  flex_column_div av-zero-column-padding first  avia-builder-el-4  el_after_av_one_full  el_before_av_hr  column-top-margin\" style='border-radius:0px; '><section class=\"av_textblock_section \"  itemscope=\"itemscope\" itemtype=\"https:\/\/schema.org\/BlogPosting\" itemprop=\"blogPost\" ><div class='avia_textblock  '   itemprop=\"text\" ><p style=\"text-align: justify;\">Con actividades l\u00fadicas y de convivencia, las ni\u00f1as y ni\u00f1os del programa 4 a 7 celebraron el Mes de la Ni\u00f1ez, iniciativa que se enmarca en el trabajo que se realiza a trav\u00e9s de la ejecuci\u00f3n de diversos talleres que fortalecen sus aprendizajes. El modelo program\u00e1tico del Servicio Nacional de la Mujer y la Equidad de G\u00e9nero se ejecuta en convenio con las municipalidades de Ays\u00e9n y Chile Chico. Su objetivo es apoyar a las mujeres en su participaci\u00f3n en el mercado laboral y uno de sus componentes es la entrega de un servicio de cuidado.<\/p>\n<p style=\"text-align: justify;\">La Directora Regional (s) de SernamEG, Carla Arriagada Malague\u00f1o, destac\u00f3 la coordinaci\u00f3n intersectorial para sacar adelante la intervenci\u00f3n program\u00e1tica. \u201cSin lugar a dudas la alianza que tenemos con los municipios es fundamental a la hora de generar las condiciones para que las mujeres puedan alcanzar y\/o mantener su autonom\u00eda econ\u00f3mica. En ese sentido, los equipos ejecutores demuestran un compromiso no s\u00f3lo con las participantes, sino tambi\u00e9n con las ni\u00f1as y ni\u00f1os que a diario asisten a estos espacios educativos. En el Mes de la Ni\u00f1ez que acaba de finalizar, las actividades que se realizaron fueron atractivas e inclusivas e incorporaron el enfoque de g\u00e9nero, de tal manera de no reproducir estereotipos de g\u00e9nero u otro tipo de discriminaci\u00f3n\u201d.<\/p>\n<p style=\"text-align: justify;\">Respecto a las acciones realizadas durante el mes de agosto, una de las participantes del programa 4 a 7, Catalina Gonz\u00e1lez Olavarr\u00eda, sostuvo que \u201cestas actividades que desarrollaron para las ni\u00f1as y ni\u00f1os, se nota que lo hicieron con cari\u00f1o. Solamente tengo palabras de agradecimiento porque es un Programa que conozco hace muchos a\u00f1os y que realmente sirve mucho para desempe\u00f1arnos en el mundo laboral de manera tranquila. Siempre recomiendo el 4 a 7 porque cumple con todas las expectativas que una tiene como trabajadora y como mam\u00e1\u201d.\u00a0 Por su parte, Elsa Hueicha Hueicha, manifest\u00f3: \u201cagradezco a las monitoras y a la coordinadora de la Escuela Litoral Austral por el hermoso presente que le hicieron a nuestras hijas e hijos ya que se ve el trabajo realizado durante el a\u00f1o. Mi hija lleg\u00f3 muy contenta a casa con alimentos saludables que le ayudan en su aprendizaje sobre lo que es una alimentaci\u00f3n sana\u201d.<\/p>\n<p style=\"text-align: justify;\">La implementaci\u00f3n del programa 4 a 7 se realiza de manera presencial, virtual o mixta, dependiendo de la fase seg\u00fan el Plan Paso a Paso en que se encuentre Puerto Ays\u00e9n (escuelas Litoral Austral y Poetisa Gabriela Mistral), Puerto Chacabuco (Escuela Almirante Simpson) y Chile Chico (Escuela B\u00e1sica de Chile Chico).\u00a0Los talleres est\u00e1n dirigidos, por una parte, a la generaci\u00f3n de instancias educativas para que ni\u00f1as y ni\u00f1os cuenten con el tiempo y el apoyo para organizar su agenda educativa y, por otra parte, con espacios para el uso del tiempo libre en actividades recreativas, deportivas, sociales, art\u00edsticas y culturales, que sean de su inter\u00e9s y est\u00e9n acordes a sus necesidades de desarrollo y aprendizaje.<\/p>\n<p style=\"text-align: justify;\">En el caso de las mujeres que participan en el modelo program\u00e1tico, tienen acceso a talleres diferenciados seg\u00fan perfil laboral, cuyo objetivo es promover procesos de empoderamiento que faciliten su participaci\u00f3n en el mercado laboral y de esa manera avanzar en el ejercicio de su autonom\u00eda econ\u00f3mica. Asimismo, pueden ser derivadas al intersector y a entrega de informaci\u00f3n laboral personalizada. Adem\u00e1s, quienes se encuentren desocupadas y que cumplan el perfil en la comuna de Ays\u00e9n podr\u00e1n ser vinculadas al programa Mujeres Jefas de Hogar para fortalecer su perfil laboral. En tanto, aquellas que quieran potenciar su emprendimiento son vinculadas al programa Mujer Emprende.<\/p>\n<\/div><\/section><\/div><div  style='height:50px' class='hr hr-invisible   avia-builder-el-6  el_after_av_one_full  el_before_av_social_share '><span class='hr-inner ' ><span class='hr-inner-style'><\/span><\/span><\/div><\/p>\n<div  class='av-social-sharing-box  avia-builder-el-7  el_after_av_hr  el_before_av_hr  '><div class='av-share-box'><h5 class='av-share-link-description av-no-toc '>Compartir esta noticia<\/h5><ul class='av-share-box-list noLightbox'><li class='av-share-link av-social-link-facebook' ><a target=\"_blank\" aria-label=\"Compartir en Facebook\" href='https:\/\/www.facebook.com\/sharer.php?u=https:\/\/radiorevelacionfm.cl\/?p=21424&#038;t=Programa%204%20a%207%20celebra%20Mes%20de%20la%20Ni%C3%B1ez%20en%20las%20comunas%20de%20Ays%C3%A9n%20y%20Chile%20Chico' aria-hidden='false' data-av_icon='\ue8f3' data-av_iconfont='entypo-fontello' title='' data-avia-related-tooltip='Compartir en Facebook' rel=\"noopener\"><span class='avia_hidden_link_text'>Compartir en Facebook<\/span><\/a><\/li><li class='av-share-link av-social-link-twitter' ><a target=\"_blank\" aria-label=\"Compartir en Twitter\" href='https:\/\/twitter.com\/share?text=Programa%204%20a%207%20celebra%20Mes%20de%20la%20Ni%C3%B1ez%20en%20las%20comunas%20de%20Ays%C3%A9n%20y%20Chile%20Chico&#038;url=https:\/\/radiorevelacionfm.cl\/?p=21424' aria-hidden='false' data-av_icon='\ue8f1' data-av_iconfont='entypo-fontello' title='' data-avia-related-tooltip='Compartir en Twitter' rel=\"noopener\"><span class='avia_hidden_link_text'>Compartir en Twitter<\/span><\/a><\/li><li class='av-share-link av-social-link-whatsapp' ><a target=\"_blank\" aria-label=\"Compartir en Whatsapp\" href='https:\/\/api.whatsapp.com\/send?text=https:\/\/radiorevelacionfm.cl\/?p=21424' aria-hidden='false' data-av_icon='\uf232' data-av_iconfont='entypo-fontello' title='' data-avia-related-tooltip='Compartir en Whatsapp' rel=\"noopener\"><span class='avia_hidden_link_text'>Compartir en Whatsapp<\/span><\/a><\/li><li class='av-share-link av-social-link-linkedin' ><a target=\"_blank\" aria-label=\"Compartir en LinkedIn\" href='https:\/\/linkedin.com\/shareArticle?mini=true&#038;title=Programa%204%20a%207%20celebra%20Mes%20de%20la%20Ni%C3%B1ez%20en%20las%20comunas%20de%20Ays%C3%A9n%20y%20Chile%20Chico&#038;url=https:\/\/radiorevelacionfm.cl\/?p=21424' aria-hidden='false' data-av_icon='\ue8fc' data-av_iconfont='entypo-fontello' title='' data-avia-related-tooltip='Compartir en LinkedIn' rel=\"noopener\"><span class='avia_hidden_link_text'>Compartir en LinkedIn<\/span><\/a><\/li><li class='av-share-link av-social-link-mail' ><a  aria-label=\"Compartir por correo\" href='mailto:?subject=Programa%204%20a%207%20celebra%20Mes%20de%20la%20Ni%C3%B1ez%20en%20las%20comunas%20de%20Ays%C3%A9n%20y%20Chile%20Chico&#038;body=https:\/\/radiorevelacionfm.cl\/?p=21424' aria-hidden='false' data-av_icon='\ue805' data-av_iconfont='entypo-fontello' title='' data-avia-related-tooltip='Compartir por correo'><span class='avia_hidden_link_text'>Compartir por correo<\/span><\/a><\/li><\/ul><\/div><\/div>\n<div  style='height:50px' class='hr hr-invisible   avia-builder-el-8  el_after_av_social_share  el_before_av_comments_list '><span class='hr-inner ' ><span class='hr-inner-style'><\/span><\/span><\/div>\n<div  class='av-buildercomment  av-blog-meta-html-info-disabled av-blog-meta-tag-disabled  '><\/div>\n","protected":false},"excerpt":{"rendered":"","protected":false},"author":1,"featured_media":21425,"comment_status":"open","ping_status":"open","sticky":false,"template":"","format":"standard","meta":{"footnotes":""},"categories":[38],"tags":[],"class_list":["post-21424","post","type-post","status-publish","format-standard","has-post-thumbnail","hentry","category-regional"],"jetpack_featured_media_url":"https:\/\/radiorevelacionfm.cl\/wp-content\/uploads\/2022\/09\/4-a-7-mes-de-la-ninez-1-1_optimized-1.jpg","_links":{"self":[{"href":"https:\/\/radiorevelacionfm.cl\/index.php?rest_route=\/wp\/v2\/posts\/21424","targetHints":{"allow":["GET"]}}],"collection":[{"href":"https:\/\/radiorevelacionfm.cl\/index.php?rest_route=\/wp\/v2\/posts"}],"about":[{"href":"https:\/\/radiorevelacionfm.cl\/index.php?rest_route=\/wp\/v2\/types\/post"}],"author":[{"embeddable":true,"href":"https:\/\/radiorevelacionfm.cl\/index.php?rest_route=\/wp\/v2\/users\/1"}],"replies":[{"embeddable":true,"href":"https:\/\/radiorevelacionfm.cl\/index.php?rest_route=%2Fwp%2Fv2%2Fcomments&post=21424"}],"version-history":[{"count":3,"href":"https:\/\/radiorevelacionfm.cl\/index.php?rest_route=\/wp\/v2\/posts\/21424\/revisions"}],"predecessor-version":[{"id":21441,"href":"https:\/\/radiorevelacionfm.cl\/index.php?rest_route=\/wp\/v2\/posts\/21424\/revisions\/21441"}],"wp:featuredmedia":[{"embeddable":true,"href":"https:\/\/radiorevelacionfm.cl\/index.php?rest_route=\/wp\/v2\/media\/21425"}],"wp:attachment":[{"href":"https:\/\/radiorevelacionfm.cl\/index.php?rest_route=%2Fwp%2Fv2%2Fmedia&parent=21424"}],"wp:term":[{"taxonomy":"category","embeddable":true,"href":"https:\/\/radiorevelacionfm.cl\/index.php?rest_route=%2Fwp%2Fv2%2Fcategories&post=21424"},{"taxonomy":"post_tag","embeddable":true,"href":"https:\/\/radiorevelacionfm.cl\/index.php?rest_route=%2Fwp%2Fv2%2Ftags&post=21424"}],"curies":[{"name":"wp","href":"https:\/\/api.w.org\/{rel}","templated":true}]}}