{"id":21421,"date":"2022-09-03T10:52:24","date_gmt":"2022-09-03T13:52:24","guid":{"rendered":"https:\/\/radiorevelacionfm.cl\/?p=21421"},"modified":"2022-09-03T10:52:24","modified_gmt":"2022-09-03T13:52:24","slug":"autoridades-constatan-preparacion-de-locales-para-plebiscito-constitucional","status":"publish","type":"post","link":"https:\/\/radiorevelacionfm.cl\/?p=21421","title":{"rendered":"Autoridades constatan preparaci\u00f3n de locales para Plebiscito Constitucional"},"content":{"rendered":"<div class=\"flex_column av_one_full  flex_column_div av-zero-column-padding first  avia-builder-el-0  el_before_av_one_full  avia-builder-el-first  \" style='border-radius:0px; '><div  class='avia-image-container  av-styling-    avia-builder-el-1  avia-builder-el-no-sibling  avia-align-center '  itemprop=\"image\" itemscope=\"itemscope\" itemtype=\"https:\/\/schema.org\/ImageObject\"  ><div class='avia-image-container-inner'><div class='avia-image-overlay-wrap'><img decoding=\"async\" class='wp-image-21422 avia-img-lazy-loading-not-21422 avia_image' src=\"https:\/\/radiorevelacionfm.cl\/wp-content\/uploads\/2022\/09\/locales-votacion-2022-09-02-1_optimized.jpeg\" alt='' title='locales-votacion-2022-09-02-(1)_optimized' height=\"600\" width=\"1067\"  itemprop=\"thumbnailUrl\" srcset=\"https:\/\/radiorevelacionfm.cl\/wp-content\/uploads\/2022\/09\/locales-votacion-2022-09-02-1_optimized.jpeg 1067w, https:\/\/radiorevelacionfm.cl\/wp-content\/uploads\/2022\/09\/locales-votacion-2022-09-02-1_optimized-300x169.jpeg 300w, https:\/\/radiorevelacionfm.cl\/wp-content\/uploads\/2022\/09\/locales-votacion-2022-09-02-1_optimized-1030x579.jpeg 1030w, https:\/\/radiorevelacionfm.cl\/wp-content\/uploads\/2022\/09\/locales-votacion-2022-09-02-1_optimized-768x432.jpeg 768w, https:\/\/radiorevelacionfm.cl\/wp-content\/uploads\/2022\/09\/locales-votacion-2022-09-02-1_optimized-705x396.jpeg 705w, https:\/\/radiorevelacionfm.cl\/wp-content\/uploads\/2022\/09\/locales-votacion-2022-09-02-1_optimized-600x337.jpeg 600w\" sizes=\"(max-width: 1067px) 100vw, 1067px\" \/><\/div><\/div><\/div><\/div><div class=\"flex_column av_one_full  flex_column_div av-zero-column-padding first  avia-builder-el-2  el_after_av_one_full  el_before_av_one_full  column-top-margin\" style='border-radius:0px; '><section class=\"av_textblock_section \"  itemscope=\"itemscope\" itemtype=\"https:\/\/schema.org\/BlogPosting\" itemprop=\"blogPost\" ><div class='avia_textblock  '   itemprop=\"text\" ><p style=\"font-weight: 400; text-align: center;\"><span style=\"font-size: 18pt;\"><strong>Autoridades constatan preparaci\u00f3n <\/strong><strong>de locales para Plebiscito Constitucional<\/strong><\/span><\/p>\n<div id=\"gtx-trans\" style=\"position: absolute; left: -50px; top: 4.31534px;\">\n<div class=\"gtx-trans-icon\"><\/div>\n<\/div>\n<\/div><\/section><\/div><div class=\"flex_column av_one_full  flex_column_div av-zero-column-padding first  avia-builder-el-4  el_after_av_one_full  el_before_av_hr  column-top-margin\" style='border-radius:0px; '><section class=\"av_textblock_section \"  itemscope=\"itemscope\" itemtype=\"https:\/\/schema.org\/BlogPosting\" itemprop=\"blogPost\" ><div class='avia_textblock  '   itemprop=\"text\" ><p style=\"font-weight: 400; text-align: justify;\">La debida preparaci\u00f3n de los locales de votaci\u00f3n para el Plebiscito Constitucional del pr\u00f3ximo domingo, constataron el Delegado Presidencial Regional, Rodrigo Araya, el Jefe de Fuerzas, General de Brigada, Luis Felipe P\u00e9rez, la seremi de Gobierno Tatiana Pl\u00e1, y el Director de Servel, N\u00e9stor Sep\u00falveda.<\/p>\n<p style=\"font-weight: 400; text-align: justify;\">Tras un recorrido por el Liceo Josefina Aguirre Montenegro en Coyhaique, el Delegado Rodrigo Araya subray\u00f3 el profesionalismo de todas las instituciones, en especial, del sistema electoral, para llevar adelante este proceso de participaci\u00f3n c\u00edvica.<\/p>\n<p style=\"font-weight: 400; text-align: justify;\">\u201cLa institucionalidad que tiene que ver con el proceso plebiscitario est\u00e1 funcionando profesionalmente; nuestro Servicio Electoral tiene prestigio internacional; la seguridad en los establecimientos de votaci\u00f3n est\u00e1 resguardada por nuestras Fuerzas Armadas, por el Ej\u00e9rcito en 37 locales y en dos por la Armada: Melinka e Islas Huichas; y Carabineros va a resguardar el exterior, los per\u00edmetros de los establecimientos donde se va a ejercer el voto\u201d, se\u00f1al\u00f3.<\/p>\n<p style=\"font-weight: 400; text-align: justify;\">El Jefe de Fuerzas, General de Brigada Luis Felipe P\u00e9rez, indic\u00f3 que \u201clas Fuerzas Armadas est\u00e1n en control de los 39 locales a lo largo de la regi\u00f3n, tenemos la disposici\u00f3n de asegurar el orden p\u00fablico al interior de los locales y Carabineros al exterior de los locales de votaci\u00f3n. La seguridad y el orden es responsabilidad de todos, para que concurran lo m\u00e1s temprano posible, que cada uno organice su tiempo y nosotros estamos a disposici\u00f3n para que este proceso de votaciones se desarrolle en el mayor orden posible\u201d.<\/p>\n<p style=\"font-weight: 400; text-align: justify;\">El Servel elabor\u00f3 un Protocolo Sanitario donde se se\u00f1ala que el domingo 4 el electorado debe acudir con sus propios implementos de protecci\u00f3n (alcohol gel con una concentraci\u00f3n de al menos 70%, y mascarilla, idealmente quir\u00fargicas desechables de tres pliegues). No obstante, se dispondr\u00e1 de kits sanitarios de contingencia, como explic\u00f3 el director regional del Servel, N\u00e9stor Sep\u00falveda.<\/p>\n<p style=\"font-weight: 400; text-align: justify;\">\u201cEstamos monitoreando la entrega de material electoral, hemos presenciado la entrega del material destinado a las mesas receptoras de sufragio en este local de votaci\u00f3n y tambi\u00e9n los kit sanitarios que vamos a entregar al personal de enlace del Servicio Electoral\u201d, se\u00f1al\u00f3.<\/p>\n<p style=\"font-weight: 400; text-align: justify;\">La seremi Tatiana Pl\u00e1 record\u00f3 que el domingo se puede votar con las c\u00e9dulas de identidad y pasaportes que se encuentren vencidos desde el 1 de octubre de 2019, solo para efecto de identificar al elector. Quien haya extraviado la c\u00e9dula de identidad, puede solicitar un duplicado del carnet por medio de la App Registro e Identidad. La reimpresi\u00f3n mantiene los datos, fotograf\u00eda y fecha de vencimiento de la \u00faltima c\u00e9dula vigente, solo cambia el n\u00famero de documento.<\/p>\n<p style=\"font-weight: 400; text-align: justify;\">En la Regi\u00f3n de Ays\u00e9n, ser\u00e1n 72 los servicios de transporte para esta fecha, 37 para zonas aisladas terrestres, 26 especiales y 9 para atender la demanda en zonas fluviales, lacustres y mar\u00edtimas. Los horarios y recorridos pueden revisarse en\u00a0<a href=\"http:\/\/mtt.gob.cl\/plebiscito2022\" data-saferedirecturl=\"https:\/\/www.google.com\/url?q=http:\/\/mtt.gob.cl\/plebiscito2022&amp;source=gmail&amp;ust=1662243269505000&amp;usg=AOvVaw1v9MCtyjm_OC-zgUMRE2zD\">http:\/\/mtt.gob.cl\/plebiscito2022<\/a>\u00a0o en las redes sociales de la seremi de Transportes y Telecomunicaciones en Ays\u00e9n.<\/p>\n<p style=\"font-weight: 400; text-align: justify;\">El\u00a0Gobierno puso tambi\u00e9n a disposici\u00f3n de la ciudadan\u00eda el portal\u00a0<a href=\"https:\/\/tuvotodecide.cl\/\" data-saferedirecturl=\"https:\/\/www.google.com\/url?q=https:\/\/tuvotodecide.cl\/&amp;source=gmail&amp;ust=1662243269505000&amp;usg=AOvVaw3Pmfk7mvjo4WJM6hP04KkR\">https:\/\/tuvotodecide.cl\/<\/a>\u00a0con toda la informaci\u00f3n.<\/p>\n<\/div><\/section><\/div><div  style='height:50px' class='hr hr-invisible   avia-builder-el-6  el_after_av_one_full  el_before_av_social_share '><span class='hr-inner ' ><span class='hr-inner-style'><\/span><\/span><\/div><\/p>\n<div  class='av-social-sharing-box  avia-builder-el-7  el_after_av_hr  el_before_av_hr  '><div class='av-share-box'><h5 class='av-share-link-description av-no-toc '>Compartir esta noticia<\/h5><ul class='av-share-box-list noLightbox'><li class='av-share-link av-social-link-facebook' ><a target=\"_blank\" aria-label=\"Compartir en Facebook\" href='https:\/\/www.facebook.com\/sharer.php?u=https:\/\/radiorevelacionfm.cl\/?p=21421&#038;t=Autoridades%20constatan%20preparaci%C3%B3n%20de%20locales%20para%20Plebiscito%20Constitucional' aria-hidden='false' data-av_icon='\ue8f3' data-av_iconfont='entypo-fontello' title='' data-avia-related-tooltip='Compartir en Facebook' rel=\"noopener\"><span class='avia_hidden_link_text'>Compartir en Facebook<\/span><\/a><\/li><li class='av-share-link av-social-link-twitter' ><a target=\"_blank\" aria-label=\"Compartir en Twitter\" href='https:\/\/twitter.com\/share?text=Autoridades%20constatan%20preparaci%C3%B3n%20de%20locales%20para%20Plebiscito%20Constitucional&#038;url=https:\/\/radiorevelacionfm.cl\/?p=21421' aria-hidden='false' data-av_icon='\ue8f1' data-av_iconfont='entypo-fontello' title='' data-avia-related-tooltip='Compartir en Twitter' rel=\"noopener\"><span class='avia_hidden_link_text'>Compartir en Twitter<\/span><\/a><\/li><li class='av-share-link av-social-link-whatsapp' ><a target=\"_blank\" aria-label=\"Compartir en Whatsapp\" href='https:\/\/api.whatsapp.com\/send?text=https:\/\/radiorevelacionfm.cl\/?p=21421' aria-hidden='false' data-av_icon='\uf232' data-av_iconfont='entypo-fontello' title='' data-avia-related-tooltip='Compartir en Whatsapp' rel=\"noopener\"><span class='avia_hidden_link_text'>Compartir en Whatsapp<\/span><\/a><\/li><li class='av-share-link av-social-link-linkedin' ><a target=\"_blank\" aria-label=\"Compartir en LinkedIn\" href='https:\/\/linkedin.com\/shareArticle?mini=true&#038;title=Autoridades%20constatan%20preparaci%C3%B3n%20de%20locales%20para%20Plebiscito%20Constitucional&#038;url=https:\/\/radiorevelacionfm.cl\/?p=21421' aria-hidden='false' data-av_icon='\ue8fc' data-av_iconfont='entypo-fontello' title='' data-avia-related-tooltip='Compartir en LinkedIn' rel=\"noopener\"><span class='avia_hidden_link_text'>Compartir en LinkedIn<\/span><\/a><\/li><li class='av-share-link av-social-link-mail' ><a  aria-label=\"Compartir por correo\" href='mailto:?subject=Autoridades%20constatan%20preparaci%C3%B3n%20de%20locales%20para%20Plebiscito%20Constitucional&#038;body=https:\/\/radiorevelacionfm.cl\/?p=21421' aria-hidden='false' data-av_icon='\ue805' data-av_iconfont='entypo-fontello' title='' data-avia-related-tooltip='Compartir por correo'><span class='avia_hidden_link_text'>Compartir por correo<\/span><\/a><\/li><\/ul><\/div><\/div>\n<div  style='height:50px' class='hr hr-invisible   avia-builder-el-8  el_after_av_social_share  el_before_av_comments_list '><span class='hr-inner ' ><span class='hr-inner-style'><\/span><\/span><\/div>\n<div  class='av-buildercomment  av-blog-meta-html-info-disabled av-blog-meta-tag-disabled  '><\/div>\n","protected":false},"excerpt":{"rendered":"","protected":false},"author":1,"featured_media":21422,"comment_status":"open","ping_status":"open","sticky":false,"template":"","format":"standard","meta":{"footnotes":""},"categories":[38],"tags":[],"class_list":["post-21421","post","type-post","status-publish","format-standard","has-post-thumbnail","hentry","category-regional"],"jetpack_featured_media_url":"https:\/\/radiorevelacionfm.cl\/wp-content\/uploads\/2022\/09\/locales-votacion-2022-09-02-1_optimized.jpeg","_links":{"self":[{"href":"https:\/\/radiorevelacionfm.cl\/index.php?rest_route=\/wp\/v2\/posts\/21421","targetHints":{"allow":["GET"]}}],"collection":[{"href":"https:\/\/radiorevelacionfm.cl\/index.php?rest_route=\/wp\/v2\/posts"}],"about":[{"href":"https:\/\/radiorevelacionfm.cl\/index.php?rest_route=\/wp\/v2\/types\/post"}],"author":[{"embeddable":true,"href":"https:\/\/radiorevelacionfm.cl\/index.php?rest_route=\/wp\/v2\/users\/1"}],"replies":[{"embeddable":true,"href":"https:\/\/radiorevelacionfm.cl\/index.php?rest_route=%2Fwp%2Fv2%2Fcomments&post=21421"}],"version-history":[{"count":2,"href":"https:\/\/radiorevelacionfm.cl\/index.php?rest_route=\/wp\/v2\/posts\/21421\/revisions"}],"predecessor-version":[{"id":21437,"href":"https:\/\/radiorevelacionfm.cl\/index.php?rest_route=\/wp\/v2\/posts\/21421\/revisions\/21437"}],"wp:featuredmedia":[{"embeddable":true,"href":"https:\/\/radiorevelacionfm.cl\/index.php?rest_route=\/wp\/v2\/media\/21422"}],"wp:attachment":[{"href":"https:\/\/radiorevelacionfm.cl\/index.php?rest_route=%2Fwp%2Fv2%2Fmedia&parent=21421"}],"wp:term":[{"taxonomy":"category","embeddable":true,"href":"https:\/\/radiorevelacionfm.cl\/index.php?rest_route=%2Fwp%2Fv2%2Fcategories&post=21421"},{"taxonomy":"post_tag","embeddable":true,"href":"https:\/\/radiorevelacionfm.cl\/index.php?rest_route=%2Fwp%2Fv2%2Ftags&post=21421"}],"curies":[{"name":"wp","href":"https:\/\/api.w.org\/{rel}","templated":true}]}}