{"id":21413,"date":"2022-09-03T12:54:52","date_gmt":"2022-09-03T15:54:52","guid":{"rendered":"https:\/\/radiorevelacionfm.cl\/?p=21413"},"modified":"2022-09-03T12:54:52","modified_gmt":"2022-09-03T15:54:52","slug":"la-labor-de-la-pdi-aysen-durante-el-plebiscito-del-4-de-septiembre","status":"publish","type":"post","link":"https:\/\/radiorevelacionfm.cl\/?p=21413","title":{"rendered":"La labor de la PDI Ays\u00e9n durante el plebiscito del 4 de septiembre"},"content":{"rendered":"<div class=\"flex_column av_one_full  flex_column_div av-zero-column-padding first  avia-builder-el-0  el_before_av_one_full  avia-builder-el-first  \" style='border-radius:0px; '><div  class='avia-image-container  av-styling-    avia-builder-el-1  avia-builder-el-no-sibling  avia-align-center '  itemprop=\"image\" itemscope=\"itemscope\" itemtype=\"https:\/\/schema.org\/ImageObject\"  ><div class='avia-image-container-inner'><div class='avia-image-overlay-wrap'><img decoding=\"async\" class='wp-image-21417 avia-img-lazy-loading-not-21417 avia_image' src=\"https:\/\/radiorevelacionfm.cl\/wp-content\/uploads\/2022\/09\/valijas-diplomaticas-aysen-1_optimized.jpg\" alt='' title='valijas-diplomaticas-aysen-(1)_optimized' height=\"600\" width=\"1067\"  itemprop=\"thumbnailUrl\" srcset=\"https:\/\/radiorevelacionfm.cl\/wp-content\/uploads\/2022\/09\/valijas-diplomaticas-aysen-1_optimized.jpg 1067w, https:\/\/radiorevelacionfm.cl\/wp-content\/uploads\/2022\/09\/valijas-diplomaticas-aysen-1_optimized-300x169.jpg 300w, https:\/\/radiorevelacionfm.cl\/wp-content\/uploads\/2022\/09\/valijas-diplomaticas-aysen-1_optimized-1030x579.jpg 1030w, https:\/\/radiorevelacionfm.cl\/wp-content\/uploads\/2022\/09\/valijas-diplomaticas-aysen-1_optimized-768x432.jpg 768w, https:\/\/radiorevelacionfm.cl\/wp-content\/uploads\/2022\/09\/valijas-diplomaticas-aysen-1_optimized-705x396.jpg 705w, https:\/\/radiorevelacionfm.cl\/wp-content\/uploads\/2022\/09\/valijas-diplomaticas-aysen-1_optimized-600x337.jpg 600w\" sizes=\"(max-width: 1067px) 100vw, 1067px\" \/><\/div><\/div><\/div><\/div><div class=\"flex_column av_one_full  flex_column_div av-zero-column-padding first  avia-builder-el-2  el_after_av_one_full  el_before_av_one_full  column-top-margin\" style='border-radius:0px; '><section class=\"av_textblock_section \"  itemscope=\"itemscope\" itemtype=\"https:\/\/schema.org\/BlogPosting\" itemprop=\"blogPost\" ><div class='avia_textblock  '   itemprop=\"text\" ><p style=\"text-align: center;\"><span style=\"font-size: 18pt;\"><strong>La labor de la PDI Ays\u00e9n durante el plebiscito del 4 de septiembre<\/strong><\/span><\/p>\n<div id=\"gtx-trans\" style=\"position: absolute; left: -50px; top: 4.31534px;\">\n<div class=\"gtx-trans-icon\"><\/div>\n<\/div>\n<\/div><\/section><\/div><div class=\"flex_column av_one_full  flex_column_div av-zero-column-padding first  avia-builder-el-4  el_after_av_one_full  el_before_av_hr  column-top-margin\" style='border-radius:0px; '><section class=\"av_textblock_section \"  itemscope=\"itemscope\" itemtype=\"https:\/\/schema.org\/BlogPosting\" itemprop=\"blogPost\" ><div class='avia_textblock  '   itemprop=\"text\" ><p style=\"text-align: justify;\">Como en cada proceso eleccionario, detectives de la Polic\u00eda de Investigaciones de Chile colaborar\u00e1n, a trav\u00e9s de distintas funciones, durante el desarrollo del Plebiscito Constitucional que se llevar\u00e1 a cabo el pr\u00f3ximo 4 de septiembre.<\/p>\n<p style=\"text-align: justify;\">Una de las acciones de la PDI para estas elecciones se relaciona con el despliegue institucional en apoyo del Voto Exterior, para lo cual se desplegaron un total de 62 detectives en 13 pa\u00edses con el objetivo de transportar el material electoral y traer de regreso a Chile los sobres que contienen las actas de escrutinio del Colegio Escrutador, adem\u00e1s, el personal de la PDI actuar\u00e1 de punto de enlace con las correspondientes polic\u00edas locales para interactuar y coordinarse en asuntos de seguridad.<\/p>\n<p style=\"text-align: justify;\">Este apoyo nace a ra\u00edz de un convenio de cooperaci\u00f3n firmado por la Subsecretar\u00eda de Relaciones Exteriores y la Polic\u00eda de Investigaciones de Chile que formaliz\u00f3 la voluntad de ambas instituciones para ejercer una mejor coordinaci\u00f3n de sus respectivas competencias y funciones facilitando las acciones de apoyo mutuo en los procesos eleccionarios que se efect\u00faan en el extranjero.<\/p>\n<p style=\"text-align: justify;\">A nivel regional, dos funcionarios de la Regi\u00f3n Policial de Ays\u00e9n comenzaron su despliegue para este proceso, iniciando este mi\u00e9rcoles el viaje hacia Argentina para trasladar las valijas diplom\u00e1ticas que contienen el material electoral hacia Comodoro Rivadavia en la provincia del Chubut. As\u00ed, los detectives participar\u00e1n del proceso de coordinaci\u00f3n en materias de seguridad junto al Consulado y la Polic\u00eda Federal Argentina.<\/p>\n<p style=\"text-align: justify;\">Por otro lado, comprometidos con la seguridad del proceso, la PDI habilit\u00f3 a nivel nacional n\u00fameros de WhatsApp que permitir\u00e1n recibir informaci\u00f3n an\u00f3nima sobre situaciones que puedan afectar la seguridad p\u00fablica. A trav\u00e9s del env\u00edo de videos, fotos, audios o textos las personas podr\u00e1n alertar sobre aquellas situaciones que pudiesen afectar la seguridad de las elecciones, cuyos antecedentes ser\u00e1n analizados y procesados por personal especializado.<\/p>\n<p style=\"text-align: justify;\">A nivel regional, el n\u00famero de WhatsApp que estar\u00e1 operativo a contar de este viernes 2 de septiembre es el <strong>+56938643333<\/strong>, donde la comunidad de la Regi\u00f3n de Ays\u00e9n podr\u00e1 hacer llegar antecedentes sobre situaciones que puedan alterar la tranquilidad p\u00fablica durante el proceso eleccionario.<\/p>\n<p style=\"text-align: justify;\">Finalmente, en Coyhaique y Puerto Ays\u00e9n existir\u00e1 un despliegue operativo de personal de la PDI previo, durante y posterior al proceso eleccionario, en conjunto con las Fuerzas Armadas, de Orden y Seguridad bajo el mando del Jefe de la Fuerza Regional, con la finalidad de planificar y ejecutar medidas de resguardo, apoyo investigativo, an\u00e1lisis e inteligencia policial, delitos flagrantes, atentados contra la autoridad u otras acciones enfocadas en la seguridad p\u00fablica de este importante acto eleccionario.<\/p>\n<p style=\"text-align: justify;\">Desde la Polic\u00eda Civil, la prefecta Carolina Namor, jefa regional (s) de la Regi\u00f3n Policial de Ays\u00e9n, se\u00f1al\u00f3 que \u201ccomo PDI estamos comprometidos con el correcto desarrollo de este proceso eleccionario tanto a nivel internacional como a nivel nacional. A nivel regional, espec\u00edficamente, estamos coordinando distintas acciones con la finalidad de apoyar desde nuestra experiencia en el an\u00e1lisis e investigaci\u00f3n criminal para contribuir durante estas elecciones\u201d.<\/p>\n<\/div><\/section><\/div><div  style='height:50px' class='hr hr-invisible   avia-builder-el-6  el_after_av_one_full  el_before_av_social_share '><span class='hr-inner ' ><span class='hr-inner-style'><\/span><\/span><\/div><\/p>\n<div  class='av-social-sharing-box  avia-builder-el-7  el_after_av_hr  el_before_av_hr  '><div class='av-share-box'><h5 class='av-share-link-description av-no-toc '>Compartir esta noticia<\/h5><ul class='av-share-box-list noLightbox'><li class='av-share-link av-social-link-facebook' ><a target=\"_blank\" aria-label=\"Compartir en Facebook\" href='https:\/\/www.facebook.com\/sharer.php?u=https:\/\/radiorevelacionfm.cl\/?p=21413&#038;t=La%20labor%20de%20la%20PDI%20Ays%C3%A9n%20durante%20el%20plebiscito%20del%204%20de%20septiembre' aria-hidden='false' data-av_icon='\ue8f3' data-av_iconfont='entypo-fontello' title='' data-avia-related-tooltip='Compartir en Facebook' rel=\"noopener\"><span class='avia_hidden_link_text'>Compartir en Facebook<\/span><\/a><\/li><li class='av-share-link av-social-link-twitter' ><a target=\"_blank\" aria-label=\"Compartir en Twitter\" href='https:\/\/twitter.com\/share?text=La%20labor%20de%20la%20PDI%20Ays%C3%A9n%20durante%20el%20plebiscito%20del%204%20de%20septiembre&#038;url=https:\/\/radiorevelacionfm.cl\/?p=21413' aria-hidden='false' data-av_icon='\ue8f1' data-av_iconfont='entypo-fontello' title='' data-avia-related-tooltip='Compartir en Twitter' rel=\"noopener\"><span class='avia_hidden_link_text'>Compartir en Twitter<\/span><\/a><\/li><li class='av-share-link av-social-link-whatsapp' ><a target=\"_blank\" aria-label=\"Compartir en Whatsapp\" href='https:\/\/api.whatsapp.com\/send?text=https:\/\/radiorevelacionfm.cl\/?p=21413' aria-hidden='false' data-av_icon='\uf232' data-av_iconfont='entypo-fontello' title='' data-avia-related-tooltip='Compartir en Whatsapp' rel=\"noopener\"><span class='avia_hidden_link_text'>Compartir en Whatsapp<\/span><\/a><\/li><li class='av-share-link av-social-link-linkedin' ><a target=\"_blank\" aria-label=\"Compartir en LinkedIn\" href='https:\/\/linkedin.com\/shareArticle?mini=true&#038;title=La%20labor%20de%20la%20PDI%20Ays%C3%A9n%20durante%20el%20plebiscito%20del%204%20de%20septiembre&#038;url=https:\/\/radiorevelacionfm.cl\/?p=21413' aria-hidden='false' data-av_icon='\ue8fc' data-av_iconfont='entypo-fontello' title='' data-avia-related-tooltip='Compartir en LinkedIn' rel=\"noopener\"><span class='avia_hidden_link_text'>Compartir en LinkedIn<\/span><\/a><\/li><li class='av-share-link av-social-link-mail' ><a  aria-label=\"Compartir por correo\" href='mailto:?subject=La%20labor%20de%20la%20PDI%20Ays%C3%A9n%20durante%20el%20plebiscito%20del%204%20de%20septiembre&#038;body=https:\/\/radiorevelacionfm.cl\/?p=21413' aria-hidden='false' data-av_icon='\ue805' data-av_iconfont='entypo-fontello' title='' data-avia-related-tooltip='Compartir por correo'><span class='avia_hidden_link_text'>Compartir por correo<\/span><\/a><\/li><\/ul><\/div><\/div>\n<div  style='height:50px' class='hr hr-invisible   avia-builder-el-8  el_after_av_social_share  el_before_av_comments_list '><span class='hr-inner ' ><span class='hr-inner-style'><\/span><\/span><\/div>\n<div  class='av-buildercomment  av-blog-meta-html-info-disabled av-blog-meta-tag-disabled  '><\/div>\n","protected":false},"excerpt":{"rendered":"","protected":false},"author":1,"featured_media":21417,"comment_status":"open","ping_status":"open","sticky":false,"template":"","format":"standard","meta":{"footnotes":""},"categories":[36],"tags":[],"class_list":["post-21413","post","type-post","status-publish","format-standard","has-post-thumbnail","hentry","category-policial"],"jetpack_featured_media_url":"https:\/\/radiorevelacionfm.cl\/wp-content\/uploads\/2022\/09\/valijas-diplomaticas-aysen-1_optimized.jpg","_links":{"self":[{"href":"https:\/\/radiorevelacionfm.cl\/index.php?rest_route=\/wp\/v2\/posts\/21413","targetHints":{"allow":["GET"]}}],"collection":[{"href":"https:\/\/radiorevelacionfm.cl\/index.php?rest_route=\/wp\/v2\/posts"}],"about":[{"href":"https:\/\/radiorevelacionfm.cl\/index.php?rest_route=\/wp\/v2\/types\/post"}],"author":[{"embeddable":true,"href":"https:\/\/radiorevelacionfm.cl\/index.php?rest_route=\/wp\/v2\/users\/1"}],"replies":[{"embeddable":true,"href":"https:\/\/radiorevelacionfm.cl\/index.php?rest_route=%2Fwp%2Fv2%2Fcomments&post=21413"}],"version-history":[{"count":2,"href":"https:\/\/radiorevelacionfm.cl\/index.php?rest_route=\/wp\/v2\/posts\/21413\/revisions"}],"predecessor-version":[{"id":21442,"href":"https:\/\/radiorevelacionfm.cl\/index.php?rest_route=\/wp\/v2\/posts\/21413\/revisions\/21442"}],"wp:featuredmedia":[{"embeddable":true,"href":"https:\/\/radiorevelacionfm.cl\/index.php?rest_route=\/wp\/v2\/media\/21417"}],"wp:attachment":[{"href":"https:\/\/radiorevelacionfm.cl\/index.php?rest_route=%2Fwp%2Fv2%2Fmedia&parent=21413"}],"wp:term":[{"taxonomy":"category","embeddable":true,"href":"https:\/\/radiorevelacionfm.cl\/index.php?rest_route=%2Fwp%2Fv2%2Fcategories&post=21413"},{"taxonomy":"post_tag","embeddable":true,"href":"https:\/\/radiorevelacionfm.cl\/index.php?rest_route=%2Fwp%2Fv2%2Ftags&post=21413"}],"curies":[{"name":"wp","href":"https:\/\/api.w.org\/{rel}","templated":true}]}}