{"id":21410,"date":"2022-09-03T10:32:48","date_gmt":"2022-09-03T13:32:48","guid":{"rendered":"https:\/\/radiorevelacionfm.cl\/?p=21410"},"modified":"2022-09-03T10:32:48","modified_gmt":"2022-09-03T13:32:48","slug":"presentan-linea-de-representacion-juridica-la-ninez-y-adolescencia-se-defienden","status":"publish","type":"post","link":"https:\/\/radiorevelacionfm.cl\/?p=21410","title":{"rendered":"Presentan L\u00ednea de Representaci\u00f3n Jur\u00eddica \u201cLa Ni\u00f1ez y Adolescencia se defienden\u201d"},"content":{"rendered":"<div class=\"flex_column av_one_full  flex_column_div av-zero-column-padding first  avia-builder-el-0  el_before_av_one_full  avia-builder-el-first  \" style='border-radius:0px; '><div  class='avia-image-container  av-styling-    avia-builder-el-1  avia-builder-el-no-sibling  avia-align-center '  itemprop=\"image\" itemscope=\"itemscope\" itemtype=\"https:\/\/schema.org\/ImageObject\"  ><div class='avia-image-container-inner'><div class='avia-image-overlay-wrap'><img decoding=\"async\" class='wp-image-21411 avia-img-lazy-loading-not-21411 avia_image' src=\"https:\/\/radiorevelacionfm.cl\/wp-content\/uploads\/2022\/09\/equipo-linea-de-representacion-juridica-1_optimized.jpg\" alt='' title='equipo-linea-de-representaci\u00f3n-juridica--(1)_optimized' height=\"600\" width=\"1106\"  itemprop=\"thumbnailUrl\" srcset=\"https:\/\/radiorevelacionfm.cl\/wp-content\/uploads\/2022\/09\/equipo-linea-de-representacion-juridica-1_optimized.jpg 1106w, https:\/\/radiorevelacionfm.cl\/wp-content\/uploads\/2022\/09\/equipo-linea-de-representacion-juridica-1_optimized-300x163.jpg 300w, https:\/\/radiorevelacionfm.cl\/wp-content\/uploads\/2022\/09\/equipo-linea-de-representacion-juridica-1_optimized-1030x559.jpg 1030w, https:\/\/radiorevelacionfm.cl\/wp-content\/uploads\/2022\/09\/equipo-linea-de-representacion-juridica-1_optimized-768x417.jpg 768w, https:\/\/radiorevelacionfm.cl\/wp-content\/uploads\/2022\/09\/equipo-linea-de-representacion-juridica-1_optimized-705x382.jpg 705w, https:\/\/radiorevelacionfm.cl\/wp-content\/uploads\/2022\/09\/equipo-linea-de-representacion-juridica-1_optimized-600x325.jpg 600w\" sizes=\"(max-width: 1106px) 100vw, 1106px\" \/><\/div><\/div><\/div><\/div>\n<div class=\"flex_column av_one_full  flex_column_div av-zero-column-padding first  avia-builder-el-2  el_after_av_one_full  el_before_av_one_full  column-top-margin\" style='border-radius:0px; '><section class=\"av_textblock_section \"  itemscope=\"itemscope\" itemtype=\"https:\/\/schema.org\/BlogPosting\" itemprop=\"blogPost\" ><div class='avia_textblock  '   itemprop=\"text\" ><p style=\"text-align: center;\"><strong><span style=\"font-size: 18pt;\">Presentan L\u00ednea de Representaci\u00f3n Jur\u00eddica \u201cLa Ni\u00f1ez y Adolescencia se defienden\u201d<\/span><\/strong><\/p>\n<div id=\"gtx-trans\" style=\"position: absolute; left: -50px; top: 4.31534px;\">\n<div class=\"gtx-trans-icon\"><\/div>\n<\/div>\n<\/div><\/section><\/div><div class=\"flex_column av_one_full  flex_column_div av-zero-column-padding first  avia-builder-el-4  el_after_av_one_full  el_before_av_hr  column-top-margin\" style='border-radius:0px; '><section class=\"av_textblock_section \"  itemscope=\"itemscope\" itemtype=\"https:\/\/schema.org\/BlogPosting\" itemprop=\"blogPost\" ><div class='avia_textblock  '   itemprop=\"text\" ><p style=\"text-align: justify;\">Entregar defensa jur\u00eddica especializada de los NNA para garantizar su efectivo acceso a la justicia y el debido proceso\u00a0de las causas judiciales en que se busca proteger sus derechos, asegurando su comparecencia y participaci\u00f3n en las decisiones que los afectan, es el principal objetivo de la L\u00ednea de Representaci\u00f3n Jur\u00eddica de Ni\u00f1os, Ni\u00f1as y Adolescentes <strong>\u201c<\/strong>La Ni\u00f1ez y Adolescencia se defienden\u201d, programa que inicia su funcionamiento a nivel regional, y que fue presentado este viernes por el Seremi de Justicia y Derechos Humanos Samuel Navarro Castro acompa\u00f1ado de la Directora Regional (s) de la Corporaci\u00f3n de Asistencia Judicial Francisca Vilches.<\/p>\n<p style=\"text-align: justify;\">Se trata de una iniciativa del Ministerio de Justicia y DD.HH que opera a trav\u00e9s de la Corporaci\u00f3n de Asistencia Judicial, y est\u00e1 compuesto por un abogado coordinador, un asistente social, dos abogados y un asistente administrativo.<\/p>\n<p style=\"text-align: justify;\">Este programa que comenz\u00f3 a implementarse en la regi\u00f3n, est\u00e1 a cargo del abogado Iv\u00e1n Olgu\u00edn qui\u00e9n indic\u00f3 que\u00a0\u201cnuestro objetivo es entregar representaci\u00f3n jur\u00eddica letrada y especializada a todos los ni\u00f1os, ni\u00f1as y adolescentes que hasta el momento no ten\u00edan esta representaci\u00f3n en algunas instancias que son muy importante que ellos participen, estamos hablando de causas de mediana y baja gravedad, como por ejemplo causas por pensi\u00f3n de alimentos, cuidado personal, todas causas que hasta el momento se han llevado tomando en consideraci\u00f3n exclusivamente los intereses de los padres, ahora en base a la ley de garant\u00eda se establece que en todas las instancias administrativas y judiciales en las que se involucren derechos de ni\u00f1os, ni\u00f1as y adolescentes, ellos tienen derecho a ser o\u00eddos y esa va a ser nuestra principal misi\u00f3n como l\u00ednea de la ni\u00f1ez y la adolescencia se defienden, estamos en etapa de implementaci\u00f3n y nuestra principal misi\u00f3n en esta etapa es llegar a todos esos lugares y se\u00f1alar cual es la nueva oferta que se est\u00e1 estableciendo, principalmente a los ni\u00f1os, que ellos conozcan cu\u00e1les son sus derechos y como pueden acudir a nosotros\u201d.<\/p>\n<p style=\"text-align: justify;\">Mientras que el Seremi de Justicia y DD.HH, Samuel Navarro Castro se\u00f1al\u00f3 que \u201cestamos muy contentos porque el d\u00eda de ayer comenzamos al igual que en las otras regiones de pa\u00eds, con el programa especializado de atenci\u00f3n para ni\u00f1os, ni\u00f1as y adolescentes que en este caso constituye una instrucci\u00f3n del Presidente Gabriel Boric para que los ni\u00f1os, ni\u00f1as y adolescentes cuenten con atenci\u00f3n letrada especializada ante los Tribunales de Justicia consider\u00e1ndolos como sujetos de derecho, esto est\u00e1 en el marco de las convenciones de Derechos Humanos e Infancia, en el marco de la Ley de Garant\u00eda de la Ni\u00f1ez y nos parece muy satisfactorio tambi\u00e9n en la regi\u00f3n de Ays\u00e9n contar con profesionales y personal capacitado, va a estar al amparo de la Corporaci\u00f3n de Asistencia Judicial, \u00a0inicialmente vamos a estar funcionando en Coyhaique, pero tambi\u00e9n en Puerto Ays\u00e9n, esta era una deuda pendiente en el contexto de todas las trasformaciones que ha tenido la Ley de Infancia, se constituy\u00f3 el Servicio de Protecci\u00f3n Especializada m\u00e1s conocido como Mejor Ni\u00f1ez, estamos en pleno proceso de finalizaci\u00f3n del Sename para constituirse en el Servicio Especializado de Reinserci\u00f3n Social Juvenil, y de esta manera vamos completando este proceso de mejorar la situaci\u00f3n que el Estado, el Gobierno de Chile va a tener a los Ni\u00f1os, Ni\u00f1as y Adolescentes su protecci\u00f3n, su cuidado y su defensa\u201d.<\/p>\n<p style=\"text-align: justify;\">Por su parte, la Directora Regional (s) de la Corporaci\u00f3n de Asistencia Judicial, Francisca Vilches explic\u00f3 que \u201cesta l\u00ednea viene a sumarse al programa que como instituci\u00f3n ya ten\u00edamos que es Mi Abogado, el que ve la representaci\u00f3n jur\u00eddica, y en este caso lo que se pretende hacer es ampliar la oferta program\u00e1tica en cumplimiento de lo que establece la ley, actualmente el Programa Mi abogado tiene el patrocinio judicial de 224 ingresos de ni\u00f1os, ni\u00f1as y adolescentes en toda la cobertura regional, adem\u00e1s nosotros como Corporaci\u00f3n y consultorio jur\u00eddico, civil y de familia de Coyhaique tenemos 165 casos m\u00e1s vigentes, este nuevo programa vienen a hacerse cargo de parte de esos ingresos de ni\u00f1os, ni\u00f1as y adolescentes que requieren atenci\u00f3n jur\u00eddica especializada, aut\u00f3noma y profesional, esto viene a cubrir cualquier representaci\u00f3n jur\u00eddica que requiera un ni\u00f1o, ni\u00f1a o adolescente en los Tribunales o en otras gestiones administrativas\u201d.<\/p>\n<p style=\"text-align: justify;\">Finalmente, mencionar que esta instancia contar\u00e1 con abogados que tengan conocimiento y formaci\u00f3n en Derecho de Familia, Derechos Humanos, en la Convenci\u00f3n de Derechos del Ni\u00f1o y de las Observaciones Generales del Comit\u00e9 de Derechos del Ni\u00f1o, siendo atendidos de manera exclusiva por estos abogados, y acompa\u00f1ados durante todo el proceso, haciendo posible el ejercicio de sus derechos, en el marco de un debido proceso que los visualiza como sujetos titulares de derechos humanos, que, por su condici\u00f3n, merecen especial protecci\u00f3n por parte del Estado.<\/p>\n<\/div><\/section><\/div><\/p>\n<div  style='height:50px' class='hr hr-invisible   avia-builder-el-6  el_after_av_one_full  el_before_av_social_share '><span class='hr-inner ' ><span class='hr-inner-style'><\/span><\/span><\/div>\n<div  class='av-social-sharing-box  avia-builder-el-7  el_after_av_hr  el_before_av_hr  '><div class='av-share-box'><h5 class='av-share-link-description av-no-toc '>Compartir esta noticia<\/h5><ul class='av-share-box-list noLightbox'><li class='av-share-link av-social-link-facebook' ><a target=\"_blank\" aria-label=\"Compartir en Facebook\" href='https:\/\/www.facebook.com\/sharer.php?u=https:\/\/radiorevelacionfm.cl\/?p=21410&#038;t=Presentan%20L%C3%ADnea%20de%20Representaci%C3%B3n%20Jur%C3%ADdica%20%E2%80%9CLa%20Ni%C3%B1ez%20y%20Adolescencia%20se%20defienden%E2%80%9D' aria-hidden='false' data-av_icon='\ue8f3' data-av_iconfont='entypo-fontello' title='' data-avia-related-tooltip='Compartir en Facebook' rel=\"noopener\"><span class='avia_hidden_link_text'>Compartir en Facebook<\/span><\/a><\/li><li class='av-share-link av-social-link-twitter' ><a target=\"_blank\" aria-label=\"Compartir en Twitter\" href='https:\/\/twitter.com\/share?text=Presentan%20L%C3%ADnea%20de%20Representaci%C3%B3n%20Jur%C3%ADdica%20%E2%80%9CLa%20Ni%C3%B1ez%20y%20Adolescencia%20se%20defienden%E2%80%9D&#038;url=https:\/\/radiorevelacionfm.cl\/?p=21410' aria-hidden='false' data-av_icon='\ue8f1' data-av_iconfont='entypo-fontello' title='' data-avia-related-tooltip='Compartir en Twitter' rel=\"noopener\"><span class='avia_hidden_link_text'>Compartir en Twitter<\/span><\/a><\/li><li class='av-share-link av-social-link-whatsapp' ><a target=\"_blank\" aria-label=\"Compartir en Whatsapp\" href='https:\/\/api.whatsapp.com\/send?text=https:\/\/radiorevelacionfm.cl\/?p=21410' aria-hidden='false' data-av_icon='\uf232' data-av_iconfont='entypo-fontello' title='' data-avia-related-tooltip='Compartir en Whatsapp' rel=\"noopener\"><span class='avia_hidden_link_text'>Compartir en Whatsapp<\/span><\/a><\/li><li class='av-share-link av-social-link-linkedin' ><a target=\"_blank\" aria-label=\"Compartir en LinkedIn\" href='https:\/\/linkedin.com\/shareArticle?mini=true&#038;title=Presentan%20L%C3%ADnea%20de%20Representaci%C3%B3n%20Jur%C3%ADdica%20%E2%80%9CLa%20Ni%C3%B1ez%20y%20Adolescencia%20se%20defienden%E2%80%9D&#038;url=https:\/\/radiorevelacionfm.cl\/?p=21410' aria-hidden='false' data-av_icon='\ue8fc' data-av_iconfont='entypo-fontello' title='' data-avia-related-tooltip='Compartir en LinkedIn' rel=\"noopener\"><span class='avia_hidden_link_text'>Compartir en LinkedIn<\/span><\/a><\/li><li class='av-share-link av-social-link-mail' ><a  aria-label=\"Compartir por correo\" href='mailto:?subject=Presentan%20L%C3%ADnea%20de%20Representaci%C3%B3n%20Jur%C3%ADdica%20%E2%80%9CLa%20Ni%C3%B1ez%20y%20Adolescencia%20se%20defienden%E2%80%9D&#038;body=https:\/\/radiorevelacionfm.cl\/?p=21410' aria-hidden='false' data-av_icon='\ue805' data-av_iconfont='entypo-fontello' title='' data-avia-related-tooltip='Compartir por correo'><span class='avia_hidden_link_text'>Compartir por correo<\/span><\/a><\/li><\/ul><\/div><\/div>\n<div  style='height:50px' class='hr hr-invisible   avia-builder-el-8  el_after_av_social_share  el_before_av_comments_list '><span class='hr-inner ' ><span class='hr-inner-style'><\/span><\/span><\/div>\n<div  class='av-buildercomment  av-blog-meta-html-info-disabled av-blog-meta-tag-disabled  '><\/div>\n","protected":false},"excerpt":{"rendered":"","protected":false},"author":1,"featured_media":21411,"comment_status":"open","ping_status":"open","sticky":false,"template":"","format":"standard","meta":{"footnotes":""},"categories":[55],"tags":[],"class_list":["post-21410","post","type-post","status-publish","format-standard","has-post-thumbnail","hentry","category-justicia"],"jetpack_featured_media_url":"https:\/\/radiorevelacionfm.cl\/wp-content\/uploads\/2022\/09\/equipo-linea-de-representacion-juridica-1_optimized.jpg","_links":{"self":[{"href":"https:\/\/radiorevelacionfm.cl\/index.php?rest_route=\/wp\/v2\/posts\/21410","targetHints":{"allow":["GET"]}}],"collection":[{"href":"https:\/\/radiorevelacionfm.cl\/index.php?rest_route=\/wp\/v2\/posts"}],"about":[{"href":"https:\/\/radiorevelacionfm.cl\/index.php?rest_route=\/wp\/v2\/types\/post"}],"author":[{"embeddable":true,"href":"https:\/\/radiorevelacionfm.cl\/index.php?rest_route=\/wp\/v2\/users\/1"}],"replies":[{"embeddable":true,"href":"https:\/\/radiorevelacionfm.cl\/index.php?rest_route=%2Fwp%2Fv2%2Fcomments&post=21410"}],"version-history":[{"count":3,"href":"https:\/\/radiorevelacionfm.cl\/index.php?rest_route=\/wp\/v2\/posts\/21410\/revisions"}],"predecessor-version":[{"id":21436,"href":"https:\/\/radiorevelacionfm.cl\/index.php?rest_route=\/wp\/v2\/posts\/21410\/revisions\/21436"}],"wp:featuredmedia":[{"embeddable":true,"href":"https:\/\/radiorevelacionfm.cl\/index.php?rest_route=\/wp\/v2\/media\/21411"}],"wp:attachment":[{"href":"https:\/\/radiorevelacionfm.cl\/index.php?rest_route=%2Fwp%2Fv2%2Fmedia&parent=21410"}],"wp:term":[{"taxonomy":"category","embeddable":true,"href":"https:\/\/radiorevelacionfm.cl\/index.php?rest_route=%2Fwp%2Fv2%2Fcategories&post=21410"},{"taxonomy":"post_tag","embeddable":true,"href":"https:\/\/radiorevelacionfm.cl\/index.php?rest_route=%2Fwp%2Fv2%2Ftags&post=21410"}],"curies":[{"name":"wp","href":"https:\/\/api.w.org\/{rel}","templated":true}]}}