{"id":21405,"date":"2022-09-02T17:56:15","date_gmt":"2022-09-02T20:56:15","guid":{"rendered":"https:\/\/radiorevelacionfm.cl\/?p=21405"},"modified":"2022-09-02T17:56:15","modified_gmt":"2022-09-02T20:56:15","slug":"con-amplio-cumplimiento-cerro-la-veda-de-la-merluza-austral-en-los-rios-los-lagos-y-aysen","status":"publish","type":"post","link":"https:\/\/radiorevelacionfm.cl\/?p=21405","title":{"rendered":"Con amplio cumplimiento cerr\u00f3 la veda de la merluza austral en Los R\u00edos, Los Lagos y Ays\u00e9n"},"content":{"rendered":"<div class=\"flex_column av_one_full  flex_column_div av-zero-column-padding first  avia-builder-el-0  el_before_av_one_full  avia-builder-el-first  \" style='border-radius:0px; '><div  class='avia-image-container  av-styling-    avia-builder-el-1  avia-builder-el-no-sibling  avia-align-center '  itemprop=\"image\" itemscope=\"itemscope\" itemtype=\"https:\/\/schema.org\/ImageObject\"  ><div class='avia-image-container-inner'><div class='avia-image-overlay-wrap'><img decoding=\"async\" class='wp-image-21407 avia-img-lazy-loading-not-21407 avia_image' src=\"https:\/\/radiorevelacionfm.cl\/wp-content\/uploads\/2022\/09\/4-67A-1-1.jpg\" alt='' title='4 (67)A (1) (1)' height=\"600\" width=\"875\"  itemprop=\"thumbnailUrl\" srcset=\"https:\/\/radiorevelacionfm.cl\/wp-content\/uploads\/2022\/09\/4-67A-1-1.jpg 875w, https:\/\/radiorevelacionfm.cl\/wp-content\/uploads\/2022\/09\/4-67A-1-1-300x206.jpg 300w, https:\/\/radiorevelacionfm.cl\/wp-content\/uploads\/2022\/09\/4-67A-1-1-768x527.jpg 768w, https:\/\/radiorevelacionfm.cl\/wp-content\/uploads\/2022\/09\/4-67A-1-1-705x483.jpg 705w, https:\/\/radiorevelacionfm.cl\/wp-content\/uploads\/2022\/09\/4-67A-1-1-600x411.jpg 600w\" sizes=\"(max-width: 875px) 100vw, 875px\" \/><\/div><\/div><\/div><\/div><div class=\"flex_column av_one_full  flex_column_div av-zero-column-padding first  avia-builder-el-2  el_after_av_one_full  el_before_av_one_full  column-top-margin\" style='border-radius:0px; '><section class=\"av_textblock_section \"  itemscope=\"itemscope\" itemtype=\"https:\/\/schema.org\/BlogPosting\" itemprop=\"blogPost\" ><div class='avia_textblock  '   itemprop=\"text\" ><p style=\"text-align: center;\"><strong><span style=\"font-size: 18pt;\">Con amplio cumplimiento cerr\u00f3 la veda de la merluza austral en Los R\u00edos, Los Lagos y Ays\u00e9n<\/span><\/strong><\/p>\n<div id=\"gtx-trans\" style=\"position: absolute; left: -50px; top: 4.31534px;\">\n<div class=\"gtx-trans-icon\"><\/div>\n<\/div>\n<\/div><\/section><\/div><div class=\"flex_column av_one_full  flex_column_div av-zero-column-padding first  avia-builder-el-4  el_after_av_one_full  el_before_av_hr  column-top-margin\" style='border-radius:0px; '><section class=\"av_textblock_section \"  itemscope=\"itemscope\" itemtype=\"https:\/\/schema.org\/BlogPosting\" itemprop=\"blogPost\" ><div class='avia_textblock  '   itemprop=\"text\" ><p style=\"font-weight: 400; text-align: justify;\">Del 1 al 31 de agosto se realiz\u00f3 la campa\u00f1a Sosi\u00e9gate con la Austral buscando difundir la veda del recurso merluza austral, la importancia de respetarla y alternativas de consumo.<\/p>\n<p style=\"font-weight: 400; text-align: justify;\">Dada la importancia estrat\u00e9gica de esta pesquer\u00eda, considerando que es uno de los recursos pesqueros m\u00e1s apetecidos de la macrozona sur y que, de acuerdo con el informe de la Subsecretar\u00eda de Pesca y Acuicultura, actualmente se encuentra en estado de sobreexplotaci\u00f3n, se intensificaron las labores de fiscalizaci\u00f3n en la regiones de Los Lagos y Ays\u00e9n, destac\u00e1ndose un excelente comportamiento de pescadores, transportistas y comercializadores frente a la normativa.<\/p>\n<p style=\"font-weight: 400; text-align: justify;\">En la regi\u00f3n de\u00a0 Los R\u00edos se llev\u00f3 a cabo un total de 35 acciones de fiscalizaci\u00f3n, en Los Lagos se realizaron 242 y en la Regi\u00f3n de Ays\u00e9n se contabilizaron 67 en total, que consideraron controles al desembarque, en zona de pesca, controles carreteros, a plantas de proceso y a centros de comercializaci\u00f3n y distribuci\u00f3n.<\/p>\n<p style=\"font-weight: 400; text-align: justify;\">Si bien, no se encontraron mayores hallazgos de infracciones a la veda,\u00a0 se destaca el buen cumplimiento de esta medida de administraci\u00f3n, en el contexto de las fiscalizaciones de este recurso se detectaron 13 infracciones en la Regi\u00f3n de Los Lagos, relacionadas a merluza com\u00fan (1.4 toneladas incautadas) y loco (3.133 unidades incautados).<\/p>\n<p style=\"font-weight: 400; text-align: justify;\">Y, tras un procedimiento en Ays\u00e9n, se detect\u00f3 12.746 kilos de merluza de cola que fueron extra\u00eddas de una zona en veda y que, de forma in\u00e9dita, el Magistrado orden\u00f3 que fuera repartido a las localidades de Puerto Ays\u00e9n, Ma\u00f1ihuales y Coyhaique, tras la confirmaci\u00f3n de las autoridades de salud que el recurso era apto para consumo humano.<\/p>\n<p style=\"font-weight: 400; text-align: justify;\">\u201cDurante la veda mantuvimos las fiscalizaciones para evitar la extracci\u00f3n, transporte, comercializaci\u00f3n y almacenamiento ilegal de la merluza del sur. Quiero destacar el buen comportamiento durante el mes de agosto, ya que la detecci\u00f3n de incumplimientos fue muy baja en la regi\u00f3n, esto nos indica que las personas que trabajan en torno a este recurso est\u00e1n conscientes de lo importante que es respetar las vedas para la recuperaci\u00f3n de esta pesquer\u00eda que se encuentra en estado de sobreexplotaci\u00f3n,\u201d coment\u00f3 Tom\u00e1s Manr\u00edquez, Director Regional (S) de Sernapesca Ays\u00e9n.<\/p>\n<p style=\"font-weight: 400; text-align: justify;\">Desde el 1\u00b0 de septiembre entr\u00f3 en veda la merluza com\u00fan, por lo que se puede volver a consumir en fresco la apetecida merluza del sur.<\/p>\n<\/div><\/section><\/div><div  style='height:50px' class='hr hr-invisible   avia-builder-el-6  el_after_av_one_full  el_before_av_social_share '><span class='hr-inner ' ><span class='hr-inner-style'><\/span><\/span><\/div><\/p>\n<div  class='av-social-sharing-box  avia-builder-el-7  el_after_av_hr  el_before_av_hr  '><div class='av-share-box'><h5 class='av-share-link-description av-no-toc '>Compartir esta noticia<\/h5><ul class='av-share-box-list noLightbox'><li class='av-share-link av-social-link-facebook' ><a target=\"_blank\" aria-label=\"Compartir en Facebook\" href='https:\/\/www.facebook.com\/sharer.php?u=https:\/\/radiorevelacionfm.cl\/?p=21405&#038;t=Con%20amplio%20cumplimiento%20cerr%C3%B3%20la%20veda%20de%20la%20merluza%20austral%20en%20Los%20R%C3%ADos%2C%20Los%20Lagos%20y%20Ays%C3%A9n' aria-hidden='false' data-av_icon='\ue8f3' data-av_iconfont='entypo-fontello' title='' data-avia-related-tooltip='Compartir en Facebook' rel=\"noopener\"><span class='avia_hidden_link_text'>Compartir en Facebook<\/span><\/a><\/li><li class='av-share-link av-social-link-twitter' ><a target=\"_blank\" aria-label=\"Compartir en Twitter\" href='https:\/\/twitter.com\/share?text=Con%20amplio%20cumplimiento%20cerr%C3%B3%20la%20veda%20de%20la%20merluza%20austral%20en%20Los%20R%C3%ADos%2C%20Los%20Lagos%20y%20Ays%C3%A9n&#038;url=https:\/\/radiorevelacionfm.cl\/?p=21405' aria-hidden='false' data-av_icon='\ue8f1' data-av_iconfont='entypo-fontello' title='' data-avia-related-tooltip='Compartir en Twitter' rel=\"noopener\"><span class='avia_hidden_link_text'>Compartir en Twitter<\/span><\/a><\/li><li class='av-share-link av-social-link-whatsapp' ><a target=\"_blank\" aria-label=\"Compartir en Whatsapp\" href='https:\/\/api.whatsapp.com\/send?text=https:\/\/radiorevelacionfm.cl\/?p=21405' aria-hidden='false' data-av_icon='\uf232' data-av_iconfont='entypo-fontello' title='' data-avia-related-tooltip='Compartir en Whatsapp' rel=\"noopener\"><span class='avia_hidden_link_text'>Compartir en Whatsapp<\/span><\/a><\/li><li class='av-share-link av-social-link-linkedin' ><a target=\"_blank\" aria-label=\"Compartir en LinkedIn\" href='https:\/\/linkedin.com\/shareArticle?mini=true&#038;title=Con%20amplio%20cumplimiento%20cerr%C3%B3%20la%20veda%20de%20la%20merluza%20austral%20en%20Los%20R%C3%ADos%2C%20Los%20Lagos%20y%20Ays%C3%A9n&#038;url=https:\/\/radiorevelacionfm.cl\/?p=21405' aria-hidden='false' data-av_icon='\ue8fc' data-av_iconfont='entypo-fontello' title='' data-avia-related-tooltip='Compartir en LinkedIn' rel=\"noopener\"><span class='avia_hidden_link_text'>Compartir en LinkedIn<\/span><\/a><\/li><li class='av-share-link av-social-link-mail' ><a  aria-label=\"Compartir por correo\" href='mailto:?subject=Con%20amplio%20cumplimiento%20cerr%C3%B3%20la%20veda%20de%20la%20merluza%20austral%20en%20Los%20R%C3%ADos%2C%20Los%20Lagos%20y%20Ays%C3%A9n&#038;body=https:\/\/radiorevelacionfm.cl\/?p=21405' aria-hidden='false' data-av_icon='\ue805' data-av_iconfont='entypo-fontello' title='' data-avia-related-tooltip='Compartir por correo'><span class='avia_hidden_link_text'>Compartir por correo<\/span><\/a><\/li><\/ul><\/div><\/div>\n<div  style='height:50px' class='hr hr-invisible   avia-builder-el-8  el_after_av_social_share  el_before_av_comments_list '><span class='hr-inner ' ><span class='hr-inner-style'><\/span><\/span><\/div>\n<div  class='av-buildercomment  av-blog-meta-html-info-disabled av-blog-meta-tag-disabled  '><\/div>\n","protected":false},"excerpt":{"rendered":"","protected":false},"author":1,"featured_media":21407,"comment_status":"open","ping_status":"open","sticky":false,"template":"","format":"standard","meta":{"footnotes":""},"categories":[60],"tags":[],"class_list":["post-21405","post","type-post","status-publish","format-standard","has-post-thumbnail","hentry","category-pesca"],"jetpack_featured_media_url":"https:\/\/radiorevelacionfm.cl\/wp-content\/uploads\/2022\/09\/4-67A-1-1.jpg","_links":{"self":[{"href":"https:\/\/radiorevelacionfm.cl\/index.php?rest_route=\/wp\/v2\/posts\/21405","targetHints":{"allow":["GET"]}}],"collection":[{"href":"https:\/\/radiorevelacionfm.cl\/index.php?rest_route=\/wp\/v2\/posts"}],"about":[{"href":"https:\/\/radiorevelacionfm.cl\/index.php?rest_route=\/wp\/v2\/types\/post"}],"author":[{"embeddable":true,"href":"https:\/\/radiorevelacionfm.cl\/index.php?rest_route=\/wp\/v2\/users\/1"}],"replies":[{"embeddable":true,"href":"https:\/\/radiorevelacionfm.cl\/index.php?rest_route=%2Fwp%2Fv2%2Fcomments&post=21405"}],"version-history":[{"count":2,"href":"https:\/\/radiorevelacionfm.cl\/index.php?rest_route=\/wp\/v2\/posts\/21405\/revisions"}],"predecessor-version":[{"id":21409,"href":"https:\/\/radiorevelacionfm.cl\/index.php?rest_route=\/wp\/v2\/posts\/21405\/revisions\/21409"}],"wp:featuredmedia":[{"embeddable":true,"href":"https:\/\/radiorevelacionfm.cl\/index.php?rest_route=\/wp\/v2\/media\/21407"}],"wp:attachment":[{"href":"https:\/\/radiorevelacionfm.cl\/index.php?rest_route=%2Fwp%2Fv2%2Fmedia&parent=21405"}],"wp:term":[{"taxonomy":"category","embeddable":true,"href":"https:\/\/radiorevelacionfm.cl\/index.php?rest_route=%2Fwp%2Fv2%2Fcategories&post=21405"},{"taxonomy":"post_tag","embeddable":true,"href":"https:\/\/radiorevelacionfm.cl\/index.php?rest_route=%2Fwp%2Fv2%2Ftags&post=21405"}],"curies":[{"name":"wp","href":"https:\/\/api.w.org\/{rel}","templated":true}]}}