{"id":21401,"date":"2022-09-03T10:24:41","date_gmt":"2022-09-03T13:24:41","guid":{"rendered":"https:\/\/radiorevelacionfm.cl\/?p=21401"},"modified":"2022-09-03T10:24:41","modified_gmt":"2022-09-03T13:24:41","slug":"hospital-digital-acercando-la-deteccion-de-patologia-oral-y-maxilofacial-en-la-region-de-aysen","status":"publish","type":"post","link":"https:\/\/radiorevelacionfm.cl\/?p=21401","title":{"rendered":"Hospital Digital: Acercando la detecci\u00f3n de Patolog\u00eda Oral y Maxilofacial en la regi\u00f3n de Ays\u00e9n"},"content":{"rendered":"<div class=\"flex_column av_one_full  flex_column_div av-zero-column-padding first  avia-builder-el-0  el_before_av_one_full  avia-builder-el-first  \" style='border-radius:0px; '><div  class='avia-image-container  av-styling-    avia-builder-el-1  avia-builder-el-no-sibling  avia-align-center '  itemprop=\"image\" itemscope=\"itemscope\" itemtype=\"https:\/\/schema.org\/ImageObject\"  ><div class='avia-image-container-inner'><div class='avia-image-overlay-wrap'><img decoding=\"async\" class='wp-image-21403 avia-img-lazy-loading-not-21403 avia_image' src=\"https:\/\/radiorevelacionfm.cl\/wp-content\/uploads\/2022\/09\/HOSPITAL-DIGITAL-1-1-1.jpeg\" alt='' title='HOSPITAL DIGITAL (1) (1) (1)' height=\"600\" width=\"875\"  itemprop=\"thumbnailUrl\" srcset=\"https:\/\/radiorevelacionfm.cl\/wp-content\/uploads\/2022\/09\/HOSPITAL-DIGITAL-1-1-1.jpeg 875w, https:\/\/radiorevelacionfm.cl\/wp-content\/uploads\/2022\/09\/HOSPITAL-DIGITAL-1-1-1-300x206.jpeg 300w, https:\/\/radiorevelacionfm.cl\/wp-content\/uploads\/2022\/09\/HOSPITAL-DIGITAL-1-1-1-768x527.jpeg 768w, https:\/\/radiorevelacionfm.cl\/wp-content\/uploads\/2022\/09\/HOSPITAL-DIGITAL-1-1-1-705x483.jpeg 705w, https:\/\/radiorevelacionfm.cl\/wp-content\/uploads\/2022\/09\/HOSPITAL-DIGITAL-1-1-1-600x411.jpeg 600w\" sizes=\"(max-width: 875px) 100vw, 875px\" \/><\/div><\/div><\/div><\/div><div class=\"flex_column av_one_full  flex_column_div av-zero-column-padding first  avia-builder-el-2  el_after_av_one_full  el_before_av_one_full  column-top-margin\" style='border-radius:0px; '><section class=\"av_textblock_section \"  itemscope=\"itemscope\" itemtype=\"https:\/\/schema.org\/BlogPosting\" itemprop=\"blogPost\" ><div class='avia_textblock  '   itemprop=\"text\" ><p style=\"text-align: center;\"><strong><span style=\"font-size: 18pt;\">Hospital Digital: Acercando la detecci\u00f3n de Patolog\u00eda Oral y Maxilofacial en la regi\u00f3n de Ays\u00e9n<\/span><\/strong><\/p>\n<div id=\"gtx-trans\" style=\"position: absolute; left: -50px; top: 4.31534px;\">\n<div class=\"gtx-trans-icon\"><\/div>\n<\/div>\n<\/div><\/section><\/div><div class=\"flex_column av_one_full  flex_column_div av-zero-column-padding first  avia-builder-el-4  el_after_av_one_full  el_before_av_hr  column-top-margin\" style='border-radius:0px; '><section class=\"av_textblock_section \"  itemscope=\"itemscope\" itemtype=\"https:\/\/schema.org\/BlogPosting\" itemprop=\"blogPost\" ><div class='avia_textblock  '   itemprop=\"text\" ><p style=\"text-align: justify;\">El Servicio de Salud Ays\u00e9n, en un trabajo mancomunado con el Hospital Digital del Ministerio de Salud, desde 2021 implement\u00f3 la c\u00e9lula de Patolog\u00eda Oral Maxilofacial, con la que busca estudiar y diagnosticar preventivamente y de forma temprana, las distintas enfermedades del territorio bucal y maxilofacial por sospecha de c\u00e1ncer oral y otras lesiones ulcerativas con dolor, que tienen prevalencia en consumidores de tabaco y alcohol.<\/p>\n<p style=\"text-align: justify;\">Para eso, la totalidad de los 80 odont\u00f3logos que son parte de atenci\u00f3n primaria de la Red Asistencial Regional, se capacitaron para avanzar en el diagn\u00f3stico y en las pol\u00edticas de prevenci\u00f3n de estas patolog\u00edas, habiendo diagnosticado hasta ahora, v\u00eda esta estrategia, dos casos de C\u00e1ncer Oral.<\/p>\n<p style=\"text-align: justify;\">Hoy, la Red Asistencial regional cuenta con una especialista en Patolog\u00eda Oral Maxilofacial, siendo uno de los 15 servicios de salud del pa\u00eds (de los 29 existentes) y que es capaz de atender remota y presencialmente a usuarios que sean derivados por los odont\u00f3logos de los distintos establecimientos y dispositivos de atenci\u00f3n primaria de nuestra regi\u00f3n.<\/p>\n<p style=\"text-align: justify;\">Para dar contexto de la implementaci\u00f3n que tiene esta estrategia de Hospital Digital para la temprana detecci\u00f3n en este tipo de patolog\u00edas, la Dra. Loreto Bravo, \u00fanica especialista en nuestra Red Asistencial, se\u00f1al\u00f3 que \u201choy, en Ays\u00e9n, con todas sus caracter\u00edsticas que la hacen muy particular, lo que estamos haciendo con y a trav\u00e9s de Hospital Digital es de suma importancia para avanzar en esos territorios m\u00e1s lejanos de nuestra regi\u00f3n y detectar tempranamente estas patolog\u00edas\u201d.<\/p>\n<p style=\"text-align: justify;\">Con esta estrategia \u201cbuscamos enfermedades que son diferentes a caries, gingivitis y otras periodentales que afectan al territorio bucal y maxilofacial. Hemos recibido interconsultas de toda la regi\u00f3n, incluido lugares aislados como Villa O\u2019Higgins y Melinka, pudiendo diagnosticar, en la mayor\u00eda de los casos, lesiones reaccionales, intra\u00f3seas y lesiones que son potencialmente malignas y que la detecci\u00f3n precoz evita que estos pacientes posteriormente puedan sufrir c\u00e1ncer oral\u201d, agreg\u00f3.<\/p>\n<p style=\"text-align: justify;\">Para Jenny Obando, Enfermera de Gesti\u00f3n del Cuidado Hospital Digital y Referente de Salud Digital en la Red Asistencial Regional, a\u00f1adi\u00f3 que \u201clamentablemente, la estamos detectando tard\u00edamente, por eso la importancia de esta estrategia que estamos trabajando en Hospital Digital y con la capacitaci\u00f3n a la totalidad de los odont\u00f3logos de atenci\u00f3n primaria de toda nuestra red. Estamos avanzando con decisi\u00f3n en educar en la prevenci\u00f3n y ojal\u00e1 el pronto diagn\u00f3stico de estas patolog\u00edas\u201d.<\/p>\n<p style=\"text-align: justify;\">M\u00e1s all\u00e1, la profesional destac\u00f3 que este alto de grado de capacitaci\u00f3n \u201ces un gran avance. La telemedicina es sin duda una gran herramienta, que nos ayuda a descongestionar los establecimientos, y sobre todo, lo m\u00e1s importante, podemos diagnosticar sin que los usuarios deban necesariamente trasladarse al Hospital Regional Coyhaique u otro establecimiento, lo que en nuestra regi\u00f3n es important\u00edsimo, dado lo extenso del territorio y las enormes distancias para realizarse controles, que con esta estrategia no es del todo necesario, con lo que garantizamos equidad y acceso a las prestaciones que hoy somos capaces de brindar\u201d.<\/p>\n<p style=\"text-align: justify;\">As\u00ed, con la activaci\u00f3n y el trabajo en la capacitaci\u00f3n de los odont\u00f3logos regionales, se avanza y mejora en la oportunidad, acceso y la derivaci\u00f3n al especialista, adem\u00e1s de mantener una educaci\u00f3n continua entre profesionales odont\u00f3logos para ir en b\u00fasqueda y prevenci\u00f3n de patolog\u00edas orales sospechosas de c\u00e1ncer y de distintas lesiones ulcerativas con dolor.<\/p>\n<\/div><\/section><\/div><div  style='height:50px' class='hr hr-invisible   avia-builder-el-6  el_after_av_one_full  el_before_av_social_share '><span class='hr-inner ' ><span class='hr-inner-style'><\/span><\/span><\/div><\/p>\n<div  class='av-social-sharing-box  avia-builder-el-7  el_after_av_hr  el_before_av_hr  '><div class='av-share-box'><h5 class='av-share-link-description av-no-toc '>Compartir esta noticia<\/h5><ul class='av-share-box-list noLightbox'><li class='av-share-link av-social-link-facebook' ><a target=\"_blank\" aria-label=\"Compartir en Facebook\" href='https:\/\/www.facebook.com\/sharer.php?u=https:\/\/radiorevelacionfm.cl\/?p=21401&#038;t=Hospital%20Digital%3A%20Acercando%20la%20detecci%C3%B3n%20de%20Patolog%C3%ADa%20Oral%20y%20Maxilofacial%20en%20la%20regi%C3%B3n%20de%20Ays%C3%A9n' aria-hidden='false' data-av_icon='\ue8f3' data-av_iconfont='entypo-fontello' title='' data-avia-related-tooltip='Compartir en Facebook' rel=\"noopener\"><span class='avia_hidden_link_text'>Compartir en Facebook<\/span><\/a><\/li><li class='av-share-link av-social-link-twitter' ><a target=\"_blank\" aria-label=\"Compartir en Twitter\" href='https:\/\/twitter.com\/share?text=Hospital%20Digital%3A%20Acercando%20la%20detecci%C3%B3n%20de%20Patolog%C3%ADa%20Oral%20y%20Maxilofacial%20en%20la%20regi%C3%B3n%20de%20Ays%C3%A9n&#038;url=https:\/\/radiorevelacionfm.cl\/?p=21401' aria-hidden='false' data-av_icon='\ue8f1' data-av_iconfont='entypo-fontello' title='' data-avia-related-tooltip='Compartir en Twitter' rel=\"noopener\"><span class='avia_hidden_link_text'>Compartir en Twitter<\/span><\/a><\/li><li class='av-share-link av-social-link-whatsapp' ><a target=\"_blank\" aria-label=\"Compartir en Whatsapp\" href='https:\/\/api.whatsapp.com\/send?text=https:\/\/radiorevelacionfm.cl\/?p=21401' aria-hidden='false' data-av_icon='\uf232' data-av_iconfont='entypo-fontello' title='' data-avia-related-tooltip='Compartir en Whatsapp' rel=\"noopener\"><span class='avia_hidden_link_text'>Compartir en Whatsapp<\/span><\/a><\/li><li class='av-share-link av-social-link-linkedin' ><a target=\"_blank\" aria-label=\"Compartir en LinkedIn\" href='https:\/\/linkedin.com\/shareArticle?mini=true&#038;title=Hospital%20Digital%3A%20Acercando%20la%20detecci%C3%B3n%20de%20Patolog%C3%ADa%20Oral%20y%20Maxilofacial%20en%20la%20regi%C3%B3n%20de%20Ays%C3%A9n&#038;url=https:\/\/radiorevelacionfm.cl\/?p=21401' aria-hidden='false' data-av_icon='\ue8fc' data-av_iconfont='entypo-fontello' title='' data-avia-related-tooltip='Compartir en LinkedIn' rel=\"noopener\"><span class='avia_hidden_link_text'>Compartir en LinkedIn<\/span><\/a><\/li><li class='av-share-link av-social-link-mail' ><a  aria-label=\"Compartir por correo\" href='mailto:?subject=Hospital%20Digital%3A%20Acercando%20la%20detecci%C3%B3n%20de%20Patolog%C3%ADa%20Oral%20y%20Maxilofacial%20en%20la%20regi%C3%B3n%20de%20Ays%C3%A9n&#038;body=https:\/\/radiorevelacionfm.cl\/?p=21401' aria-hidden='false' data-av_icon='\ue805' data-av_iconfont='entypo-fontello' title='' data-avia-related-tooltip='Compartir por correo'><span class='avia_hidden_link_text'>Compartir por correo<\/span><\/a><\/li><\/ul><\/div><\/div>\n<div  style='height:50px' class='hr hr-invisible   avia-builder-el-8  el_after_av_social_share  el_before_av_comments_list '><span class='hr-inner ' ><span class='hr-inner-style'><\/span><\/span><\/div>\n<div  class='av-buildercomment  av-blog-meta-html-info-disabled av-blog-meta-tag-disabled  '><\/div>\n","protected":false},"excerpt":{"rendered":"","protected":false},"author":1,"featured_media":21403,"comment_status":"open","ping_status":"open","sticky":false,"template":"","format":"standard","meta":{"footnotes":""},"categories":[46],"tags":[],"class_list":["post-21401","post","type-post","status-publish","format-standard","has-post-thumbnail","hentry","category-salud"],"jetpack_featured_media_url":"https:\/\/radiorevelacionfm.cl\/wp-content\/uploads\/2022\/09\/HOSPITAL-DIGITAL-1-1-1.jpeg","_links":{"self":[{"href":"https:\/\/radiorevelacionfm.cl\/index.php?rest_route=\/wp\/v2\/posts\/21401","targetHints":{"allow":["GET"]}}],"collection":[{"href":"https:\/\/radiorevelacionfm.cl\/index.php?rest_route=\/wp\/v2\/posts"}],"about":[{"href":"https:\/\/radiorevelacionfm.cl\/index.php?rest_route=\/wp\/v2\/types\/post"}],"author":[{"embeddable":true,"href":"https:\/\/radiorevelacionfm.cl\/index.php?rest_route=\/wp\/v2\/users\/1"}],"replies":[{"embeddable":true,"href":"https:\/\/radiorevelacionfm.cl\/index.php?rest_route=%2Fwp%2Fv2%2Fcomments&post=21401"}],"version-history":[{"count":2,"href":"https:\/\/radiorevelacionfm.cl\/index.php?rest_route=\/wp\/v2\/posts\/21401\/revisions"}],"predecessor-version":[{"id":21434,"href":"https:\/\/radiorevelacionfm.cl\/index.php?rest_route=\/wp\/v2\/posts\/21401\/revisions\/21434"}],"wp:featuredmedia":[{"embeddable":true,"href":"https:\/\/radiorevelacionfm.cl\/index.php?rest_route=\/wp\/v2\/media\/21403"}],"wp:attachment":[{"href":"https:\/\/radiorevelacionfm.cl\/index.php?rest_route=%2Fwp%2Fv2%2Fmedia&parent=21401"}],"wp:term":[{"taxonomy":"category","embeddable":true,"href":"https:\/\/radiorevelacionfm.cl\/index.php?rest_route=%2Fwp%2Fv2%2Fcategories&post=21401"},{"taxonomy":"post_tag","embeddable":true,"href":"https:\/\/radiorevelacionfm.cl\/index.php?rest_route=%2Fwp%2Fv2%2Ftags&post=21401"}],"curies":[{"name":"wp","href":"https:\/\/api.w.org\/{rel}","templated":true}]}}