{"id":21398,"date":"2022-09-02T19:37:29","date_gmt":"2022-09-02T22:37:29","guid":{"rendered":"https:\/\/radiorevelacionfm.cl\/?p=21398"},"modified":"2022-09-02T19:37:29","modified_gmt":"2022-09-02T22:37:29","slug":"informan-alcances-del-voto-asistido-y-como-ejercer-este-derecho","status":"publish","type":"post","link":"https:\/\/radiorevelacionfm.cl\/?p=21398","title":{"rendered":"Informan alcances del Voto Asistido y c\u00f3mo ejercer este derecho"},"content":{"rendered":"<div class=\"flex_column av_one_full  flex_column_div av-zero-column-padding first  avia-builder-el-0  el_before_av_one_full  avia-builder-el-first  \" style='border-radius:0px; '><div  class='avia-image-container  av-styling-    avia-builder-el-1  avia-builder-el-no-sibling  avia-align-center '  itemprop=\"image\" itemscope=\"itemscope\" itemtype=\"https:\/\/schema.org\/ImageObject\"  ><div class='avia-image-container-inner'><div class='avia-image-overlay-wrap'><img decoding=\"async\" class='wp-image-21399 avia-img-lazy-loading-not-21399 avia_image' src=\"https:\/\/radiorevelacionfm.cl\/wp-content\/uploads\/2022\/09\/seremi-2-2-1-1.jpg\" alt='' title='seremi 2-2 (1) (1)' height=\"600\" width=\"973\"  itemprop=\"thumbnailUrl\" srcset=\"https:\/\/radiorevelacionfm.cl\/wp-content\/uploads\/2022\/09\/seremi-2-2-1-1.jpg 973w, https:\/\/radiorevelacionfm.cl\/wp-content\/uploads\/2022\/09\/seremi-2-2-1-1-300x185.jpg 300w, https:\/\/radiorevelacionfm.cl\/wp-content\/uploads\/2022\/09\/seremi-2-2-1-1-768x474.jpg 768w, https:\/\/radiorevelacionfm.cl\/wp-content\/uploads\/2022\/09\/seremi-2-2-1-1-705x435.jpg 705w, https:\/\/radiorevelacionfm.cl\/wp-content\/uploads\/2022\/09\/seremi-2-2-1-1-600x370.jpg 600w\" sizes=\"(max-width: 973px) 100vw, 973px\" \/><\/div><\/div><\/div><\/div><div class=\"flex_column av_one_full  flex_column_div av-zero-column-padding first  avia-builder-el-2  el_after_av_one_full  el_before_av_one_full  column-top-margin\" style='border-radius:0px; '><section class=\"av_textblock_section \"  itemscope=\"itemscope\" itemtype=\"https:\/\/schema.org\/BlogPosting\" itemprop=\"blogPost\" ><div class='avia_textblock  '   itemprop=\"text\" ><p style=\"text-align: center;\"><strong><span style=\"font-size: 18pt;\">Informan alcances del Voto Asistido y c\u00f3mo ejercer este derecho<\/span><\/strong><\/p>\n<div id=\"gtx-trans\" style=\"position: absolute; left: -50px; top: 4.31534px;\">\n<div class=\"gtx-trans-icon\"><\/div>\n<\/div>\n<\/div><\/section><\/div><div class=\"flex_column av_one_full  flex_column_div av-zero-column-padding first  avia-builder-el-4  el_after_av_one_full  el_before_av_hr  column-top-margin\" style='border-radius:0px; '><section class=\"av_textblock_section \"  itemscope=\"itemscope\" itemtype=\"https:\/\/schema.org\/BlogPosting\" itemprop=\"blogPost\" ><div class='avia_textblock  '   itemprop=\"text\" ><p style=\"text-align: justify;\">Con el prop\u00f3sito de informar a las personas con discapacidad y sus familias los alcances del voto asistido y de c\u00f3mo ejercer este derecho, la Seremi de Desarrollo Social y Familia, Karina Acevedo y la Directora Regional (S) de Senadis, Viviana Mu\u00f1oz, dieron a conocer las distintas medidas que existen para que todas las personas mayores de 18 a\u00f1os puedan votar, en la elecci\u00f3n obligatoria del 4 de septiembre.<\/p>\n<p style=\"text-align: justify;\">Seg\u00fan explic\u00f3 Karina Acevedo, en este plebiscito constitucional, se han tomado las medidas necesarias para que todas las personas con discapacidad, y que est\u00e9n habilitadas para votar, puedan cumplir con su derecho. En el caso que se requiera ser asistido por una persona mayor de edad y de confianza se debe informar al Presidente de la mesa, que utilizar\u00e1 el Voto Asistido y que ser\u00e1 acompa\u00f1ado hasta el interior de la c\u00e1mara secreta.<\/p>\n<p style=\"text-align: justify;\">Tambi\u00e9n existe la opci\u00f3n, de que la persona pueda ser asistida por el Presidente de la mesa, quien quedar\u00e1 fuera de la c\u00e1mara para doblar y cerrar el voto, resguardando el secreto del sufragio. Otra alternativa a la que tambi\u00e9n pueden acceder las personas con discapacidad, es ejercer el voto fuera de la c\u00e1mara, y la mesa debe adoptar las medidas para asegurar que el voto sea secreto.<\/p>\n<p style=\"text-align: justify;\">En caso de que existan obst\u00e1culos en el desplazamiento, como escaleras, las personas con discapacidad, pueden solicitar ayuda, tanto del personal del Servicio Electoral, como de la Defensa Civil. \u00a0Las personas sordas y con discapacidad auditiva, pueden expresar a trav\u00e9s de lengua de se\u00f1as chilena o por escrito, el hacer uso del voto asistido.<\/p>\n<p style=\"text-align: justify;\">Las personas con discapacidad visual, pueden solicitar al presidente de la mesa votar haciendo uso de la plantilla con ranuras o la plantilla con ranuras y letras en Braille. En caso de aquellos que asistan con un perro de asistencia, pueden ingresar a sus respectivos locales de votaci\u00f3n.<\/p>\n<p style=\"text-align: justify;\">En Chile, seg\u00fan el segundo Estudio Nacional de Discapacidad, Endisc del a\u00f1o 2015, existen 2.606.914 personas con discapacidad, es decir el 20% de las personas de 18 a\u00f1os y m\u00e1s. En la regi\u00f3n de Ays\u00e9n, de acuerdo a la informaci\u00f3n entregada por el Registro Civil, a junio del 2022, 6.977 personas se encuentran acreditadas y cuentan con su credencial de discapacidad.<\/p>\n<p style=\"text-align: justify;\">En tanto, la Seremi de Desarrollo Social y Familia, realiz\u00f3 un llamado a las personas con discapacidad a votar este domingo 4 de septiembre, recordando que el voto es obligatorio y adem\u00e1s informando que este es un derecho. \u201cEstamos en un proceso de elecciones de un gran momento para Chile, as\u00ed lo ha manifestado el Presidente, as\u00ed lo ha manifestado la ciudadan\u00eda. En esta misma l\u00f3gica, invitamos a todos los ciudadanos y ciudadanas que puedan participar de este proceso, que cuentan con las garant\u00edas que el Estado establece, para que puedan asistir personas con discapacidad. El voto asistido est\u00e1 normado por Ley, es un deber que debemos entregar a las personas que requieren este voto asistido y les damos las garant\u00edas a todas las personas con discapacidad que puedan acercarse a los lugares de votaci\u00f3n e indicar que requiere el voto asistido, o si requiere subir la escalera, o si necesita, alg\u00fan tipo de plantilla, o asesor\u00eda para poder concretar su voto como ciudadano y ciudadana\u201d, enfatiz\u00f3 Acevedo.<\/p>\n<p style=\"text-align: justify;\">Finalmente, la Directora Regional (S) de Senadis, Viviana Mu\u00f1oz, indic\u00f3 que \u201clas personas con discapacidad, tienen derecho a la participaci\u00f3n pol\u00edtica en igualdad de condiciones que las dem\u00e1s, lo que incluye el ejercicio del derecho a sufragio, y en este sentido el voto asistido es una medida importante, en materia de accesibilidad electoral, puesto que resguarda precisamente la igualdad de derecho y genera condiciones para que las personas con discapacidad, puedan participar y decidir en conjunto con todos los chilenos y chilenas, el futuro del pa\u00eds\u201d.<\/p>\n<p style=\"text-align: justify;\"><strong>\u00a0<\/strong><\/p>\n<p style=\"text-align: justify;\"><strong>\u00a0<\/strong><\/p>\n<\/div><\/section><\/div><div  style='height:50px' class='hr hr-invisible   avia-builder-el-6  el_after_av_one_full  el_before_av_social_share '><span class='hr-inner ' ><span class='hr-inner-style'><\/span><\/span><\/div><\/p>\n<div  class='av-social-sharing-box  avia-builder-el-7  el_after_av_hr  el_before_av_hr  '><div class='av-share-box'><h5 class='av-share-link-description av-no-toc '>Compartir esta noticia<\/h5><ul class='av-share-box-list noLightbox'><li class='av-share-link av-social-link-facebook' ><a target=\"_blank\" aria-label=\"Compartir en Facebook\" href='https:\/\/www.facebook.com\/sharer.php?u=https:\/\/radiorevelacionfm.cl\/?p=21398&#038;t=Informan%20alcances%20del%20Voto%20Asistido%20y%20c%C3%B3mo%20ejercer%20este%20derecho' aria-hidden='false' data-av_icon='\ue8f3' data-av_iconfont='entypo-fontello' title='' data-avia-related-tooltip='Compartir en Facebook' rel=\"noopener\"><span class='avia_hidden_link_text'>Compartir en Facebook<\/span><\/a><\/li><li class='av-share-link av-social-link-twitter' ><a target=\"_blank\" aria-label=\"Compartir en Twitter\" href='https:\/\/twitter.com\/share?text=Informan%20alcances%20del%20Voto%20Asistido%20y%20c%C3%B3mo%20ejercer%20este%20derecho&#038;url=https:\/\/radiorevelacionfm.cl\/?p=21398' aria-hidden='false' data-av_icon='\ue8f1' data-av_iconfont='entypo-fontello' title='' data-avia-related-tooltip='Compartir en Twitter' rel=\"noopener\"><span class='avia_hidden_link_text'>Compartir en Twitter<\/span><\/a><\/li><li class='av-share-link av-social-link-whatsapp' ><a target=\"_blank\" aria-label=\"Compartir en Whatsapp\" href='https:\/\/api.whatsapp.com\/send?text=https:\/\/radiorevelacionfm.cl\/?p=21398' aria-hidden='false' data-av_icon='\uf232' data-av_iconfont='entypo-fontello' title='' data-avia-related-tooltip='Compartir en Whatsapp' rel=\"noopener\"><span class='avia_hidden_link_text'>Compartir en Whatsapp<\/span><\/a><\/li><li class='av-share-link av-social-link-linkedin' ><a target=\"_blank\" aria-label=\"Compartir en LinkedIn\" href='https:\/\/linkedin.com\/shareArticle?mini=true&#038;title=Informan%20alcances%20del%20Voto%20Asistido%20y%20c%C3%B3mo%20ejercer%20este%20derecho&#038;url=https:\/\/radiorevelacionfm.cl\/?p=21398' aria-hidden='false' data-av_icon='\ue8fc' data-av_iconfont='entypo-fontello' title='' data-avia-related-tooltip='Compartir en LinkedIn' rel=\"noopener\"><span class='avia_hidden_link_text'>Compartir en LinkedIn<\/span><\/a><\/li><li class='av-share-link av-social-link-mail' ><a  aria-label=\"Compartir por correo\" href='mailto:?subject=Informan%20alcances%20del%20Voto%20Asistido%20y%20c%C3%B3mo%20ejercer%20este%20derecho&#038;body=https:\/\/radiorevelacionfm.cl\/?p=21398' aria-hidden='false' data-av_icon='\ue805' data-av_iconfont='entypo-fontello' title='' data-avia-related-tooltip='Compartir por correo'><span class='avia_hidden_link_text'>Compartir por correo<\/span><\/a><\/li><\/ul><\/div><\/div>\n<div  style='height:50px' class='hr hr-invisible   avia-builder-el-8  el_after_av_social_share  el_before_av_comments_list '><span class='hr-inner ' ><span class='hr-inner-style'><\/span><\/span><\/div>\n<div  class='av-buildercomment  av-blog-meta-html-info-disabled av-blog-meta-tag-disabled  '><\/div>\n","protected":false},"excerpt":{"rendered":"","protected":false},"author":1,"featured_media":21399,"comment_status":"open","ping_status":"open","sticky":false,"template":"","format":"standard","meta":{"footnotes":""},"categories":[38],"tags":[],"class_list":["post-21398","post","type-post","status-publish","format-standard","has-post-thumbnail","hentry","category-regional"],"jetpack_featured_media_url":"https:\/\/radiorevelacionfm.cl\/wp-content\/uploads\/2022\/09\/seremi-2-2-1-1.jpg","_links":{"self":[{"href":"https:\/\/radiorevelacionfm.cl\/index.php?rest_route=\/wp\/v2\/posts\/21398","targetHints":{"allow":["GET"]}}],"collection":[{"href":"https:\/\/radiorevelacionfm.cl\/index.php?rest_route=\/wp\/v2\/posts"}],"about":[{"href":"https:\/\/radiorevelacionfm.cl\/index.php?rest_route=\/wp\/v2\/types\/post"}],"author":[{"embeddable":true,"href":"https:\/\/radiorevelacionfm.cl\/index.php?rest_route=\/wp\/v2\/users\/1"}],"replies":[{"embeddable":true,"href":"https:\/\/radiorevelacionfm.cl\/index.php?rest_route=%2Fwp%2Fv2%2Fcomments&post=21398"}],"version-history":[{"count":2,"href":"https:\/\/radiorevelacionfm.cl\/index.php?rest_route=\/wp\/v2\/posts\/21398\/revisions"}],"predecessor-version":[{"id":21433,"href":"https:\/\/radiorevelacionfm.cl\/index.php?rest_route=\/wp\/v2\/posts\/21398\/revisions\/21433"}],"wp:featuredmedia":[{"embeddable":true,"href":"https:\/\/radiorevelacionfm.cl\/index.php?rest_route=\/wp\/v2\/media\/21399"}],"wp:attachment":[{"href":"https:\/\/radiorevelacionfm.cl\/index.php?rest_route=%2Fwp%2Fv2%2Fmedia&parent=21398"}],"wp:term":[{"taxonomy":"category","embeddable":true,"href":"https:\/\/radiorevelacionfm.cl\/index.php?rest_route=%2Fwp%2Fv2%2Fcategories&post=21398"},{"taxonomy":"post_tag","embeddable":true,"href":"https:\/\/radiorevelacionfm.cl\/index.php?rest_route=%2Fwp%2Fv2%2Ftags&post=21398"}],"curies":[{"name":"wp","href":"https:\/\/api.w.org\/{rel}","templated":true}]}}