{"id":21394,"date":"2022-09-02T16:47:11","date_gmt":"2022-09-02T19:47:11","guid":{"rendered":"https:\/\/radiorevelacionfm.cl\/?p=21394"},"modified":"2022-09-02T16:47:11","modified_gmt":"2022-09-02T19:47:11","slug":"justicia-condena-a-5-anos-y-un-dia-de-presidio-a-autor-de-dos-delitos-de-cultivo-de-marihuana","status":"publish","type":"post","link":"https:\/\/radiorevelacionfm.cl\/?p=21394","title":{"rendered":"Justicia condena a 5 a\u00f1os y un d\u00eda de presidio a autor de dos delitos de cultivo de marihuana"},"content":{"rendered":"<div class=\"flex_column av_one_full  flex_column_div av-zero-column-padding first  avia-builder-el-0  el_before_av_one_full  avia-builder-el-first  \" style='border-radius:0px; '><div  class='avia-image-container  av-styling-    avia-builder-el-1  avia-builder-el-no-sibling  avia-align-center '  itemprop=\"image\" itemscope=\"itemscope\" itemtype=\"https:\/\/schema.org\/ImageObject\"  ><div class='avia-image-container-inner'><div class='avia-image-overlay-wrap'><img decoding=\"async\" class='wp-image-17350 avia-img-lazy-loading-not-17350 avia_image' src=\"https:\/\/radiorevelacionfm.cl\/wp-content\/uploads\/2022\/05\/foto-top-1_optimized.jpg\" alt='' title='foto-top--(1)_optimized' height=\"600\" width=\"1790\"  itemprop=\"thumbnailUrl\" srcset=\"https:\/\/radiorevelacionfm.cl\/wp-content\/uploads\/2022\/05\/foto-top-1_optimized.jpg 1790w, https:\/\/radiorevelacionfm.cl\/wp-content\/uploads\/2022\/05\/foto-top-1_optimized-300x101.jpg 300w, https:\/\/radiorevelacionfm.cl\/wp-content\/uploads\/2022\/05\/foto-top-1_optimized-1030x345.jpg 1030w, https:\/\/radiorevelacionfm.cl\/wp-content\/uploads\/2022\/05\/foto-top-1_optimized-768x257.jpg 768w, https:\/\/radiorevelacionfm.cl\/wp-content\/uploads\/2022\/05\/foto-top-1_optimized-1536x515.jpg 1536w, https:\/\/radiorevelacionfm.cl\/wp-content\/uploads\/2022\/05\/foto-top-1_optimized-1500x503.jpg 1500w, https:\/\/radiorevelacionfm.cl\/wp-content\/uploads\/2022\/05\/foto-top-1_optimized-705x236.jpg 705w, https:\/\/radiorevelacionfm.cl\/wp-content\/uploads\/2022\/05\/foto-top-1_optimized-600x201.jpg 600w\" sizes=\"(max-width: 1790px) 100vw, 1790px\" \/><\/div><\/div><\/div><\/div><div class=\"flex_column av_one_full  flex_column_div av-zero-column-padding first  avia-builder-el-2  el_after_av_one_full  el_before_av_one_full  column-top-margin\" style='border-radius:0px; '><section class=\"av_textblock_section \"  itemscope=\"itemscope\" itemtype=\"https:\/\/schema.org\/BlogPosting\" itemprop=\"blogPost\" ><div class='avia_textblock  '   itemprop=\"text\" ><p style=\"text-align: center;\"><span style=\"font-size: 18pt;\"><strong>Justicia condena a 5 a\u00f1os y un d\u00eda de presidio a autor de dos delitos de cultivo de marihuana<\/strong><\/span><\/p>\n<div id=\"gtx-trans\" style=\"position: absolute; left: -50px; top: 4.31534px;\">\n<div class=\"gtx-trans-icon\"><\/div>\n<\/div>\n<\/div><\/section><\/div><div class=\"flex_column av_one_full  flex_column_div av-zero-column-padding first  avia-builder-el-4  el_after_av_one_full  el_before_av_hr  column-top-margin\" style='border-radius:0px; '><section class=\"av_textblock_section \"  itemscope=\"itemscope\" itemtype=\"https:\/\/schema.org\/BlogPosting\" itemprop=\"blogPost\" ><div class='avia_textblock  '   itemprop=\"text\" ><p class=\"v1MsoNormal\" style=\"text-align: justify;\">El Tribunal de Juicio Oral en lo Penal de Coyhaique conden\u00f3 a Demetrio Fernando Jim\u00e9nez L\u00f3pez a la pena \u00fanica de 5 a\u00f1os y un d\u00eda de presidio efectivo, en calidad de autor de dos delitos consumados de cultivo de marihuana. Il\u00edcitos perpetrados en octubre de 2020 y abril del a\u00f1o pasado, en la ciudad.<\/p>\n<p class=\"v1MsoNormal\" style=\"text-align: justify;\">En fallo un\u00e1nime (causa rol 40-2022), el tribunal \u2013integrado por los magistrados M\u00f3nica Coloma Pulgar (presidenta), Pablo Freire Gavil\u00e1n y Patricio Z\u00fa\u00f1iga Valenzuela (redactor)\u2013 aplic\u00f3, adem\u00e1s, a Jim\u00e9nez L\u00f3pez las accesorias legales de inhabilitaci\u00f3n absoluta perpetua para cargos y oficios p\u00fablicos y derechos pol\u00edticos y la inhabilitaci\u00f3n absoluta para profesiones titulares mientras dure la condena; m\u00e1s el pago de una multa a beneficio fiscal de 24 UTM.<\/p>\n<p class=\"v1MsoNormal\" style=\"text-align: justify;\">Adem\u00e1s, el tribunal decret\u00f3 el comiso de la droga y especies incautadas.<\/p>\n<p class=\"v1MsoNormal\" style=\"text-align: justify;\">El tribunal dio por establecido, m\u00e1s all\u00e1 de toda duda razonable, que a trav\u00e9s de una denuncia an\u00f3nima, aproximadamente las 10 horas del 31 de octubre de 2020, efectivos de la Brigada Antinarc\u00f3ticos de Coyhaique de la PDI, previa orden judicial, ingresaron al domicilio de Jim\u00e9nez L\u00f3pez. Lugar donde manten\u00eda, sin contar con la autorizaci\u00f3n correspondiente, plantas del g\u00e9nero cannabis sativa, junto a elementos para su cultivo varios contenedores con la sustancia lista para el consumo.<\/p>\n<p class=\"v1MsoNormal\" style=\"text-align: justify;\">Asimismo, la indagatoria logr\u00f3 establecer que Jim\u00e9nez L\u00f3pez, actuando concertadamente con Wladimir Gonzalo Reyes Barr\u00eda y Valeria Francisca Leiva Herrera (procesados en la causa), les suministr\u00f3 plantas del g\u00e9nero cannabis para las cultivaran y cosecharan en inmuebles ubicados en la localidad de Puerto S\u00e1nchez y en la isla Los Arrayanes, bajo la condici\u00f3n que le entregaran parte de la cosecha.<\/p>\n<p class=\"v1MsoNormal\" style=\"text-align: justify;\">En este contexto, alrededor de las 09:00 horas del 23 de abril de 2021, personal de la Brigada Antinarc\u00f3ticos de Coyhaique, previa autorizaci\u00f3n judicial, hizo ingres\u00f3 de manera simult\u00e1nea a diversos domicilios, entre ellos a una parcela de Puerto S\u00e1nchez, lugar donde Leiva Herrera manten\u00eda un cultivo de marihuana, sin las correspondientes autorizaciones.<\/p>\n<p class=\"v1MsoNormal\" style=\"text-align: justify;\">Asimismo, ingresaron los agentes policiales, autorizados judicialmente, al inmueble de la isla Los Arrayanes lugar donde, Reyes Barr\u00eda manten\u00eda seis plantas del g\u00e9nero cannabis, con alturas entre los 150 y 230 cent\u00edmetros, las cuales le fueron proporcionadas en agosto de 2020 por Jim\u00e9nez L\u00f3pez.<\/p>\n<p class=\"v1MsoNormal\" style=\"text-align: justify;\">Finalmente, en el ingreso al domicilio ubicado en calle Los Liles N\u00b0 1017 de la comuna de Coyhaique, que corresponde a la morada de Jim\u00e9nez L\u00f3pez, la polic\u00eda encontr\u00f3 dos plantas de marihuana con alturas de entre 100 y 180 cent\u00edmetros, en el patio de la propiedad; asimismo, en cocina, se hall\u00f3 marihuana en proceso de secado.<\/p>\n<div style=\"text-align: justify;\"><\/div>\n<\/div><\/section><\/div><div  style='height:50px' class='hr hr-invisible   avia-builder-el-6  el_after_av_one_full  el_before_av_social_share '><span class='hr-inner ' ><span class='hr-inner-style'><\/span><\/span><\/div><\/p>\n<div  class='av-social-sharing-box  avia-builder-el-7  el_after_av_hr  el_before_av_hr  '><div class='av-share-box'><h5 class='av-share-link-description av-no-toc '>Compartir esta noticia<\/h5><ul class='av-share-box-list noLightbox'><li class='av-share-link av-social-link-facebook' ><a target=\"_blank\" aria-label=\"Compartir en Facebook\" href='https:\/\/www.facebook.com\/sharer.php?u=https:\/\/radiorevelacionfm.cl\/?p=21394&#038;t=Justicia%20condena%20a%205%20a%C3%B1os%20y%20un%20d%C3%ADa%20de%20presidio%20a%20autor%20de%20dos%20delitos%20de%20cultivo%20de%20marihuana' aria-hidden='false' data-av_icon='\ue8f3' data-av_iconfont='entypo-fontello' title='' data-avia-related-tooltip='Compartir en Facebook' rel=\"noopener\"><span class='avia_hidden_link_text'>Compartir en Facebook<\/span><\/a><\/li><li class='av-share-link av-social-link-twitter' ><a target=\"_blank\" aria-label=\"Compartir en Twitter\" href='https:\/\/twitter.com\/share?text=Justicia%20condena%20a%205%20a%C3%B1os%20y%20un%20d%C3%ADa%20de%20presidio%20a%20autor%20de%20dos%20delitos%20de%20cultivo%20de%20marihuana&#038;url=https:\/\/radiorevelacionfm.cl\/?p=21394' aria-hidden='false' data-av_icon='\ue8f1' data-av_iconfont='entypo-fontello' title='' data-avia-related-tooltip='Compartir en Twitter' rel=\"noopener\"><span class='avia_hidden_link_text'>Compartir en Twitter<\/span><\/a><\/li><li class='av-share-link av-social-link-whatsapp' ><a target=\"_blank\" aria-label=\"Compartir en Whatsapp\" href='https:\/\/api.whatsapp.com\/send?text=https:\/\/radiorevelacionfm.cl\/?p=21394' aria-hidden='false' data-av_icon='\uf232' data-av_iconfont='entypo-fontello' title='' data-avia-related-tooltip='Compartir en Whatsapp' rel=\"noopener\"><span class='avia_hidden_link_text'>Compartir en Whatsapp<\/span><\/a><\/li><li class='av-share-link av-social-link-linkedin' ><a target=\"_blank\" aria-label=\"Compartir en LinkedIn\" href='https:\/\/linkedin.com\/shareArticle?mini=true&#038;title=Justicia%20condena%20a%205%20a%C3%B1os%20y%20un%20d%C3%ADa%20de%20presidio%20a%20autor%20de%20dos%20delitos%20de%20cultivo%20de%20marihuana&#038;url=https:\/\/radiorevelacionfm.cl\/?p=21394' aria-hidden='false' data-av_icon='\ue8fc' data-av_iconfont='entypo-fontello' title='' data-avia-related-tooltip='Compartir en LinkedIn' rel=\"noopener\"><span class='avia_hidden_link_text'>Compartir en LinkedIn<\/span><\/a><\/li><li class='av-share-link av-social-link-mail' ><a  aria-label=\"Compartir por correo\" href='mailto:?subject=Justicia%20condena%20a%205%20a%C3%B1os%20y%20un%20d%C3%ADa%20de%20presidio%20a%20autor%20de%20dos%20delitos%20de%20cultivo%20de%20marihuana&#038;body=https:\/\/radiorevelacionfm.cl\/?p=21394' aria-hidden='false' data-av_icon='\ue805' data-av_iconfont='entypo-fontello' title='' data-avia-related-tooltip='Compartir por correo'><span class='avia_hidden_link_text'>Compartir por correo<\/span><\/a><\/li><\/ul><\/div><\/div>\n<div  style='height:50px' class='hr hr-invisible   avia-builder-el-8  el_after_av_social_share  el_before_av_comments_list '><span class='hr-inner ' ><span class='hr-inner-style'><\/span><\/span><\/div>\n<div  class='av-buildercomment  av-blog-meta-html-info-disabled av-blog-meta-tag-disabled  '><\/div>\n","protected":false},"excerpt":{"rendered":"","protected":false},"author":1,"featured_media":17350,"comment_status":"open","ping_status":"open","sticky":false,"template":"","format":"standard","meta":{"footnotes":""},"categories":[55],"tags":[],"class_list":["post-21394","post","type-post","status-publish","format-standard","has-post-thumbnail","hentry","category-justicia"],"jetpack_featured_media_url":"https:\/\/radiorevelacionfm.cl\/wp-content\/uploads\/2022\/05\/foto-top-1_optimized.jpg","_links":{"self":[{"href":"https:\/\/radiorevelacionfm.cl\/index.php?rest_route=\/wp\/v2\/posts\/21394","targetHints":{"allow":["GET"]}}],"collection":[{"href":"https:\/\/radiorevelacionfm.cl\/index.php?rest_route=\/wp\/v2\/posts"}],"about":[{"href":"https:\/\/radiorevelacionfm.cl\/index.php?rest_route=\/wp\/v2\/types\/post"}],"author":[{"embeddable":true,"href":"https:\/\/radiorevelacionfm.cl\/index.php?rest_route=\/wp\/v2\/users\/1"}],"replies":[{"embeddable":true,"href":"https:\/\/radiorevelacionfm.cl\/index.php?rest_route=%2Fwp%2Fv2%2Fcomments&post=21394"}],"version-history":[{"count":2,"href":"https:\/\/radiorevelacionfm.cl\/index.php?rest_route=\/wp\/v2\/posts\/21394\/revisions"}],"predecessor-version":[{"id":21397,"href":"https:\/\/radiorevelacionfm.cl\/index.php?rest_route=\/wp\/v2\/posts\/21394\/revisions\/21397"}],"wp:featuredmedia":[{"embeddable":true,"href":"https:\/\/radiorevelacionfm.cl\/index.php?rest_route=\/wp\/v2\/media\/17350"}],"wp:attachment":[{"href":"https:\/\/radiorevelacionfm.cl\/index.php?rest_route=%2Fwp%2Fv2%2Fmedia&parent=21394"}],"wp:term":[{"taxonomy":"category","embeddable":true,"href":"https:\/\/radiorevelacionfm.cl\/index.php?rest_route=%2Fwp%2Fv2%2Fcategories&post=21394"},{"taxonomy":"post_tag","embeddable":true,"href":"https:\/\/radiorevelacionfm.cl\/index.php?rest_route=%2Fwp%2Fv2%2Ftags&post=21394"}],"curies":[{"name":"wp","href":"https:\/\/api.w.org\/{rel}","templated":true}]}}