{"id":21374,"date":"2022-09-02T10:04:47","date_gmt":"2022-09-02T13:04:47","guid":{"rendered":"https:\/\/radiorevelacionfm.cl\/?p=21374"},"modified":"2022-09-02T10:04:47","modified_gmt":"2022-09-02T13:04:47","slug":"comision-de-infraestructura-transporte-y-telecomunicaciones-del-core-realiza-visita-en-terreno-a-puyuhuapi-y-la-junta","status":"publish","type":"post","link":"https:\/\/radiorevelacionfm.cl\/?p=21374","title":{"rendered":"Comisi\u00f3n de Infraestructura, Transporte y Telecomunicaciones del CORE realiza visita en terreno a Puyuhuapi y La Junta"},"content":{"rendered":"<div class=\"flex_column av_one_full  flex_column_div av-zero-column-padding first  avia-builder-el-0  el_before_av_one_full  avia-builder-el-first  \" style='border-radius:0px; '><div  class='avia-image-container  av-styling-    avia-builder-el-1  avia-builder-el-no-sibling  avia-align-center '  itemprop=\"image\" itemscope=\"itemscope\" itemtype=\"https:\/\/schema.org\/ImageObject\"  ><div class='avia-image-container-inner'><div class='avia-image-overlay-wrap'><img decoding=\"async\" class='wp-image-21375 avia-img-lazy-loading-not-21375 avia_image' src=\"https:\/\/radiorevelacionfm.cl\/wp-content\/uploads\/2022\/09\/1-41-1_optimized-1.jpeg\" alt='' title='1-(41)-(1)_optimized (1)' height=\"600\" width=\"1070\"  itemprop=\"thumbnailUrl\" srcset=\"https:\/\/radiorevelacionfm.cl\/wp-content\/uploads\/2022\/09\/1-41-1_optimized-1.jpeg 1070w, https:\/\/radiorevelacionfm.cl\/wp-content\/uploads\/2022\/09\/1-41-1_optimized-1-300x168.jpeg 300w, https:\/\/radiorevelacionfm.cl\/wp-content\/uploads\/2022\/09\/1-41-1_optimized-1-1030x578.jpeg 1030w, https:\/\/radiorevelacionfm.cl\/wp-content\/uploads\/2022\/09\/1-41-1_optimized-1-768x431.jpeg 768w, https:\/\/radiorevelacionfm.cl\/wp-content\/uploads\/2022\/09\/1-41-1_optimized-1-705x395.jpeg 705w, https:\/\/radiorevelacionfm.cl\/wp-content\/uploads\/2022\/09\/1-41-1_optimized-1-600x336.jpeg 600w\" sizes=\"(max-width: 1070px) 100vw, 1070px\" \/><\/div><\/div><\/div><\/div><div class=\"flex_column av_one_full  flex_column_div av-zero-column-padding first  avia-builder-el-2  el_after_av_one_full  el_before_av_one_full  column-top-margin\" style='border-radius:0px; '><section class=\"av_textblock_section \"  itemscope=\"itemscope\" itemtype=\"https:\/\/schema.org\/BlogPosting\" itemprop=\"blogPost\" ><div class='avia_textblock  '   itemprop=\"text\" ><p style=\"text-align: center;\"><strong><span style=\"font-size: 18pt;\">Comisi\u00f3n de Infraestructura, Transporte y Telecomunicaciones del CORE realiza visita en terreno a Puyuhuapi y La Junta <\/span><\/strong><\/p>\n<div id=\"gtx-trans\" style=\"position: absolute; left: -50px; top: 4.31534px;\">\n<div class=\"gtx-trans-icon\"><\/div>\n<\/div>\n<\/div><\/section><\/div><div class=\"flex_column av_one_full  flex_column_div av-zero-column-padding first  avia-builder-el-4  el_after_av_one_full  el_before_av_hr  column-top-margin\" style='border-radius:0px; '><section class=\"av_textblock_section \"  itemscope=\"itemscope\" itemtype=\"https:\/\/schema.org\/BlogPosting\" itemprop=\"blogPost\" ><div class='avia_textblock  '   itemprop=\"text\" ><p class=\"v1gmail-p4\" style=\"text-align: justify;\">La Comisi\u00f3n de Infraestructura, Transporte y Telecomunicaciones, integrada por las Consejeras Lilian Inostroza (presidenta), Paula Acu\u00f1a (vicepresidenta), Paola Rodr\u00edguez, y los Consejeros Regionales, Ra\u00fal Rudolphi, y Jorge Abello, fueron junto al alcalde de Cisnes, Francisco Roncagliolo, hasta Puyuhuapi y La Junta. Ah\u00ed visitaron diversos puntos de inter\u00e9s.<\/p>\n<p class=\"v1gmail-p4\" style=\"text-align: justify;\">Durante la primera parte de la jornada del mi\u00e9rcoles, las autoridades iniciaron el recorrido en la Plaza de Puyuhuapi donde se incorporaron a la reuni\u00f3n el presidente de la Junta de Vecinos N\u00ba6, Jos\u00e9 Ignacio Radolich, la tesorera de la misma, Juana Altamirano, y otras integrantes de la organizaci\u00f3n social, Joanna Pe\u00f1a y Violeta Nahuelquin, m\u00e1s los Concejales, Larry Letcher, Cristi\u00e1n Jaramillo, las Concejalas, Ximena Ar\u00e9valo, Almendra Silva. Todas y todos observaron un plano del lugar mientras el alcalde Francisco Roncagliolo explicaba la proyecci\u00f3n e integraci\u00f3n de las requeridas modificaciones con el objetivo de que sea m\u00e1s inclusiva y adem\u00e1s atractiva para los turistas.<\/p>\n<p class=\"v1gmail-p4\" style=\"text-align: justify;\">Luego hicieron una parada adicional en el ret\u00e9n de Puyuhuapi, donde vieron las instalaciones y escucharon a los Carabineros presentes. \u00abObservamos una necesidad que es real y cierta, que es mejorar la infraestructura de Carabineros, el ret\u00e9n, el c\u00f3mo viven al d\u00eda de hoy los Carabineros ac\u00e1 para nosotros es de mucha importancia desde la Comisi\u00f3n de Seguridad y que dicho sea de paso, lo estamos viendo a trav\u00e9s de un convenio que se quiere construir con el Ministerio del Interior\u00bb, dijo el Consejero Ra\u00fal Rudolphi miembro de la Comisi\u00f3n de Infraestructura, Transporte y Telecomunicaciones y presidente de la Comisi\u00f3n de Seguridad P\u00fablica y Emergencias.<\/p>\n<p class=\"v1gmail-p4\" style=\"text-align: justify;\">El recorrido de la Comisi\u00f3n sigui\u00f3 en la radio de Puyuhuapi para luego dirigirse junto al alcalde hasta el sector llamado Puyuhuapi Joven donde proyectan la construcci\u00f3n de 42 casas. En la calle Los Ma\u00f1\u00edos conversaron sobre las calles priorizadas de pavimentaci\u00f3n participativo.<\/p>\n<p class=\"v1gmail-p4\" style=\"text-align: justify;\">La visita en terreno prosigui\u00f3 con un recorrido por la costanera donde visualizan cambios para lograr mejoras que beneficien a las y los habitantes del lugar.<\/p>\n<p class=\"v1gmail-p4\" style=\"text-align: justify;\">La Consejera Regional y presidenta de la Comisi\u00f3n de Infraestructura, Transporte y Telecomunicaciones, Lilian Inostroza, dijo que terminaron el trayecto \u00abcon grandes hitos muy importantes como lo es el proyecto de la plaza de Puyuhuapi, la pavimentaci\u00f3n participativa, cuarenta y dos viviendas sociales se est\u00e1n proyectando dentro de esta hermosa localidad y tambi\u00e9n, por supuesto, el m\u00e1s grande proyecto que tiene es la Costanera. Como comisi\u00f3n, llanos a seguir trabajando, a seguir participando, y a seguir apoyando, claramente, todas las iniciativas y las inversiones p\u00fablicas que est\u00e9n dentro de la comuna de Cisnes, de nuestra regi\u00f3n\u00bb.<\/p>\n<p class=\"v1gmail-p4\" style=\"text-align: justify;\">El presidente de la Junta de Vecinos N\u00ba 6, Jos\u00e9 Radolich, expres\u00f3 su agradecimiento por la actividad en terreno de las autoridades con las que estuvo en los diferentes puntos abordados, desde la plaza hasta la costanera de Puyuhuapi.<span class=\"v1gmail-Apple-converted-space\">\u00a0<\/span><\/p>\n<p class=\"v1gmail-p4\" style=\"text-align: justify;\">Mencion\u00f3 que espera tener en el futuro \u00abalgo mejor para nuestro pueblo. Esto que anduvimos recorriendo lo que es la plaza, que es la costanera, la poblaci\u00f3n, ser\u00eda lo m\u00e1s importante que pronto ya tengamos algo como para decir: estamos trabajando en esto vamos a salir adelante en un par de a\u00f1os m\u00e1s, dos a\u00f1os m\u00e1s, tres a\u00f1os m\u00e1s, tengamos lo mejor que se pueda para Puyuhuapi\u00bb, expres\u00f3 Radolich.<\/p>\n<p class=\"v1gmail-p4\" style=\"text-align: justify;\">La primera parte de la visita en terreno concluy\u00f3 con un recorrido a las instalaciones de la Posta Rural B\u00e1sica de Puyuhuapi, donde miraron la construcci\u00f3n y algunos de los implementos disponibles.<\/p>\n<p class=\"v1gmail-p4\" style=\"text-align: justify;\">El alcalde de Cisnes, tras finalizar las labores en Puyuhuapi dijo que \u00abvamos a tener que generar las alianzas con el Gobierno Regional y su Consejo. Hoy d\u00eda nosotros agradecemos esta visita, agradecemos que conozcan esta realidad nuestra en el terreno y agradezco la voluntad de cada uno de los Consejeros por estar ac\u00e1 presentes\u00bb.<\/p>\n<p class=\"v1gmail-p4\" style=\"text-align: justify;\"><b> La Junta<\/b><\/p>\n<p class=\"v1gmail-p4\" style=\"text-align: justify;\">Durante la jornada de la tarde, la Comisi\u00f3n de Infraestructura, Transporte y Telecomunicaciones junto al alcalde de Cisnes y los Concejales Larry Letcher, Cristi\u00e1n Jaramillo, la Concejala, Ximena Ar\u00e9valo, se trasladaron hasta el puente Senador Sergio Sep\u00falveda, donde abordaron la conectividad como un tema crucial de la zona.<\/p>\n<p class=\"v1gmail-p4\" style=\"text-align: justify;\">Expresaron que La Junta es una zona de entrada para Regi\u00f3n de Ays\u00e9n, que el puente Senador Jorge Sep\u00falveda ha tenido un aumento de la demanda del flujo vehicular, de distinto peso y tonelaje. Destacaron la relevancia de la obra para el continuo abastecimiento de la regi\u00f3n.<span class=\"v1gmail-Apple-converted-space\">\u00a0<\/span><\/p>\n<p class=\"v1gmail-p4\" style=\"text-align: justify;\">\u00abEl puente Senador Jorge Sep\u00falveda est\u00e1 en malas condiciones y es la puerta de entrada tambi\u00e9n a nuestra Regi\u00f3n de Ays\u00e9n. Lo hemos conversado, la parte log\u00edstica, lo que son insumos b\u00e1sicos para nuestra regi\u00f3n, ingresa por el puente, lo que es alimentaci\u00f3n, lo que es calefacci\u00f3n, lo que es combustible est\u00e1n ingresando por ac\u00e1, pero hoy en d\u00eda este puente est\u00e1 siendo afectado\u00bb, afirm\u00f3 la Consejera Regional, Lilian Inostroza.<\/p>\n<p class=\"v1gmail-p4\" style=\"text-align: justify;\">Posterior a la visita al puente las autoridades regionales y locales fueron hasta la junta vecinos de la localidad, donde realizaron una sesi\u00f3n en terreno de la Comisi\u00f3n de Infraestructura, Transporte y Telecomunicaciones.<\/p>\n<p class=\"v1gmail-p4\" style=\"text-align: justify;\">Ah\u00ed participaron los alcaldes de Cisnes, Francisco Roncagliolo, Palena, Julio Delgado (v\u00eda telem\u00e1tica), los concejales, Cristi\u00e1n Jaramillo, Larry Letcher, Ximena Ar\u00e9valo, el representante de la Agrupaci\u00f3n Gremial (AG) Ganadera La Junta, Carlos Smith, AG Transportistas La Junta, Ronny Arre, Conrado Redlich (telem\u00e1tica), y Kiomara Rubio de la Junta de Vecinos.<\/p>\n<p class=\"v1gmail-p4\" style=\"text-align: justify;\">\u00abAcabamos de finalizar una jornada donde sesionamos por primera vez fuera del hemiciclo, fuera de Coyhaique, y estamos hoy d\u00eda en La Junta, tratando diversos temas. Principalmente, lo que va referido a conectividad y puentes\u00bb, asever\u00f3 la Consejera Regional Paula Acu\u00f1a.<\/p>\n<p class=\"v1gmail-p4\" style=\"text-align: justify;\">Tanto la Consejera Acu\u00f1a como su par Paola Rodr\u00edguez, concordaron en que el 12 de septiembre expondr\u00e1n la situaci\u00f3n en el Ministerio de Obras P\u00fablicas para abordar la conectividad.<span class=\"v1gmail-Apple-converted-space\">\u00a0<\/span><\/p>\n<p class=\"v1gmail-p4\" style=\"text-align: justify;\">\u00abResolver algunas de estas problem\u00e1ticas o por lo menos llevarle esta interrogante a nuestro nuevo ministro para que \u00e9l se de cuenta de la realidad que vive la Regi\u00f3n de Ays\u00e9n en cuanto a su aislamiento\u00bb, dijo la representante de la Provincia de Ays\u00e9n y habitante de Puyuhuapi, la Consejera Regional Paola Rodr\u00edguez.<span class=\"v1gmail-Apple-converted-space\">\u00a0<\/span><\/p>\n<p class=\"v1gmail-p4\" style=\"text-align: justify;\">La Consejera Lilian Inostroza manifest\u00f3 su descontento ante la inasistencia de la Secretar\u00eda Regional Ministerial de Obras P\u00fablicas a la reuni\u00f3n con los vecinos y vecinas de La Junta, la que fue informada.<\/p>\n<p class=\"v1gmail-p4\" style=\"text-align: justify;\">El representante de la (AG) Ganadera La Junta, Carlos Schmidt, cont\u00f3 que espera \u00abrespuestas concretas de c\u00f3mo est\u00e1 la cosa, qu\u00e9 es lo que se viene, que realmente los transportistas se puedan proyectar y nosotros como habitantes del sector tambi\u00e9n\u00bb. Agradeci\u00f3 la presencia de la Comisi\u00f3n de Infraestructura, Transporte y Telecomunicaciones del Consejo Regional y de las autoridades locales.<\/p>\n<\/div><\/section><\/div><div  style='height:50px' class='hr hr-invisible   avia-builder-el-6  el_after_av_one_full  el_before_av_social_share '><span class='hr-inner ' ><span class='hr-inner-style'><\/span><\/span><\/div><\/p>\n<div  class='av-social-sharing-box  avia-builder-el-7  el_after_av_hr  el_before_av_hr  '><div class='av-share-box'><h5 class='av-share-link-description av-no-toc '>Compartir esta noticia<\/h5><ul class='av-share-box-list noLightbox'><li class='av-share-link av-social-link-facebook' ><a target=\"_blank\" aria-label=\"Compartir en Facebook\" href='https:\/\/www.facebook.com\/sharer.php?u=https:\/\/radiorevelacionfm.cl\/?p=21374&#038;t=Comisi%C3%B3n%20de%20Infraestructura%2C%20Transporte%20y%20Telecomunicaciones%20del%20CORE%20realiza%20visita%20en%20terreno%20a%20Puyuhuapi%20y%20La%20Junta' aria-hidden='false' data-av_icon='\ue8f3' data-av_iconfont='entypo-fontello' title='' data-avia-related-tooltip='Compartir en Facebook' rel=\"noopener\"><span class='avia_hidden_link_text'>Compartir en Facebook<\/span><\/a><\/li><li class='av-share-link av-social-link-twitter' ><a target=\"_blank\" aria-label=\"Compartir en Twitter\" href='https:\/\/twitter.com\/share?text=Comisi%C3%B3n%20de%20Infraestructura%2C%20Transporte%20y%20Telecomunicaciones%20del%20CORE%20realiza%20visita%20en%20terreno%20a%20Puyuhuapi%20y%20La%20Junta&#038;url=https:\/\/radiorevelacionfm.cl\/?p=21374' aria-hidden='false' data-av_icon='\ue8f1' data-av_iconfont='entypo-fontello' title='' data-avia-related-tooltip='Compartir en Twitter' rel=\"noopener\"><span class='avia_hidden_link_text'>Compartir en Twitter<\/span><\/a><\/li><li class='av-share-link av-social-link-whatsapp' ><a target=\"_blank\" aria-label=\"Compartir en Whatsapp\" href='https:\/\/api.whatsapp.com\/send?text=https:\/\/radiorevelacionfm.cl\/?p=21374' aria-hidden='false' data-av_icon='\uf232' data-av_iconfont='entypo-fontello' title='' data-avia-related-tooltip='Compartir en Whatsapp' rel=\"noopener\"><span class='avia_hidden_link_text'>Compartir en Whatsapp<\/span><\/a><\/li><li class='av-share-link av-social-link-linkedin' ><a target=\"_blank\" aria-label=\"Compartir en LinkedIn\" href='https:\/\/linkedin.com\/shareArticle?mini=true&#038;title=Comisi%C3%B3n%20de%20Infraestructura%2C%20Transporte%20y%20Telecomunicaciones%20del%20CORE%20realiza%20visita%20en%20terreno%20a%20Puyuhuapi%20y%20La%20Junta&#038;url=https:\/\/radiorevelacionfm.cl\/?p=21374' aria-hidden='false' data-av_icon='\ue8fc' data-av_iconfont='entypo-fontello' title='' data-avia-related-tooltip='Compartir en LinkedIn' rel=\"noopener\"><span class='avia_hidden_link_text'>Compartir en LinkedIn<\/span><\/a><\/li><li class='av-share-link av-social-link-mail' ><a  aria-label=\"Compartir por correo\" href='mailto:?subject=Comisi%C3%B3n%20de%20Infraestructura%2C%20Transporte%20y%20Telecomunicaciones%20del%20CORE%20realiza%20visita%20en%20terreno%20a%20Puyuhuapi%20y%20La%20Junta&#038;body=https:\/\/radiorevelacionfm.cl\/?p=21374' aria-hidden='false' data-av_icon='\ue805' data-av_iconfont='entypo-fontello' title='' data-avia-related-tooltip='Compartir por correo'><span class='avia_hidden_link_text'>Compartir por correo<\/span><\/a><\/li><\/ul><\/div><\/div>\n<div  style='height:50px' class='hr hr-invisible   avia-builder-el-8  el_after_av_social_share  el_before_av_comments_list '><span class='hr-inner ' ><span class='hr-inner-style'><\/span><\/span><\/div>\n<div  class='av-buildercomment  av-blog-meta-html-info-disabled av-blog-meta-tag-disabled  '><\/div>\n","protected":false},"excerpt":{"rendered":"","protected":false},"author":1,"featured_media":21375,"comment_status":"open","ping_status":"open","sticky":false,"template":"","format":"standard","meta":{"footnotes":""},"categories":[38],"tags":[],"class_list":["post-21374","post","type-post","status-publish","format-standard","has-post-thumbnail","hentry","category-regional"],"jetpack_featured_media_url":"https:\/\/radiorevelacionfm.cl\/wp-content\/uploads\/2022\/09\/1-41-1_optimized-1.jpeg","_links":{"self":[{"href":"https:\/\/radiorevelacionfm.cl\/index.php?rest_route=\/wp\/v2\/posts\/21374","targetHints":{"allow":["GET"]}}],"collection":[{"href":"https:\/\/radiorevelacionfm.cl\/index.php?rest_route=\/wp\/v2\/posts"}],"about":[{"href":"https:\/\/radiorevelacionfm.cl\/index.php?rest_route=\/wp\/v2\/types\/post"}],"author":[{"embeddable":true,"href":"https:\/\/radiorevelacionfm.cl\/index.php?rest_route=\/wp\/v2\/users\/1"}],"replies":[{"embeddable":true,"href":"https:\/\/radiorevelacionfm.cl\/index.php?rest_route=%2Fwp%2Fv2%2Fcomments&post=21374"}],"version-history":[{"count":2,"href":"https:\/\/radiorevelacionfm.cl\/index.php?rest_route=\/wp\/v2\/posts\/21374\/revisions"}],"predecessor-version":[{"id":21380,"href":"https:\/\/radiorevelacionfm.cl\/index.php?rest_route=\/wp\/v2\/posts\/21374\/revisions\/21380"}],"wp:featuredmedia":[{"embeddable":true,"href":"https:\/\/radiorevelacionfm.cl\/index.php?rest_route=\/wp\/v2\/media\/21375"}],"wp:attachment":[{"href":"https:\/\/radiorevelacionfm.cl\/index.php?rest_route=%2Fwp%2Fv2%2Fmedia&parent=21374"}],"wp:term":[{"taxonomy":"category","embeddable":true,"href":"https:\/\/radiorevelacionfm.cl\/index.php?rest_route=%2Fwp%2Fv2%2Fcategories&post=21374"},{"taxonomy":"post_tag","embeddable":true,"href":"https:\/\/radiorevelacionfm.cl\/index.php?rest_route=%2Fwp%2Fv2%2Ftags&post=21374"}],"curies":[{"name":"wp","href":"https:\/\/api.w.org\/{rel}","templated":true}]}}