{"id":21370,"date":"2022-09-01T21:22:38","date_gmt":"2022-09-02T00:22:38","guid":{"rendered":"https:\/\/radiorevelacionfm.cl\/?p=21370"},"modified":"2022-09-01T21:22:38","modified_gmt":"2022-09-02T00:22:38","slug":"carabineros-del-os-7-aysen-dicta-charlas-en-establecimientos-educacionales-y-previene-el-consumo-de-drogas","status":"publish","type":"post","link":"https:\/\/radiorevelacionfm.cl\/?p=21370","title":{"rendered":"Carabineros del OS-7 Ays\u00e9n dicta charlas en establecimientos educacionales y previene el consumo de drogas"},"content":{"rendered":"<div class=\"flex_column av_one_full  flex_column_div av-zero-column-padding first  avia-builder-el-0  el_before_av_one_full  avia-builder-el-first  \" style='border-radius:0px; '><div  class='avia-image-container  av-styling-    avia-builder-el-1  avia-builder-el-no-sibling  avia-align-center '  itemprop=\"image\" itemscope=\"itemscope\" itemtype=\"https:\/\/schema.org\/ImageObject\"  ><div class='avia-image-container-inner'><div class='avia-image-overlay-wrap'><img decoding=\"async\" class='wp-image-21371 avia-img-lazy-loading-not-21371 avia_image' src=\"https:\/\/radiorevelacionfm.cl\/wp-content\/uploads\/2022\/09\/2276855e-a0d8-4d43-a9d1-97de46562fdc-1-1.jpg\" alt='' title='2276855e-a0d8-4d43-a9d1-97de46562fdc (1) (1)' height=\"600\" width=\"1333\"  itemprop=\"thumbnailUrl\" srcset=\"https:\/\/radiorevelacionfm.cl\/wp-content\/uploads\/2022\/09\/2276855e-a0d8-4d43-a9d1-97de46562fdc-1-1.jpg 1333w, https:\/\/radiorevelacionfm.cl\/wp-content\/uploads\/2022\/09\/2276855e-a0d8-4d43-a9d1-97de46562fdc-1-1-300x135.jpg 300w, https:\/\/radiorevelacionfm.cl\/wp-content\/uploads\/2022\/09\/2276855e-a0d8-4d43-a9d1-97de46562fdc-1-1-1030x464.jpg 1030w, https:\/\/radiorevelacionfm.cl\/wp-content\/uploads\/2022\/09\/2276855e-a0d8-4d43-a9d1-97de46562fdc-1-1-768x346.jpg 768w, https:\/\/radiorevelacionfm.cl\/wp-content\/uploads\/2022\/09\/2276855e-a0d8-4d43-a9d1-97de46562fdc-1-1-705x317.jpg 705w, https:\/\/radiorevelacionfm.cl\/wp-content\/uploads\/2022\/09\/2276855e-a0d8-4d43-a9d1-97de46562fdc-1-1-600x270.jpg 600w\" sizes=\"(max-width: 1333px) 100vw, 1333px\" \/><\/div><\/div><\/div><\/div><div class=\"flex_column av_one_full  flex_column_div av-zero-column-padding first  avia-builder-el-2  el_after_av_one_full  el_before_av_one_full  column-top-margin\" style='border-radius:0px; '><section class=\"av_textblock_section \"  itemscope=\"itemscope\" itemtype=\"https:\/\/schema.org\/BlogPosting\" itemprop=\"blogPost\" ><div class='avia_textblock  '   itemprop=\"text\" ><p style=\"text-align: center;\"><span style=\"font-size: 18pt;\"><b>Carabineros del OS-7\u00a0Ays\u00e9n dicta charlas en establecimientos educacionales y previene el consumo de drogas<\/b><\/span><\/p>\n<div id=\"gtx-trans\" style=\"position: absolute; left: -50px; top: 4.31534px;\">\n<div class=\"gtx-trans-icon\"><\/div>\n<\/div>\n<\/div><\/section><\/div><div class=\"flex_column av_one_full  flex_column_div av-zero-column-padding first  avia-builder-el-4  el_after_av_one_full  el_before_av_hr  column-top-margin\" style='border-radius:0px; '><section class=\"av_textblock_section \"  itemscope=\"itemscope\" itemtype=\"https:\/\/schema.org\/BlogPosting\" itemprop=\"blogPost\" ><div class='avia_textblock  '   itemprop=\"text\" ><p class=\"v1MsoNormal\" style=\"text-align: justify;\">Concientizar a los adolescentes sobre los efectos y riesgos para la salud que conlleva el consumo de drogas, as\u00ed como los alcances en el \u00e1mbito legal, son parte de las materias abordadas a trav\u00e9s de did\u00e1cticas presentaciones por parte de personal de Carabineros de la Secci\u00f3n OS-7, dirigidas a alumnos de diversos establecimientos educacionales y docentes de la regi\u00f3n de Ays\u00e9n.<\/p>\n<p class=\"v1MsoNormal\" style=\"text-align: justify;\">Llevar adelante diligencias de inteligencia investigativa orientadas a combatir el tr\u00e1fico de drogas y desarticular organizaciones criminales dedicadas al narcotr\u00e1fico en la regi\u00f3n, es la principal misi\u00f3n que cumple Carabineros de la Secci\u00f3n OS-7. A lo anterior se suman charlas educativas de prevenci\u00f3n del consumo de drogas en establecimientos educacionales, sedes de juntas de vecinos y organizaciones p\u00fablicas que las soliciten, las cuales est\u00e1n a cargo de personal altamente capacitado en esta materia.<\/p>\n<p class=\"v1MsoNormal\" style=\"text-align: justify;\">Durante el mes de agosto del presente a\u00f1o, se impartieron charlas en el Liceo Bicentenario Agr\u00edcola y colegio Alianza Austral, donde participaron 5 profesores y 60 estudiantes de ambos establecimientos educacionales.<\/p>\n<p class=\"v1MsoNormal\" style=\"text-align: justify;\">El desarrollo de estas actividades educativas continuar\u00e1 en los pr\u00f3ximos meses, con la finalidad de prevenir el consumo de drogas entre los adolescentes de la regi\u00f3n de Ays\u00e9n.<\/p>\n<p style=\"text-align: justify;\">Carabineros del OS-7 reiter\u00f3 el llamado a la comunidad a realizar las denuncias y entregar dicha informaci\u00f3n a trav\u00e9s del fono drogas 135, tel\u00e9fono gratuito de Carabineros de Chile, el cual es atendido por agentes especializados del OS-7, quienes durante las 24 horas del d\u00eda recibir\u00e1n sus denuncias de forma absolutamente reservada y an\u00f3nima.<\/p>\n<\/div><\/section><\/div><div  style='height:50px' class='hr hr-invisible   avia-builder-el-6  el_after_av_one_full  el_before_av_social_share '><span class='hr-inner ' ><span class='hr-inner-style'><\/span><\/span><\/div><\/p>\n<div  class='av-social-sharing-box  avia-builder-el-7  el_after_av_hr  el_before_av_hr  '><div class='av-share-box'><h5 class='av-share-link-description av-no-toc '>Compartir esta noticia<\/h5><ul class='av-share-box-list noLightbox'><li class='av-share-link av-social-link-facebook' ><a target=\"_blank\" aria-label=\"Compartir en Facebook\" href='https:\/\/www.facebook.com\/sharer.php?u=https:\/\/radiorevelacionfm.cl\/?p=21370&#038;t=Carabineros%20del%20OS-7%20Ays%C3%A9n%20dicta%20charlas%20en%20establecimientos%20educacionales%20y%20previene%20el%20consumo%20de%20drogas' aria-hidden='false' data-av_icon='\ue8f3' data-av_iconfont='entypo-fontello' title='' data-avia-related-tooltip='Compartir en Facebook' rel=\"noopener\"><span class='avia_hidden_link_text'>Compartir en Facebook<\/span><\/a><\/li><li class='av-share-link av-social-link-twitter' ><a target=\"_blank\" aria-label=\"Compartir en Twitter\" href='https:\/\/twitter.com\/share?text=Carabineros%20del%20OS-7%20Ays%C3%A9n%20dicta%20charlas%20en%20establecimientos%20educacionales%20y%20previene%20el%20consumo%20de%20drogas&#038;url=https:\/\/radiorevelacionfm.cl\/?p=21370' aria-hidden='false' data-av_icon='\ue8f1' data-av_iconfont='entypo-fontello' title='' data-avia-related-tooltip='Compartir en Twitter' rel=\"noopener\"><span class='avia_hidden_link_text'>Compartir en Twitter<\/span><\/a><\/li><li class='av-share-link av-social-link-whatsapp' ><a target=\"_blank\" aria-label=\"Compartir en Whatsapp\" href='https:\/\/api.whatsapp.com\/send?text=https:\/\/radiorevelacionfm.cl\/?p=21370' aria-hidden='false' data-av_icon='\uf232' data-av_iconfont='entypo-fontello' title='' data-avia-related-tooltip='Compartir en Whatsapp' rel=\"noopener\"><span class='avia_hidden_link_text'>Compartir en Whatsapp<\/span><\/a><\/li><li class='av-share-link av-social-link-linkedin' ><a target=\"_blank\" aria-label=\"Compartir en LinkedIn\" href='https:\/\/linkedin.com\/shareArticle?mini=true&#038;title=Carabineros%20del%20OS-7%20Ays%C3%A9n%20dicta%20charlas%20en%20establecimientos%20educacionales%20y%20previene%20el%20consumo%20de%20drogas&#038;url=https:\/\/radiorevelacionfm.cl\/?p=21370' aria-hidden='false' data-av_icon='\ue8fc' data-av_iconfont='entypo-fontello' title='' data-avia-related-tooltip='Compartir en LinkedIn' rel=\"noopener\"><span class='avia_hidden_link_text'>Compartir en LinkedIn<\/span><\/a><\/li><li class='av-share-link av-social-link-mail' ><a  aria-label=\"Compartir por correo\" href='mailto:?subject=Carabineros%20del%20OS-7%20Ays%C3%A9n%20dicta%20charlas%20en%20establecimientos%20educacionales%20y%20previene%20el%20consumo%20de%20drogas&#038;body=https:\/\/radiorevelacionfm.cl\/?p=21370' aria-hidden='false' data-av_icon='\ue805' data-av_iconfont='entypo-fontello' title='' data-avia-related-tooltip='Compartir por correo'><span class='avia_hidden_link_text'>Compartir por correo<\/span><\/a><\/li><\/ul><\/div><\/div>\n<div  style='height:50px' class='hr hr-invisible   avia-builder-el-8  el_after_av_social_share  el_before_av_comments_list '><span class='hr-inner ' ><span class='hr-inner-style'><\/span><\/span><\/div>\n<div  class='av-buildercomment  av-blog-meta-html-info-disabled av-blog-meta-tag-disabled  '><\/div>\n","protected":false},"excerpt":{"rendered":"","protected":false},"author":1,"featured_media":21371,"comment_status":"open","ping_status":"open","sticky":false,"template":"","format":"standard","meta":{"footnotes":""},"categories":[36],"tags":[],"class_list":["post-21370","post","type-post","status-publish","format-standard","has-post-thumbnail","hentry","category-policial"],"jetpack_featured_media_url":"https:\/\/radiorevelacionfm.cl\/wp-content\/uploads\/2022\/09\/2276855e-a0d8-4d43-a9d1-97de46562fdc-1-1.jpg","_links":{"self":[{"href":"https:\/\/radiorevelacionfm.cl\/index.php?rest_route=\/wp\/v2\/posts\/21370","targetHints":{"allow":["GET"]}}],"collection":[{"href":"https:\/\/radiorevelacionfm.cl\/index.php?rest_route=\/wp\/v2\/posts"}],"about":[{"href":"https:\/\/radiorevelacionfm.cl\/index.php?rest_route=\/wp\/v2\/types\/post"}],"author":[{"embeddable":true,"href":"https:\/\/radiorevelacionfm.cl\/index.php?rest_route=\/wp\/v2\/users\/1"}],"replies":[{"embeddable":true,"href":"https:\/\/radiorevelacionfm.cl\/index.php?rest_route=%2Fwp%2Fv2%2Fcomments&post=21370"}],"version-history":[{"count":2,"href":"https:\/\/radiorevelacionfm.cl\/index.php?rest_route=\/wp\/v2\/posts\/21370\/revisions"}],"predecessor-version":[{"id":21373,"href":"https:\/\/radiorevelacionfm.cl\/index.php?rest_route=\/wp\/v2\/posts\/21370\/revisions\/21373"}],"wp:featuredmedia":[{"embeddable":true,"href":"https:\/\/radiorevelacionfm.cl\/index.php?rest_route=\/wp\/v2\/media\/21371"}],"wp:attachment":[{"href":"https:\/\/radiorevelacionfm.cl\/index.php?rest_route=%2Fwp%2Fv2%2Fmedia&parent=21370"}],"wp:term":[{"taxonomy":"category","embeddable":true,"href":"https:\/\/radiorevelacionfm.cl\/index.php?rest_route=%2Fwp%2Fv2%2Fcategories&post=21370"},{"taxonomy":"post_tag","embeddable":true,"href":"https:\/\/radiorevelacionfm.cl\/index.php?rest_route=%2Fwp%2Fv2%2Ftags&post=21370"}],"curies":[{"name":"wp","href":"https:\/\/api.w.org\/{rel}","templated":true}]}}