{"id":2137,"date":"2021-01-27T16:17:46","date_gmt":"2021-01-27T19:17:46","guid":{"rendered":"https:\/\/radiorevelacionfm.cl\/?p=2137"},"modified":"2021-01-27T16:17:46","modified_gmt":"2021-01-27T19:17:46","slug":"emprendedora-de-villa-la-tapera-agradece-apoyo-del-municipio-en-postulacion-a-fondos-sercotec","status":"publish","type":"post","link":"https:\/\/radiorevelacionfm.cl\/?p=2137","title":{"rendered":"Emprendedora de Villa La Tapera agradece apoyo del municipio en postulaci\u00f3n a fondos Sercotec"},"content":{"rendered":"<div class=\"flex_column av_one_full  flex_column_div av-zero-column-padding first  avia-builder-el-0  el_before_av_one_full  avia-builder-el-first  \" style='border-radius:0px; '><div  class='avia-image-container  av-styling-    avia-builder-el-1  avia-builder-el-no-sibling  avia-align-center '  itemprop=\"image\" itemscope=\"itemscope\" itemtype=\"https:\/\/schema.org\/ImageObject\"  ><div class='avia-image-container-inner'><div class='avia-image-overlay-wrap'><img decoding=\"async\" class='wp-image-0 avia-img-lazy-loading-not-0 avia_image' src=\"https:\/\/radiorevelacionfm.cl\/wp-content\/uploads\/2021\/01\/MARY-4-2-1.jpg\" alt='' title=''   itemprop=\"thumbnailUrl\"  \/><\/div><\/div><\/div><\/div><div class=\"flex_column av_one_full  flex_column_div av-zero-column-padding first  avia-builder-el-2  el_after_av_one_full  el_before_av_one_full  column-top-margin\" style='border-radius:0px; '><section class=\"av_textblock_section \"  itemscope=\"itemscope\" itemtype=\"https:\/\/schema.org\/BlogPosting\" itemprop=\"blogPost\" ><div class='avia_textblock  '   itemprop=\"text\" ><p style=\"text-align: center;\"><strong><span style=\"font-size: 18pt;\">Emprendedora de Villa La Tapera agradece apoyo del municipio en postulaci\u00f3n a fondos Sercotec<\/span><\/strong><\/p>\n<div id=\"gtx-trans\" style=\"position: absolute; left: -50px; top: 4.31534px;\">\n<div class=\"gtx-trans-icon\"><\/div>\n<\/div>\n<\/div><\/section><\/div><div class=\"flex_column av_one_full  flex_column_div av-zero-column-padding first  avia-builder-el-4  el_after_av_one_full  el_before_av_hr  column-top-margin\" style='border-radius:0px; '><section class=\"av_textblock_section \"  itemscope=\"itemscope\" itemtype=\"https:\/\/schema.org\/BlogPosting\" itemprop=\"blogPost\" ><div class='avia_textblock  '   itemprop=\"text\" ><p style=\"text-align: justify;\">En los \u00faltimos meses quienes m\u00e1s han sufrido los efectos de la pandemia son los emprendedores y emprendedoras particularmente del rubro del turismo. Consiente de aquello, el Alcalde de la comuna de Lago Verde, Nelson Opazo L\u00f3pez, ha instruido a equipo profesional y t\u00e9cnico, asesorar y colaborar con quienes requieren apoyo para postular a las distintas l\u00edneas de financiamiento que ofrece el Gobierno.<\/p>\n<p style=\"text-align: justify;\">Es de esta forma que, el \u00e1rea de fomento producto colabor\u00f3 en la postulaci\u00f3n de cerca de 30 iniciativas a fondos de Sercotec, uno de ellos corresponde al emprendimiento de Maribel Cadagan, de Villa La Tapera.<\/p>\n<p style=\"text-align: justify;\">\u201cEn este proyecto a m\u00ed me ayudaron en la implementaci\u00f3n de mis caba\u00f1as y la verdad fueron varias cosas en las que me apoy\u00f3 Sercotec y en este caso contamos con el encargado de proyectos del Municipio, quien nos colabor\u00f3 en la formulaci\u00f3n de la iniciativa. As\u00ed es que, bien, contenta con eso\u201d.<\/p>\n<p style=\"text-align: justify;\">Maribel Cadagan, es propietaria del hospedaje y departamentos \u201cMary\u201d, resalt\u00f3 el hecho de que la Municipalidad de Lago Verde, ponga a disposici\u00f3n de la comunidad y de los emprendedores, profesionales que orienten y ayuden en las distintas postulaciones.<\/p>\n<p style=\"text-align: justify;\">\u201cUna de las cosas s\u00faper importantes es que a nosotros nos est\u00e9n guiando y apoyando, porque la verdad es que muchas veces uno tiene\u00a0 las ganas pero desconocemos muchas cosas, entre ellas, postular a los proyectos. Entonces, es muy importante que siempre haya una persona que nos apoye, porque a veces salen platas que vienen destinadas a quienes emprender, pero nos manejamos poco en eso. As\u00ed es que, yo siento que es muy importante esta colaboraci\u00f3n, ya sea en el caso m\u00edo y de otras personas que lo requieran\u201d.<\/p>\n<p style=\"text-align: justify;\">La administraci\u00f3n del Alcalde, Nelson Opazo L\u00f3pez, mantiene el compromiso con los emprendedores y emprendedoras, en continuar colaborando y mostrando toda la disposici\u00f3n a la hora de informar y contribuir en la formulaci\u00f3n de los proyectos ante los distintos entes de Gobierno que colaboran en el desarrollo de las comunidades y su gente.<\/p>\n<\/div><\/section><\/div><div  style='height:50px' class='hr hr-invisible   avia-builder-el-6  el_after_av_one_full  el_before_av_social_share '><span class='hr-inner ' ><span class='hr-inner-style'><\/span><\/span><\/div><\/p>\n<div  class='av-social-sharing-box  avia-builder-el-7  el_after_av_hr  el_before_av_hr  '><div class='av-share-box'><h5 class='av-share-link-description av-no-toc '>Compartir esta noticia<\/h5><ul class='av-share-box-list noLightbox'><li class='av-share-link av-social-link-facebook' ><a target=\"_blank\" aria-label=\"Compartir en Facebook\" href='https:\/\/www.facebook.com\/sharer.php?u=https:\/\/radiorevelacionfm.cl\/?p=2137&#038;t=Emprendedora%20de%20Villa%20La%20Tapera%20agradece%20apoyo%20del%20municipio%20en%20postulaci%C3%B3n%20a%20fondos%20Sercotec' aria-hidden='false' data-av_icon='\ue8f3' data-av_iconfont='entypo-fontello' title='' data-avia-related-tooltip='Compartir en Facebook' rel=\"noopener\"><span class='avia_hidden_link_text'>Compartir en Facebook<\/span><\/a><\/li><li class='av-share-link av-social-link-twitter' ><a target=\"_blank\" aria-label=\"Compartir en Twitter\" href='https:\/\/twitter.com\/share?text=Emprendedora%20de%20Villa%20La%20Tapera%20agradece%20apoyo%20del%20municipio%20en%20postulaci%C3%B3n%20a%20fondos%20Sercotec&#038;url=https:\/\/radiorevelacionfm.cl\/?p=2137' aria-hidden='false' data-av_icon='\ue8f1' data-av_iconfont='entypo-fontello' title='' data-avia-related-tooltip='Compartir en Twitter' rel=\"noopener\"><span class='avia_hidden_link_text'>Compartir en Twitter<\/span><\/a><\/li><li class='av-share-link av-social-link-whatsapp' ><a target=\"_blank\" aria-label=\"Compartir en Whatsapp\" href='https:\/\/api.whatsapp.com\/send?text=https:\/\/radiorevelacionfm.cl\/?p=2137' aria-hidden='false' data-av_icon='\uf232' data-av_iconfont='entypo-fontello' title='' data-avia-related-tooltip='Compartir en Whatsapp' rel=\"noopener\"><span class='avia_hidden_link_text'>Compartir en Whatsapp<\/span><\/a><\/li><li class='av-share-link av-social-link-linkedin' ><a target=\"_blank\" aria-label=\"Compartir en LinkedIn\" href='https:\/\/linkedin.com\/shareArticle?mini=true&#038;title=Emprendedora%20de%20Villa%20La%20Tapera%20agradece%20apoyo%20del%20municipio%20en%20postulaci%C3%B3n%20a%20fondos%20Sercotec&#038;url=https:\/\/radiorevelacionfm.cl\/?p=2137' aria-hidden='false' data-av_icon='\ue8fc' data-av_iconfont='entypo-fontello' title='' data-avia-related-tooltip='Compartir en LinkedIn' rel=\"noopener\"><span class='avia_hidden_link_text'>Compartir en LinkedIn<\/span><\/a><\/li><li class='av-share-link av-social-link-mail' ><a  aria-label=\"Compartir por correo\" href='mailto:?subject=Emprendedora%20de%20Villa%20La%20Tapera%20agradece%20apoyo%20del%20municipio%20en%20postulaci%C3%B3n%20a%20fondos%20Sercotec&#038;body=https:\/\/radiorevelacionfm.cl\/?p=2137' aria-hidden='false' data-av_icon='\ue805' data-av_iconfont='entypo-fontello' title='' data-avia-related-tooltip='Compartir por correo'><span class='avia_hidden_link_text'>Compartir por correo<\/span><\/a><\/li><\/ul><\/div><\/div>\n<div  style='height:50px' class='hr hr-invisible   avia-builder-el-8  el_after_av_social_share  el_before_av_comments_list '><span class='hr-inner ' ><span class='hr-inner-style'><\/span><\/span><\/div>\n<div  class='av-buildercomment  av-blog-meta-html-info-disabled av-blog-meta-tag-disabled  '><\/div>\n","protected":false},"excerpt":{"rendered":"","protected":false},"author":1,"featured_media":0,"comment_status":"open","ping_status":"open","sticky":false,"template":"","format":"standard","meta":{"footnotes":""},"categories":[38],"tags":[],"class_list":["post-2137","post","type-post","status-publish","format-standard","hentry","category-regional"],"jetpack_featured_media_url":"","_links":{"self":[{"href":"https:\/\/radiorevelacionfm.cl\/index.php?rest_route=\/wp\/v2\/posts\/2137","targetHints":{"allow":["GET"]}}],"collection":[{"href":"https:\/\/radiorevelacionfm.cl\/index.php?rest_route=\/wp\/v2\/posts"}],"about":[{"href":"https:\/\/radiorevelacionfm.cl\/index.php?rest_route=\/wp\/v2\/types\/post"}],"author":[{"embeddable":true,"href":"https:\/\/radiorevelacionfm.cl\/index.php?rest_route=\/wp\/v2\/users\/1"}],"replies":[{"embeddable":true,"href":"https:\/\/radiorevelacionfm.cl\/index.php?rest_route=%2Fwp%2Fv2%2Fcomments&post=2137"}],"version-history":[{"count":1,"href":"https:\/\/radiorevelacionfm.cl\/index.php?rest_route=\/wp\/v2\/posts\/2137\/revisions"}],"predecessor-version":[{"id":2143,"href":"https:\/\/radiorevelacionfm.cl\/index.php?rest_route=\/wp\/v2\/posts\/2137\/revisions\/2143"}],"wp:attachment":[{"href":"https:\/\/radiorevelacionfm.cl\/index.php?rest_route=%2Fwp%2Fv2%2Fmedia&parent=2137"}],"wp:term":[{"taxonomy":"category","embeddable":true,"href":"https:\/\/radiorevelacionfm.cl\/index.php?rest_route=%2Fwp%2Fv2%2Fcategories&post=2137"},{"taxonomy":"post_tag","embeddable":true,"href":"https:\/\/radiorevelacionfm.cl\/index.php?rest_route=%2Fwp%2Fv2%2Ftags&post=2137"}],"curies":[{"name":"wp","href":"https:\/\/api.w.org\/{rel}","templated":true}]}}