{"id":21367,"date":"2022-09-02T18:41:24","date_gmt":"2022-09-02T21:41:24","guid":{"rendered":"https:\/\/radiorevelacionfm.cl\/?p=21367"},"modified":"2022-09-03T11:17:06","modified_gmt":"2022-09-03T14:17:06","slug":"mas-de-600-millones-para-apoyar-a-pequenos-agricultores-afectados-por-emergencia-agricola-en-la-region","status":"publish","type":"post","link":"https:\/\/radiorevelacionfm.cl\/?p=21367","title":{"rendered":"M\u00e1s de $600 millones destinan para apoyar a peque\u00f1os agricultores afectados por Emergencia Agr\u00edcola en la regi\u00f3n"},"content":{"rendered":"<div class=\"flex_column av_one_full  flex_column_div av-zero-column-padding first  avia-builder-el-0  el_before_av_one_full  avia-builder-el-first  \" style='border-radius:0px; '><div  class='avia-image-container  av-styling-    avia-builder-el-1  avia-builder-el-no-sibling  avia-align-center '  itemprop=\"image\" itemscope=\"itemscope\" itemtype=\"https:\/\/schema.org\/ImageObject\"  ><div class='avia-image-container-inner'><div class='avia-image-overlay-wrap'><img decoding=\"async\" class='wp-image-21368 avia-img-lazy-loading-not-21368 avia_image' src=\"https:\/\/radiorevelacionfm.cl\/wp-content\/uploads\/2022\/09\/305013106_383164673995723_3069047522404139543_n-1_optimized-1.jpeg\" alt='' title='305013106_383164673995723_3069047522404139543_n-(1)_optimized (1)' height=\"600\" width=\"900\"  itemprop=\"thumbnailUrl\" srcset=\"https:\/\/radiorevelacionfm.cl\/wp-content\/uploads\/2022\/09\/305013106_383164673995723_3069047522404139543_n-1_optimized-1.jpeg 900w, https:\/\/radiorevelacionfm.cl\/wp-content\/uploads\/2022\/09\/305013106_383164673995723_3069047522404139543_n-1_optimized-1-300x200.jpeg 300w, https:\/\/radiorevelacionfm.cl\/wp-content\/uploads\/2022\/09\/305013106_383164673995723_3069047522404139543_n-1_optimized-1-768x512.jpeg 768w, https:\/\/radiorevelacionfm.cl\/wp-content\/uploads\/2022\/09\/305013106_383164673995723_3069047522404139543_n-1_optimized-1-705x470.jpeg 705w, https:\/\/radiorevelacionfm.cl\/wp-content\/uploads\/2022\/09\/305013106_383164673995723_3069047522404139543_n-1_optimized-1-600x400.jpeg 600w\" sizes=\"(max-width: 900px) 100vw, 900px\" \/><\/div><\/div><\/div><\/div>\n<div class=\"flex_column av_one_full  flex_column_div av-zero-column-padding first  avia-builder-el-2  el_after_av_one_full  el_before_av_one_full  column-top-margin\" style='border-radius:0px; '><section class=\"av_textblock_section \"  itemscope=\"itemscope\" itemtype=\"https:\/\/schema.org\/BlogPosting\" itemprop=\"blogPost\" ><div class='avia_textblock  '   itemprop=\"text\" ><p style=\"text-align: center;\"><strong><span style=\"font-size: 18pt;\">M\u00e1s de $600 millones destinan para apoyar a peque\u00f1os agricultores afectados por Emergencia Agr\u00edcola en la regi\u00f3n<\/span><\/strong><\/p>\n<div id=\"gtx-trans\" style=\"position: absolute; left: -50px; top: 4.31534px;\">\n<div class=\"gtx-trans-icon\"><\/div>\n<\/div>\n<\/div><\/section><\/div><div class=\"flex_column av_one_full  flex_column_div av-zero-column-padding first  avia-builder-el-4  el_after_av_one_full  el_before_av_hr  column-top-margin\" style='border-radius:0px; '><section class=\"av_textblock_section \"  itemscope=\"itemscope\" itemtype=\"https:\/\/schema.org\/BlogPosting\" itemprop=\"blogPost\" ><div class='avia_textblock  '   itemprop=\"text\" ><p style=\"text-align: justify;\">La relevancia de la gesti\u00f3n conjunta para respaldar el desarrollo productivo del sector rural, destacaron el Ministro de Agricultura, Esteban Valenzuela, y la Gobernadora, Andrea Mac\u00edas, junto al seremi del agro de la regi\u00f3n, Alan Espinoza, tras el acuerdo que permitir\u00e1 apoyar con m\u00e1s de 600 millones de pesos a agricultores\/as afectados por la Emergencia Agr\u00edcola.<\/p>\n<p style=\"text-align: justify;\">\u00abEl Ministerio de Agricultura tiene proyectos importantes con ocho gobiernos regionales, pero con Ays\u00e9n, esto se ha profundizado bajo la gesti\u00f3n de la actual Gobernadora. Tanto los Fondos de Emergencia, como el apoyo que ustedes dan como Gobierno Regional a todos estos proyectos de trabajo de muchas mujeres, particularmente, con apoyo del INFOR, para la recolecci\u00f3n con valor\u00bb, se\u00f1al\u00f3 el Ministro Valenzuela.<\/p>\n<p style=\"text-align: justify;\">Por su parte, la Gobernadora Andrea Mac\u00edas resalt\u00f3 que \u00abeste es un trabajo conjunto entre el Ministerio y el Gobierno Regional que va a estar a disposici\u00f3n de todos los peque\u00f1os agricultores, pero tambi\u00e9n, dentro de eso, el Gobierno Regional ha aportado con $300 millones lo que servir\u00e1 para beneficiar a 9 e las 10 comunas de nuestra regi\u00f3n, que son aquellas donde fue declarada la emergencia\u00bb.<\/p>\n<p style=\"text-align: justify;\">\u00abLa agricultura es un sector fundamental para nuestra regi\u00f3n y como Gobierno Regional, desde hace muchos a\u00f1os, nos hemos comprometido fuertemente con este sector y eso se traduce siempre en la inversi\u00f3n de recursos para poder fortalecer los programas que tiene el Ministerio, pero tambi\u00e9n para crear otros instrumentos que respondan a las necesidades de nuestra regi\u00f3n (&#8230;) para esto es fundamental contar con el apoyo de cada uno de los consejeros y consejeras regionales, que siempre han estado dispuestos a colaborar con el agro y no tengo duda de que vamos a seguir avanzando en esa l\u00ednea y desde ah\u00ed mejorar la agricultura familiar campesina\u00bb, se\u00f1al\u00f3 la Gobernadora.<\/p>\n<p style=\"text-align: justify;\">En este mismo sentido, el ministro Esteban Valenzuela destac\u00f3 el trabajo del Ministerio con la Regi\u00f3n de Ays\u00e9n y dijo que para un mediano y largo plazo \u00abestamos trabajando un proyecto nuevo que tiene que ver con las salas de proceso para generar esta industria alimentaria en todos los polos de la regi\u00f3n de Ays\u00e9n. Es parte de los trabajos que estamos haciendo para ver si pasamos a una escala mayor, que es un convenio de programaci\u00f3n, de c\u00f3mo podremos apalancar $60 mil millones en un sistema mixto para el pr\u00f3ximo quinquenio, que permita que la regi\u00f3n reanime y dinamice su ganader\u00eda para seguir fortaleciendo la soberan\u00eda alimentaria, adem\u00e1s seguir con un plan muy importante de invernaderos y de apoyo a los sistemas de cooperativas\u00bb.<\/p>\n<p style=\"text-align: justify;\">En materia de apoyo a la regi\u00f3n, el titular del agro dijo que \u00abestamos en di\u00e1logo con el ministerio de medio ambiente para poder crear, en las regiones de Magallanes y Ays\u00e9n, un Consejo de \u00c1reas Verdes Protegidas en que est\u00e9n tambi\u00e9n los alcaldes, las comunidades, sea sustentable, sea posible la actividad econ\u00f3mica y el turismo. Son cuestiones fundamentales de la alianza estrat\u00e9gica entre el Ministerio de Agricultura y el Gobierno Regional de Ays\u00e9n\u00bb.<\/p>\n<p style=\"text-align: justify;\"><strong>Encuentro con recolectoras<\/strong><\/p>\n<p style=\"text-align: justify;\">El Ministro Esteban Valenzuela junto al Delegado Presidencial Regional, Rodrigo Araya, tambi\u00e9n se reuni\u00f3 con la Mesa de la Mujer Rural, j\u00f3venes campesinos y con recolectoras beneficiarias del programa FNDR de Productos Forestales no Madereros (PFNM), a trav\u00e9s del cual se les entregan distintas herramientas con la finalidad de generar productos de valor agregado en base a frutos y hongos silvestres que recolectan en la Patagonia.<\/p>\n<p style=\"text-align: justify;\">En la actividad se les entreg\u00f3 una credencial de recolecci\u00f3n sustentable a 16 recolectoras de las localidades de Cisnes, Ma\u00f1ihuales, Puerto Ays\u00e9n y Coyhaique, medida que les permitir\u00e1 mejorar su identificaci\u00f3n y transitar libremente por predios previa autorizaci\u00f3n del propietario.<\/p>\n<\/div><\/section><\/div><\/p>\n<div  style='height:50px' class='hr hr-invisible   avia-builder-el-6  el_after_av_one_full  el_before_av_social_share '><span class='hr-inner ' ><span class='hr-inner-style'><\/span><\/span><\/div>\n<div  class='av-social-sharing-box  avia-builder-el-7  el_after_av_hr  el_before_av_hr  '><div class='av-share-box'><h5 class='av-share-link-description av-no-toc '>Compartir esta noticia<\/h5><ul class='av-share-box-list noLightbox'><li class='av-share-link av-social-link-facebook' ><a target=\"_blank\" aria-label=\"Compartir en Facebook\" href='https:\/\/www.facebook.com\/sharer.php?u=https:\/\/radiorevelacionfm.cl\/?p=21367&#038;t=M%C3%A1s%20de%20%24600%20millones%20destinan%20para%20apoyar%20a%20peque%C3%B1os%20agricultores%20afectados%20por%20Emergencia%20Agr%C3%ADcola%20en%20la%20regi%C3%B3n' aria-hidden='false' data-av_icon='\ue8f3' data-av_iconfont='entypo-fontello' title='' data-avia-related-tooltip='Compartir en Facebook' rel=\"noopener\"><span class='avia_hidden_link_text'>Compartir en Facebook<\/span><\/a><\/li><li class='av-share-link av-social-link-twitter' ><a target=\"_blank\" aria-label=\"Compartir en Twitter\" href='https:\/\/twitter.com\/share?text=M%C3%A1s%20de%20%24600%20millones%20destinan%20para%20apoyar%20a%20peque%C3%B1os%20agricultores%20afectados%20por%20Emergencia%20Agr%C3%ADcola%20en%20la%20regi%C3%B3n&#038;url=https:\/\/radiorevelacionfm.cl\/?p=21367' aria-hidden='false' data-av_icon='\ue8f1' data-av_iconfont='entypo-fontello' title='' data-avia-related-tooltip='Compartir en Twitter' rel=\"noopener\"><span class='avia_hidden_link_text'>Compartir en Twitter<\/span><\/a><\/li><li class='av-share-link av-social-link-whatsapp' ><a target=\"_blank\" aria-label=\"Compartir en Whatsapp\" href='https:\/\/api.whatsapp.com\/send?text=https:\/\/radiorevelacionfm.cl\/?p=21367' aria-hidden='false' data-av_icon='\uf232' data-av_iconfont='entypo-fontello' title='' data-avia-related-tooltip='Compartir en Whatsapp' rel=\"noopener\"><span class='avia_hidden_link_text'>Compartir en Whatsapp<\/span><\/a><\/li><li class='av-share-link av-social-link-linkedin' ><a target=\"_blank\" aria-label=\"Compartir en LinkedIn\" href='https:\/\/linkedin.com\/shareArticle?mini=true&#038;title=M%C3%A1s%20de%20%24600%20millones%20destinan%20para%20apoyar%20a%20peque%C3%B1os%20agricultores%20afectados%20por%20Emergencia%20Agr%C3%ADcola%20en%20la%20regi%C3%B3n&#038;url=https:\/\/radiorevelacionfm.cl\/?p=21367' aria-hidden='false' data-av_icon='\ue8fc' data-av_iconfont='entypo-fontello' title='' data-avia-related-tooltip='Compartir en LinkedIn' rel=\"noopener\"><span class='avia_hidden_link_text'>Compartir en LinkedIn<\/span><\/a><\/li><li class='av-share-link av-social-link-mail' ><a  aria-label=\"Compartir por correo\" href='mailto:?subject=M%C3%A1s%20de%20%24600%20millones%20destinan%20para%20apoyar%20a%20peque%C3%B1os%20agricultores%20afectados%20por%20Emergencia%20Agr%C3%ADcola%20en%20la%20regi%C3%B3n&#038;body=https:\/\/radiorevelacionfm.cl\/?p=21367' aria-hidden='false' data-av_icon='\ue805' data-av_iconfont='entypo-fontello' title='' data-avia-related-tooltip='Compartir por correo'><span class='avia_hidden_link_text'>Compartir por correo<\/span><\/a><\/li><\/ul><\/div><\/div>\n<div  style='height:50px' class='hr hr-invisible   avia-builder-el-8  el_after_av_social_share  el_before_av_comments_list '><span class='hr-inner ' ><span class='hr-inner-style'><\/span><\/span><\/div>\n<div  class='av-buildercomment  av-blog-meta-html-info-disabled av-blog-meta-tag-disabled  '><\/div>\n","protected":false},"excerpt":{"rendered":"","protected":false},"author":1,"featured_media":21368,"comment_status":"open","ping_status":"open","sticky":false,"template":"","format":"standard","meta":{"footnotes":""},"categories":[58],"tags":[],"class_list":["post-21367","post","type-post","status-publish","format-standard","has-post-thumbnail","hentry","category-agricultura"],"jetpack_featured_media_url":"https:\/\/radiorevelacionfm.cl\/wp-content\/uploads\/2022\/09\/305013106_383164673995723_3069047522404139543_n-1_optimized-1.jpeg","_links":{"self":[{"href":"https:\/\/radiorevelacionfm.cl\/index.php?rest_route=\/wp\/v2\/posts\/21367","targetHints":{"allow":["GET"]}}],"collection":[{"href":"https:\/\/radiorevelacionfm.cl\/index.php?rest_route=\/wp\/v2\/posts"}],"about":[{"href":"https:\/\/radiorevelacionfm.cl\/index.php?rest_route=\/wp\/v2\/types\/post"}],"author":[{"embeddable":true,"href":"https:\/\/radiorevelacionfm.cl\/index.php?rest_route=\/wp\/v2\/users\/1"}],"replies":[{"embeddable":true,"href":"https:\/\/radiorevelacionfm.cl\/index.php?rest_route=%2Fwp%2Fv2%2Fcomments&post=21367"}],"version-history":[{"count":3,"href":"https:\/\/radiorevelacionfm.cl\/index.php?rest_route=\/wp\/v2\/posts\/21367\/revisions"}],"predecessor-version":[{"id":21439,"href":"https:\/\/radiorevelacionfm.cl\/index.php?rest_route=\/wp\/v2\/posts\/21367\/revisions\/21439"}],"wp:featuredmedia":[{"embeddable":true,"href":"https:\/\/radiorevelacionfm.cl\/index.php?rest_route=\/wp\/v2\/media\/21368"}],"wp:attachment":[{"href":"https:\/\/radiorevelacionfm.cl\/index.php?rest_route=%2Fwp%2Fv2%2Fmedia&parent=21367"}],"wp:term":[{"taxonomy":"category","embeddable":true,"href":"https:\/\/radiorevelacionfm.cl\/index.php?rest_route=%2Fwp%2Fv2%2Fcategories&post=21367"},{"taxonomy":"post_tag","embeddable":true,"href":"https:\/\/radiorevelacionfm.cl\/index.php?rest_route=%2Fwp%2Fv2%2Ftags&post=21367"}],"curies":[{"name":"wp","href":"https:\/\/api.w.org\/{rel}","templated":true}]}}