{"id":21363,"date":"2022-09-02T15:38:14","date_gmt":"2022-09-02T18:38:14","guid":{"rendered":"https:\/\/radiorevelacionfm.cl\/?p=21363"},"modified":"2022-09-02T15:38:27","modified_gmt":"2022-09-02T18:38:27","slug":"autoridades-laborales-de-aysen-informan-sobre-los-derechos-de-los-trabajadores-en-el-dia-del-plebiscito","status":"publish","type":"post","link":"https:\/\/radiorevelacionfm.cl\/?p=21363","title":{"rendered":"Autoridades laborales de Ays\u00e9n informan sobre los derechos de los trabajadores en el d\u00eda del Plebiscito"},"content":{"rendered":"<div class=\"flex_column av_one_full  flex_column_div av-zero-column-padding first  avia-builder-el-0  el_before_av_one_full  avia-builder-el-first  \" style='border-radius:0px; '><div  class='avia-image-container  av-styling-    avia-builder-el-1  avia-builder-el-no-sibling  avia-align-center '  itemprop=\"image\" itemscope=\"itemscope\" itemtype=\"https:\/\/schema.org\/ImageObject\"  ><div class='avia-image-container-inner'><div class='avia-image-overlay-wrap'><img decoding=\"async\" class='wp-image-21364 avia-img-lazy-loading-not-21364 avia_image' src=\"https:\/\/radiorevelacionfm.cl\/wp-content\/uploads\/2022\/09\/Difusion_DerechoLaboral_Plebiscito_4b-1-1.jpg\" alt='' title='Difusion_DerechoLaboral_Plebiscito_4b (1) (1)' height=\"600\" width=\"853\"  itemprop=\"thumbnailUrl\" srcset=\"https:\/\/radiorevelacionfm.cl\/wp-content\/uploads\/2022\/09\/Difusion_DerechoLaboral_Plebiscito_4b-1-1.jpg 853w, https:\/\/radiorevelacionfm.cl\/wp-content\/uploads\/2022\/09\/Difusion_DerechoLaboral_Plebiscito_4b-1-1-300x211.jpg 300w, https:\/\/radiorevelacionfm.cl\/wp-content\/uploads\/2022\/09\/Difusion_DerechoLaboral_Plebiscito_4b-1-1-768x540.jpg 768w, https:\/\/radiorevelacionfm.cl\/wp-content\/uploads\/2022\/09\/Difusion_DerechoLaboral_Plebiscito_4b-1-1-705x496.jpg 705w, https:\/\/radiorevelacionfm.cl\/wp-content\/uploads\/2022\/09\/Difusion_DerechoLaboral_Plebiscito_4b-1-1-600x422.jpg 600w\" sizes=\"(max-width: 853px) 100vw, 853px\" \/><\/div><\/div><\/div><\/div><div class=\"flex_column av_one_full  flex_column_div av-zero-column-padding first  avia-builder-el-2  el_after_av_one_full  el_before_av_one_full  column-top-margin\" style='border-radius:0px; '><section class=\"av_textblock_section \"  itemscope=\"itemscope\" itemtype=\"https:\/\/schema.org\/BlogPosting\" itemprop=\"blogPost\" ><div class='avia_textblock  '   itemprop=\"text\" ><p style=\"text-align: center;\"><span style=\"font-size: 18pt;\"><strong>Autoridades laborales de Ays\u00e9n informan sobre los derechos de los trabajadores en el d\u00eda del Plebiscito<\/strong><\/span><\/p>\n<div id=\"gtx-trans\" style=\"position: absolute; left: -50px; top: 4.31534px;\">\n<div class=\"gtx-trans-icon\"><\/div>\n<\/div>\n<\/div><\/section><\/div><div class=\"flex_column av_one_full  flex_column_div av-zero-column-padding first  avia-builder-el-4  el_after_av_one_full  el_before_av_hr  column-top-margin\" style='border-radius:0px; '><section class=\"av_textblock_section \"  itemscope=\"itemscope\" itemtype=\"https:\/\/schema.org\/BlogPosting\" itemprop=\"blogPost\" ><div class='avia_textblock  '   itemprop=\"text\" ><p style=\"text-align: justify;\">Con el prop\u00f3sito de difundir el derecho laboral que tienen los trabajadores\/as que les toca laborar este domingo 4 de septiembre, d\u00eda de plebiscito, el Seremi del Trabajo y Previsi\u00f3n Social, Rodrigo D\u00edaz, junto a la Directora regional de la Direcci\u00f3n del Trabajo, Victoria Sierra, realizaron un recorrido por el comercio de Coyhaique, informando y aclarando las dudas de los trabajadores\/as.<\/p>\n<p style=\"text-align: justify;\">\u201cHacemos el llamado como Gobierno y como Ministerio del Trabajo y Previsi\u00f3n Social a los empleadores para que den todas las facilidades para que los trabajadores puedan concurrir a votar. En esta oportunidad recordemos que esta votaci\u00f3n es con voto obligatorio, por lo tanto, las empresas y los empleadores que no den las facilidades a los trabajadores para ir a votar, pueden caer en multas que alcanzan los $3 millones, as\u00ed que les pedimos a todos que cooperen, es una instancia importante para nuestro pa\u00eds y les pedimos que den todas las facilidades a los trabajadores para que puedan ir a votar\u201d, mencion\u00f3 el Seremi Rodrigo D\u00edaz.<\/p>\n<p style=\"text-align: justify;\">Por su parte, desde la Direcci\u00f3n del trabajo, su directora regional, Victoria Sierra, explic\u00f3 este derecho laboral para quienes tengan que trabajar ese d\u00eda o fueron seleccionados como vocales de mesa, \u201cEste domingo, como trabajador en la Regi\u00f3n de Ays\u00e9n tienes derecho a dos horas de permiso para ir a votar, dos horas que tu empleador debe otorgarte, darte todas las facilidades y no te puede descontar de tu remuneraci\u00f3n. Igualmente, si fuiste elegido vocal de mesa, tiene que otorgarte el permiso por el d\u00eda por ser vocal de mesa y tampoco puede afectar la remuneraci\u00f3n de ese d\u00eda\u201d.<\/p>\n<p style=\"text-align: justify;\">Con respecto a las orientaciones y denuncias, afirm\u00f3 \u201cCualquier duda que tengas, por favor, hazla saber al n\u00famero 600 450 4000 o ingresa tu denuncia en <a href=\"http:\/\/www.direcciondeltrabajo.cl\">www.direcciondeltrabajo.cl<\/a>. Igualmente, estaremos con turnos de atenci\u00f3n ese d\u00eda, en las Inspecciones de Coyhaique, Puerto Ays\u00e9n y Cisnes, entre 9:00 y 14:00 para recibir tu denuncia si es que no te otorgan el permiso\u201d, detall\u00f3 la directora.<\/p>\n<p style=\"text-align: justify;\">Las autoridades recordaron que esta votaci\u00f3n es obligatoria, llamaron a revisar su registro y lugar de votaci\u00f3n en www.servel.cl y que el permiso para votar, seg\u00fan el Dictamen de la Direcci\u00f3n del Trabajo, es de al menos dos horas.<\/p>\n<p style=\"text-align: justify;\">Una de las trabajadoras del comercio con quienes conversaron las autoridades, fue Jacqueline Mart\u00ednez, quien agradeci\u00f3 la informaci\u00f3n, \u201cMuchas veces la gente no sabe esto, que es un derecho y una obligaci\u00f3n, que tenemos que ir, as\u00ed que est\u00e1 s\u00faper bien la informaci\u00f3n. Nosotros nos acomodamos con la gente, nos vamos cubriendo los turnos\u201d, mencion\u00f3.<\/p>\n<p style=\"text-align: justify;\"><strong><u>Permiso para acudir a votar <\/u><\/strong><\/p>\n<p style=\"text-align: justify;\">Respecto del permiso para sufragar, la DT fiscalizar\u00e1 lo siguiente:<\/p>\n<ul style=\"text-align: justify;\">\n<li><strong>Otorgamiento de permiso de dos horas para sufragar a aquellos trabajadores que deban laborar ese d\u00eda. <\/strong>Si esto no se respeta se arriesgan sanciones de entre 3 y 60 Unidades Tributarias Mensuales por infracci\u00f3n. Es decir, fluctuar\u00e1n entre los $178.785 y los $3.575.700, dependiendo de si la empresa es micro, peque\u00f1a, mediana o grande.<\/li>\n<li><strong>Otorgamiento de permiso laboral a los trabajadores designados como vocales de mesa, miembros de colegios escrutadores o delegados de la Junta Electoral.<\/strong> Las multas aplicables son las mismas del caso anterior.<\/li>\n<\/ul>\n<p style=\"text-align: justify;\">Los permisos correspondientes deben otorgarse sin descuentos remuneracionales, norma que, de no cumplirse, implica los mismos montos de multas ya citados.<\/p>\n<\/div><\/section><\/div><div  style='height:50px' class='hr hr-invisible   avia-builder-el-6  el_after_av_one_full  el_before_av_social_share '><span class='hr-inner ' ><span class='hr-inner-style'><\/span><\/span><\/div><\/p>\n<div  class='av-social-sharing-box  avia-builder-el-7  el_after_av_hr  el_before_av_hr  '><div class='av-share-box'><h5 class='av-share-link-description av-no-toc '>Compartir esta noticia<\/h5><ul class='av-share-box-list noLightbox'><li class='av-share-link av-social-link-facebook' ><a target=\"_blank\" aria-label=\"Compartir en Facebook\" href='https:\/\/www.facebook.com\/sharer.php?u=https:\/\/radiorevelacionfm.cl\/?p=21363&#038;t=Autoridades%20laborales%20de%20Ays%C3%A9n%20informan%20sobre%20los%20derechos%20de%20los%20trabajadores%20en%20el%20d%C3%ADa%20del%20Plebiscito' aria-hidden='false' data-av_icon='\ue8f3' data-av_iconfont='entypo-fontello' title='' data-avia-related-tooltip='Compartir en Facebook' rel=\"noopener\"><span class='avia_hidden_link_text'>Compartir en Facebook<\/span><\/a><\/li><li class='av-share-link av-social-link-twitter' ><a target=\"_blank\" aria-label=\"Compartir en Twitter\" href='https:\/\/twitter.com\/share?text=Autoridades%20laborales%20de%20Ays%C3%A9n%20informan%20sobre%20los%20derechos%20de%20los%20trabajadores%20en%20el%20d%C3%ADa%20del%20Plebiscito&#038;url=https:\/\/radiorevelacionfm.cl\/?p=21363' aria-hidden='false' data-av_icon='\ue8f1' data-av_iconfont='entypo-fontello' title='' data-avia-related-tooltip='Compartir en Twitter' rel=\"noopener\"><span class='avia_hidden_link_text'>Compartir en Twitter<\/span><\/a><\/li><li class='av-share-link av-social-link-whatsapp' ><a target=\"_blank\" aria-label=\"Compartir en Whatsapp\" href='https:\/\/api.whatsapp.com\/send?text=https:\/\/radiorevelacionfm.cl\/?p=21363' aria-hidden='false' data-av_icon='\uf232' data-av_iconfont='entypo-fontello' title='' data-avia-related-tooltip='Compartir en Whatsapp' rel=\"noopener\"><span class='avia_hidden_link_text'>Compartir en Whatsapp<\/span><\/a><\/li><li class='av-share-link av-social-link-linkedin' ><a target=\"_blank\" aria-label=\"Compartir en LinkedIn\" href='https:\/\/linkedin.com\/shareArticle?mini=true&#038;title=Autoridades%20laborales%20de%20Ays%C3%A9n%20informan%20sobre%20los%20derechos%20de%20los%20trabajadores%20en%20el%20d%C3%ADa%20del%20Plebiscito&#038;url=https:\/\/radiorevelacionfm.cl\/?p=21363' aria-hidden='false' data-av_icon='\ue8fc' data-av_iconfont='entypo-fontello' title='' data-avia-related-tooltip='Compartir en LinkedIn' rel=\"noopener\"><span class='avia_hidden_link_text'>Compartir en LinkedIn<\/span><\/a><\/li><li class='av-share-link av-social-link-mail' ><a  aria-label=\"Compartir por correo\" href='mailto:?subject=Autoridades%20laborales%20de%20Ays%C3%A9n%20informan%20sobre%20los%20derechos%20de%20los%20trabajadores%20en%20el%20d%C3%ADa%20del%20Plebiscito&#038;body=https:\/\/radiorevelacionfm.cl\/?p=21363' aria-hidden='false' data-av_icon='\ue805' data-av_iconfont='entypo-fontello' title='' data-avia-related-tooltip='Compartir por correo'><span class='avia_hidden_link_text'>Compartir por correo<\/span><\/a><\/li><\/ul><\/div><\/div>\n<div  style='height:50px' class='hr hr-invisible   avia-builder-el-8  el_after_av_social_share  el_before_av_comments_list '><span class='hr-inner ' ><span class='hr-inner-style'><\/span><\/span><\/div>\n<div  class='av-buildercomment  av-blog-meta-html-info-disabled av-blog-meta-tag-disabled  '><\/div>\n","protected":false},"excerpt":{"rendered":"","protected":false},"author":1,"featured_media":21364,"comment_status":"open","ping_status":"open","sticky":false,"template":"","format":"standard","meta":{"footnotes":""},"categories":[56],"tags":[],"class_list":["post-21363","post","type-post","status-publish","format-standard","has-post-thumbnail","hentry","category-trabajo"],"jetpack_featured_media_url":"https:\/\/radiorevelacionfm.cl\/wp-content\/uploads\/2022\/09\/Difusion_DerechoLaboral_Plebiscito_4b-1-1.jpg","_links":{"self":[{"href":"https:\/\/radiorevelacionfm.cl\/index.php?rest_route=\/wp\/v2\/posts\/21363","targetHints":{"allow":["GET"]}}],"collection":[{"href":"https:\/\/radiorevelacionfm.cl\/index.php?rest_route=\/wp\/v2\/posts"}],"about":[{"href":"https:\/\/radiorevelacionfm.cl\/index.php?rest_route=\/wp\/v2\/types\/post"}],"author":[{"embeddable":true,"href":"https:\/\/radiorevelacionfm.cl\/index.php?rest_route=\/wp\/v2\/users\/1"}],"replies":[{"embeddable":true,"href":"https:\/\/radiorevelacionfm.cl\/index.php?rest_route=%2Fwp%2Fv2%2Fcomments&post=21363"}],"version-history":[{"count":2,"href":"https:\/\/radiorevelacionfm.cl\/index.php?rest_route=\/wp\/v2\/posts\/21363\/revisions"}],"predecessor-version":[{"id":21393,"href":"https:\/\/radiorevelacionfm.cl\/index.php?rest_route=\/wp\/v2\/posts\/21363\/revisions\/21393"}],"wp:featuredmedia":[{"embeddable":true,"href":"https:\/\/radiorevelacionfm.cl\/index.php?rest_route=\/wp\/v2\/media\/21364"}],"wp:attachment":[{"href":"https:\/\/radiorevelacionfm.cl\/index.php?rest_route=%2Fwp%2Fv2%2Fmedia&parent=21363"}],"wp:term":[{"taxonomy":"category","embeddable":true,"href":"https:\/\/radiorevelacionfm.cl\/index.php?rest_route=%2Fwp%2Fv2%2Fcategories&post=21363"},{"taxonomy":"post_tag","embeddable":true,"href":"https:\/\/radiorevelacionfm.cl\/index.php?rest_route=%2Fwp%2Fv2%2Ftags&post=21363"}],"curies":[{"name":"wp","href":"https:\/\/api.w.org\/{rel}","templated":true}]}}