{"id":21352,"date":"2022-09-02T11:25:30","date_gmt":"2022-09-02T14:25:30","guid":{"rendered":"https:\/\/radiorevelacionfm.cl\/?p=21352"},"modified":"2022-09-02T11:25:31","modified_gmt":"2022-09-02T14:25:31","slug":"mujeres-examinan-el-liderazgo-y-las-diversidades-sexuales-desde-un-enfoque-de-derecho-en-taller-de-sernameg","status":"publish","type":"post","link":"https:\/\/radiorevelacionfm.cl\/?p=21352","title":{"rendered":"Mujeres examinan el liderazgo y las diversidades sexuales desde un enfoque de derecho en taller de SernamEG"},"content":{"rendered":"<div class=\"flex_column av_one_full  flex_column_div av-zero-column-padding first  avia-builder-el-0  el_before_av_one_full  avia-builder-el-first  \" style='border-radius:0px; '><div  class='avia-image-container  av-styling-    avia-builder-el-1  avia-builder-el-no-sibling  avia-align-center '  itemprop=\"image\" itemscope=\"itemscope\" itemtype=\"https:\/\/schema.org\/ImageObject\"  ><div class='avia-image-container-inner'><div class='avia-image-overlay-wrap'><img decoding=\"async\" class='wp-image-21353 avia-img-lazy-loading-not-21353 avia_image' src=\"https:\/\/radiorevelacionfm.cl\/wp-content\/uploads\/2022\/09\/as-virtual-mpp-sernameg-1-1-1_optimized-1_optimized-1.jpg\" alt='' title='as-virtual-mpp-sernameg-(1)-(1)-(1)_optimized-(1)_optimized (1)' height=\"600\" width=\"1420\"  itemprop=\"thumbnailUrl\" srcset=\"https:\/\/radiorevelacionfm.cl\/wp-content\/uploads\/2022\/09\/as-virtual-mpp-sernameg-1-1-1_optimized-1_optimized-1.jpg 1420w, https:\/\/radiorevelacionfm.cl\/wp-content\/uploads\/2022\/09\/as-virtual-mpp-sernameg-1-1-1_optimized-1_optimized-1-300x127.jpg 300w, https:\/\/radiorevelacionfm.cl\/wp-content\/uploads\/2022\/09\/as-virtual-mpp-sernameg-1-1-1_optimized-1_optimized-1-1030x435.jpg 1030w, https:\/\/radiorevelacionfm.cl\/wp-content\/uploads\/2022\/09\/as-virtual-mpp-sernameg-1-1-1_optimized-1_optimized-1-768x325.jpg 768w, https:\/\/radiorevelacionfm.cl\/wp-content\/uploads\/2022\/09\/as-virtual-mpp-sernameg-1-1-1_optimized-1_optimized-1-705x298.jpg 705w, https:\/\/radiorevelacionfm.cl\/wp-content\/uploads\/2022\/09\/as-virtual-mpp-sernameg-1-1-1_optimized-1_optimized-1-600x254.jpg 600w\" sizes=\"(max-width: 1420px) 100vw, 1420px\" \/><\/div><\/div><\/div><\/div><div class=\"flex_column av_one_full  flex_column_div av-zero-column-padding first  avia-builder-el-2  el_after_av_one_full  el_before_av_one_full  column-top-margin\" style='border-radius:0px; '><section class=\"av_textblock_section \"  itemscope=\"itemscope\" itemtype=\"https:\/\/schema.org\/BlogPosting\" itemprop=\"blogPost\" ><div class='avia_textblock  '   itemprop=\"text\" ><p style=\"text-align: center;\"><strong><span style=\"font-size: 18pt;\">Mujeres examinan el liderazgo y las diversidades sexuales desde un enfoque de derecho en taller de SernamEG<\/span><\/strong><\/p>\n<div id=\"gtx-trans\" style=\"position: absolute; left: -50px; top: 4.31534px;\">\n<div class=\"gtx-trans-icon\"><\/div>\n<\/div>\n<\/div><\/section><\/div><div class=\"flex_column av_one_full  flex_column_div av-zero-column-padding first  avia-builder-el-4  el_after_av_one_full  el_before_av_hr  column-top-margin\" style='border-radius:0px; '><section class=\"av_textblock_section \"  itemscope=\"itemscope\" itemtype=\"https:\/\/schema.org\/BlogPosting\" itemprop=\"blogPost\" ><div class='avia_textblock  '   itemprop=\"text\" ><p class=\"v1MsoNormal\" style=\"text-align: justify;\">Cerca de 30 personas asistieron a la primera actividad de sensibilizaci\u00f3n de car\u00e1cter virtual del programa Mujer y Participaci\u00f3n Pol\u00edtica del Servicio Nacional de la Mujer y la Equidad de G\u00e9nero, SernamEG. Este\u00a0<span lang=\"ES\">a\u00f1o la ejecuci\u00f3n est\u00e1 a cargo de la ONG Centro del Desarrollo de la Mujer DOMOS.\u00a0<\/span>El taller denominado \u00abLiderazgo: Mujer, Diversidad Sexual y de G\u00e9nero\u00bb tuvo como objetivo el reflexionar sobre la importancia de incluir el enfoque de derecho en las organizaciones sociales, pol\u00edticas y educativas.<\/p>\n<p class=\"v1MsoNormal\" style=\"text-align: justify;\">Las personas que expusieron en la actividad fueron el profesional de la Unidad de G\u00e9nero del Ministerio de Educaci\u00f3n, MINEDUC, profesor de filosof\u00eda, mag\u00edster en g\u00e9nero y cultura, Mauricio Manquepill\u00e1n Pi\u00f1eiro. Asimismo, la Directora de DOMOS, profesora con menci\u00f3n en filosof\u00eda, diplomada en pol\u00edticas p\u00fablicas para la igualdad de g\u00e9nero y analista experta en transversalidad de g\u00e9nero, Victoria Vega Vallejos.<\/p>\n<p class=\"v1MsoNormal\" style=\"text-align: justify;\">La Directora Regional (s) de SernamEG, Carla Arriagada Malague\u00f1o, destac\u00f3 que \u00abel programa Mujer y Participaci\u00f3n Pol\u00edtica est\u00e1 desarrollando actividades de sensibilizaci\u00f3n de car\u00e1cter virtual y presencial. Ya nos reunimos anteriormente en Coyhaique y, en esta ocasi\u00f3n, decidimos organizar este taller virtual, porque nos permite llegar a mujeres que est\u00e1n en distintos puntos de la Regi\u00f3n.\u00a0 Abordamos el desaf\u00edo que implica para las organizaciones pol\u00edticas y de la sociedad civil, dejar a un lado la l\u00f3gica androc\u00e9ntrica y patriarcal e incluir el enfoque de derecho que justamente responde a los desaf\u00edos que implica abordar el g\u00e9nero y las diversidades sexo gen\u00e9ricas\u00bb.<\/p>\n<p class=\"v1MsoNormal\" style=\"text-align: justify;\">Una de las asistentes al taller telem\u00e1tico, Javiera Beltr\u00e1n Varas, sostuvo que \u00abme inscrib\u00ed ya que estoy representando al Cuerpo de Bomberos de Coyhaique, en espec\u00edfico a la Comisi\u00f3n de Equidad de G\u00e9nero. Desde hace un tiempo, venimos trabajando en los reglamentos y con las voluntarias del sector urbano y rural. Hemos solicitado apoyo a SernamEG con la finalidad de integrar conocimientos como la identidad de g\u00e9nero, poni\u00e9ndolos a disposici\u00f3n de la Instituci\u00f3n para lograr una convivencia bomberil sin abusos y discriminaci\u00f3n entre todos nuestros pares\u00bb.<\/p>\n<p class=\"v1MsoNormal\" style=\"text-align: justify;\">Por su parte, la tutora de Residencia Familiar Estudiantil, Jessica Saavedra P\u00e9rez, dijo: \u00abme interes\u00f3 participar en el taller, porque siempre se reciben consultas de j\u00f3venes, entonces esta instancia me sirve para estar m\u00e1s preparada y pueda darles una respuesta. La actividad estuvo muy buena y entretenida; as\u00ed que invito a las mujeres a que se atrevan a asistir a estos cursos ya que siempre una puede aprender algo m\u00e1s\u00bb.<\/p>\n<p class=\"v1MsoNormal\" style=\"text-align: justify;\">Algunas de las tem\u00e1ticas tratadas en la actividad de sensibilizaci\u00f3n \u00abLiderazgo: Mujer, Diversidad Sexual y de G\u00e9nero\u00bb fueron las identidades de g\u00e9nero, construcci\u00f3n cultural y organizaci\u00f3n social de las feminidades y masculinidades, expresiones de g\u00e9nero, orientaciones sexoafectivas y estilos de liderazgo. Asimismo, se revis\u00f3 la Ley 21.120 que estipula el derecho a las identidades de g\u00e9nero, la que consiste en la facultad de toda persona, cuya identidad de g\u00e9nero no coincida con su sexo y nombre registral, de solicitar la rectificaci\u00f3n de \u00e9stos.<\/p>\n<div style=\"text-align: justify;\"><span lang=\"ES\">Las inscripciones a las actividades de sensibilizaci\u00f3n del Programa Mujer y Participaci\u00f3n Pol\u00edtica son a trav\u00e9s del sitio web del SernamEG (<a href=\"http:\/\/www.sernameg.gob.cl\/\" target=\"_blank\" rel=\"noopener noreferrer\">www.sernameg.gob.cl<\/a>). Los talleres en formato h\u00edbrido abordan tres temas distintos, uno de ellos es \u00abLiderazgos y participaci\u00f3n de las mujeres en \u00e1reas no tradicionales\u00bb, tales como espacios acad\u00e9micos y laborales vinculados a las Ciencias, Tecnolog\u00edas, Ingenier\u00edas, Matem\u00e1ticas, Miner\u00eda, entre otros. Otro corresponde a <\/span>\u00abLiderazgo: Mujer, Diversidad Sexual y de G\u00e9nero\u00bb\u00a0<span lang=\"ES\">que apunta a destacar las potencialidades y desaf\u00edos de los movimientos reivindicativos de la diversidad de g\u00e9nero en la sociedad actual. Finalmente, la tercera tem\u00e1tica es \u00abRetrocesos por la pandemia COVID &#8211; 19 en la autonom\u00eda pol\u00edtica y social de las mujeres\u00bb.<\/span><\/div>\n<\/div><\/section><\/div><div  style='height:50px' class='hr hr-invisible   avia-builder-el-6  el_after_av_one_full  el_before_av_social_share '><span class='hr-inner ' ><span class='hr-inner-style'><\/span><\/span><\/div><\/p>\n<div  class='av-social-sharing-box  avia-builder-el-7  el_after_av_hr  el_before_av_hr  '><div class='av-share-box'><h5 class='av-share-link-description av-no-toc '>Compartir esta noticia<\/h5><ul class='av-share-box-list noLightbox'><li class='av-share-link av-social-link-facebook' ><a target=\"_blank\" aria-label=\"Compartir en Facebook\" href='https:\/\/www.facebook.com\/sharer.php?u=https:\/\/radiorevelacionfm.cl\/?p=21352&#038;t=Mujeres%20examinan%20el%20liderazgo%20y%20las%20diversidades%20sexuales%20desde%20un%20enfoque%20de%20derecho%20en%20taller%20de%20SernamEG' aria-hidden='false' data-av_icon='\ue8f3' data-av_iconfont='entypo-fontello' title='' data-avia-related-tooltip='Compartir en Facebook' rel=\"noopener\"><span class='avia_hidden_link_text'>Compartir en Facebook<\/span><\/a><\/li><li class='av-share-link av-social-link-twitter' ><a target=\"_blank\" aria-label=\"Compartir en Twitter\" href='https:\/\/twitter.com\/share?text=Mujeres%20examinan%20el%20liderazgo%20y%20las%20diversidades%20sexuales%20desde%20un%20enfoque%20de%20derecho%20en%20taller%20de%20SernamEG&#038;url=https:\/\/radiorevelacionfm.cl\/?p=21352' aria-hidden='false' data-av_icon='\ue8f1' data-av_iconfont='entypo-fontello' title='' data-avia-related-tooltip='Compartir en Twitter' rel=\"noopener\"><span class='avia_hidden_link_text'>Compartir en Twitter<\/span><\/a><\/li><li class='av-share-link av-social-link-whatsapp' ><a target=\"_blank\" aria-label=\"Compartir en Whatsapp\" href='https:\/\/api.whatsapp.com\/send?text=https:\/\/radiorevelacionfm.cl\/?p=21352' aria-hidden='false' data-av_icon='\uf232' data-av_iconfont='entypo-fontello' title='' data-avia-related-tooltip='Compartir en Whatsapp' rel=\"noopener\"><span class='avia_hidden_link_text'>Compartir en Whatsapp<\/span><\/a><\/li><li class='av-share-link av-social-link-linkedin' ><a target=\"_blank\" aria-label=\"Compartir en LinkedIn\" href='https:\/\/linkedin.com\/shareArticle?mini=true&#038;title=Mujeres%20examinan%20el%20liderazgo%20y%20las%20diversidades%20sexuales%20desde%20un%20enfoque%20de%20derecho%20en%20taller%20de%20SernamEG&#038;url=https:\/\/radiorevelacionfm.cl\/?p=21352' aria-hidden='false' data-av_icon='\ue8fc' data-av_iconfont='entypo-fontello' title='' data-avia-related-tooltip='Compartir en LinkedIn' rel=\"noopener\"><span class='avia_hidden_link_text'>Compartir en LinkedIn<\/span><\/a><\/li><li class='av-share-link av-social-link-mail' ><a  aria-label=\"Compartir por correo\" href='mailto:?subject=Mujeres%20examinan%20el%20liderazgo%20y%20las%20diversidades%20sexuales%20desde%20un%20enfoque%20de%20derecho%20en%20taller%20de%20SernamEG&#038;body=https:\/\/radiorevelacionfm.cl\/?p=21352' aria-hidden='false' data-av_icon='\ue805' data-av_iconfont='entypo-fontello' title='' data-avia-related-tooltip='Compartir por correo'><span class='avia_hidden_link_text'>Compartir por correo<\/span><\/a><\/li><\/ul><\/div><\/div>\n<div  style='height:50px' class='hr hr-invisible   avia-builder-el-8  el_after_av_social_share  el_before_av_comments_list '><span class='hr-inner ' ><span class='hr-inner-style'><\/span><\/span><\/div>\n<div  class='av-buildercomment  av-blog-meta-html-info-disabled av-blog-meta-tag-disabled  '><\/div>\n","protected":false},"excerpt":{"rendered":"","protected":false},"author":1,"featured_media":21353,"comment_status":"open","ping_status":"open","sticky":false,"template":"","format":"standard","meta":{"footnotes":""},"categories":[38],"tags":[],"class_list":["post-21352","post","type-post","status-publish","format-standard","has-post-thumbnail","hentry","category-regional"],"jetpack_featured_media_url":"https:\/\/radiorevelacionfm.cl\/wp-content\/uploads\/2022\/09\/as-virtual-mpp-sernameg-1-1-1_optimized-1_optimized-1.jpg","_links":{"self":[{"href":"https:\/\/radiorevelacionfm.cl\/index.php?rest_route=\/wp\/v2\/posts\/21352","targetHints":{"allow":["GET"]}}],"collection":[{"href":"https:\/\/radiorevelacionfm.cl\/index.php?rest_route=\/wp\/v2\/posts"}],"about":[{"href":"https:\/\/radiorevelacionfm.cl\/index.php?rest_route=\/wp\/v2\/types\/post"}],"author":[{"embeddable":true,"href":"https:\/\/radiorevelacionfm.cl\/index.php?rest_route=\/wp\/v2\/users\/1"}],"replies":[{"embeddable":true,"href":"https:\/\/radiorevelacionfm.cl\/index.php?rest_route=%2Fwp%2Fv2%2Fcomments&post=21352"}],"version-history":[{"count":2,"href":"https:\/\/radiorevelacionfm.cl\/index.php?rest_route=\/wp\/v2\/posts\/21352\/revisions"}],"predecessor-version":[{"id":21383,"href":"https:\/\/radiorevelacionfm.cl\/index.php?rest_route=\/wp\/v2\/posts\/21352\/revisions\/21383"}],"wp:featuredmedia":[{"embeddable":true,"href":"https:\/\/radiorevelacionfm.cl\/index.php?rest_route=\/wp\/v2\/media\/21353"}],"wp:attachment":[{"href":"https:\/\/radiorevelacionfm.cl\/index.php?rest_route=%2Fwp%2Fv2%2Fmedia&parent=21352"}],"wp:term":[{"taxonomy":"category","embeddable":true,"href":"https:\/\/radiorevelacionfm.cl\/index.php?rest_route=%2Fwp%2Fv2%2Fcategories&post=21352"},{"taxonomy":"post_tag","embeddable":true,"href":"https:\/\/radiorevelacionfm.cl\/index.php?rest_route=%2Fwp%2Fv2%2Ftags&post=21352"}],"curies":[{"name":"wp","href":"https:\/\/api.w.org\/{rel}","templated":true}]}}