{"id":21349,"date":"2022-09-02T10:38:21","date_gmt":"2022-09-02T13:38:21","guid":{"rendered":"https:\/\/radiorevelacionfm.cl\/?p=21349"},"modified":"2022-09-02T10:38:21","modified_gmt":"2022-09-02T13:38:21","slug":"fiscalizan-que-parrillas-a-la-venta-sean-seguras-en-el-inicio-del-mes-de-la-patria","status":"publish","type":"post","link":"https:\/\/radiorevelacionfm.cl\/?p=21349","title":{"rendered":"Fiscalizan que parrillas a la venta sean seguras en el inicio del Mes de la Patria"},"content":{"rendered":"<div class=\"flex_column av_one_full  flex_column_div av-zero-column-padding first  avia-builder-el-0  el_before_av_one_full  avia-builder-el-first  \" style='border-radius:0px; '><div  class='avia-image-container  av-styling-    avia-builder-el-1  avia-builder-el-no-sibling  avia-align-center '  itemprop=\"image\" itemscope=\"itemscope\" itemtype=\"https:\/\/schema.org\/ImageObject\"  ><div class='avia-image-container-inner'><div class='avia-image-overlay-wrap'><img decoding=\"async\" class='wp-image-21350 avia-img-lazy-loading-not-21350 avia_image' src=\"https:\/\/radiorevelacionfm.cl\/wp-content\/uploads\/2022\/09\/neaa5226-1_optimized.jpg\" alt='' title='neaa5226-(1)_optimized' height=\"600\" width=\"799\"  itemprop=\"thumbnailUrl\" srcset=\"https:\/\/radiorevelacionfm.cl\/wp-content\/uploads\/2022\/09\/neaa5226-1_optimized.jpg 799w, https:\/\/radiorevelacionfm.cl\/wp-content\/uploads\/2022\/09\/neaa5226-1_optimized-300x225.jpg 300w, https:\/\/radiorevelacionfm.cl\/wp-content\/uploads\/2022\/09\/neaa5226-1_optimized-768x577.jpg 768w, https:\/\/radiorevelacionfm.cl\/wp-content\/uploads\/2022\/09\/neaa5226-1_optimized-705x529.jpg 705w, https:\/\/radiorevelacionfm.cl\/wp-content\/uploads\/2022\/09\/neaa5226-1_optimized-600x451.jpg 600w\" sizes=\"(max-width: 799px) 100vw, 799px\" \/><\/div><\/div><\/div><\/div><div class=\"flex_column av_one_full  flex_column_div av-zero-column-padding first  avia-builder-el-2  el_after_av_one_full  el_before_av_one_full  column-top-margin\" style='border-radius:0px; '><section class=\"av_textblock_section \"  itemscope=\"itemscope\" itemtype=\"https:\/\/schema.org\/BlogPosting\" itemprop=\"blogPost\" ><div class='avia_textblock  '   itemprop=\"text\" ><p style=\"text-align: center;\"><strong><span style=\"font-size: 18pt;\">Fiscalizan que parrillas a la venta sean seguras en el inicio del Mes de la Patria<\/span><\/strong><\/p>\n<div id=\"gtx-trans\" style=\"position: absolute; left: -50px; top: 4.31534px;\">\n<div class=\"gtx-trans-icon\"><\/div>\n<\/div>\n<\/div><\/section><\/div><div class=\"flex_column av_one_full  flex_column_div av-zero-column-padding first  avia-builder-el-4  el_after_av_one_full  el_before_av_hr  column-top-margin\" style='border-radius:0px; '><section class=\"av_textblock_section \"  itemscope=\"itemscope\" itemtype=\"https:\/\/schema.org\/BlogPosting\" itemprop=\"blogPost\" ><div class='avia_textblock  '   itemprop=\"text\" ><p style=\"text-align: justify;\">El Seremi de Energ\u00eda de Ays\u00e9n, Carlos D\u00edaz, junto al Director Regional de la Superintendencia de Electricidad y Combustibles (SEC), Hugo Ardiles, llegaron hasta la tienda de Homecenter Sodimac, a fin de verificar que solo se est\u00e9n comercializando parrillas el\u00e9ctricas y a gas debidamente certificadas, esto para aminorar la posibilidad de eventuales accidentes caseros, en el inicio del Mes de la Patria, fecha en que aumenta considerablemente su uso.<\/p>\n<p style=\"text-align: justify;\">Las autoridades regionales junto a la fiscalizadora SEC, revisaron que todas las parrillas que se estaban comercializando en el lugar, tuvieran su SELLO SEC a la vista, etiqueta que certifica que dichos productos superaron una serie de pruebas de seguridad. Dicho SELLO contiene adem\u00e1s un C\u00f3digo QR, con informaci\u00f3n sobre la certificaci\u00f3n del producto, la que puede ser le\u00edda por cualquier smartphone.<\/p>\n<p style=\"text-align: justify;\">Adem\u00e1s, se revis\u00f3 el rotulado que deben tener los reguladores y flexibles (mangueras) de las parrillas a gas, tras lo cual entregaron una serie de recomendaciones.<\/p>\n<p style=\"text-align: justify;\">Al respecto el Seremi D\u00edaz se\u00f1al\u00f3 que \u201ces muy importante fijarse siempre que se adquiera una parrilla, ya sea el\u00e9ctrica o a gas, que estas est\u00e9n certificadas y tengan el sello SEC, porque es la \u00fanica manera de saber que estamos frente a equipos que han superado una serie de pruebas de seguridad. Este 2022 ya son casi medio mill\u00f3n de parrillas que han sido certificadas por la SEC, lo que da cuenta del masivo uso de estos equipos. En ese sentido, queremos hacer un llamado a la comunidad regional para que tengan una conducta preventiva y de autocuidado en el uso de estos productos y as\u00ed puedan disfrutar de unas fiestas patrias seguras\u201d.<\/p>\n<p style=\"text-align: justify;\">Seg\u00fan datos de la SEC, son casi 490 mil las parrillas el\u00e9ctricas y a gas que ya han sido certificadas entre enero y julio de este a\u00f1o, lo que da cuenta de su masiva venta y uso por parte de las familias, a lo largo del pa\u00eds. De estas, 437.789 son el\u00e9ctricas y 51.214 a gas.<\/p>\n<p style=\"text-align: justify;\">La certificaci\u00f3n, y posterior venta de parrillas el\u00e9ctricas ha ido en un constante aumento, desde las 295.226 certificadas en 2017, hasta las 477.343 que se certificaron el a\u00f1o pasado, lo que significa un aumento de un 62% en cuatro a\u00f1os. Por su parte, las que funcionan con gas licuado tambi\u00e9n han experimentado un crecimiento, pasando de 40.358, en el 2017, a 75.952 durante el a\u00f1o pasado, lo que implica un crecimiento de un 88% en el mismo per\u00edodo.<\/p>\n<p style=\"text-align: justify;\">El Director Regional SEC indic\u00f3 que \u201cpara las personas que vayan a utilizar en estas fiestas patrias que se avecinan parrillas el\u00e9ctricas o a gas, lo importante es decirles que deben revisar estos artefactos antes de uso, incluir dentro de esta revisi\u00f3n la manguera flexible que tiene fecha de vencimiento, tambi\u00e9n la revisi\u00f3n de los reguladores. El cilindro de gas nunca ponerlo debajo de la parrilla de los quemadores, sino que siempre a un costado. En el caso de la parrilla sea el\u00e9ctrica, esta debe estar conectada directamente a la red y si ello no es posible, el llamado es a usar solo alargadores que cuenten con su SELLO SEC, para as\u00ed de esta manera garantizar que su uso es un<\/p>\n<p style=\"text-align: justify;\">La Superintendencia de Electricidad y Combustibles (SEC), se encuentra realizando un completo programa de fiscalizaci\u00f3n a lo largo del pa\u00eds, a fin de verificar que solo se est\u00e9n comercializando parrillas el\u00e9ctricas y a gas debidamente certificadas, esto para aminorar la posibilidad de eventuales accidentes caseros, a inicio del Mes de la Patria, fecha en que aumenta considerablemente su uso.<\/p>\n<\/div><\/section><\/div><div  style='height:50px' class='hr hr-invisible   avia-builder-el-6  el_after_av_one_full  el_before_av_social_share '><span class='hr-inner ' ><span class='hr-inner-style'><\/span><\/span><\/div><\/p>\n<div  class='av-social-sharing-box  avia-builder-el-7  el_after_av_hr  el_before_av_hr  '><div class='av-share-box'><h5 class='av-share-link-description av-no-toc '>Compartir esta noticia<\/h5><ul class='av-share-box-list noLightbox'><li class='av-share-link av-social-link-facebook' ><a target=\"_blank\" aria-label=\"Compartir en Facebook\" href='https:\/\/www.facebook.com\/sharer.php?u=https:\/\/radiorevelacionfm.cl\/?p=21349&#038;t=Fiscalizan%20que%20parrillas%20a%20la%20venta%20sean%20seguras%20en%20el%20inicio%20del%20Mes%20de%20la%20Patria' aria-hidden='false' data-av_icon='\ue8f3' data-av_iconfont='entypo-fontello' title='' data-avia-related-tooltip='Compartir en Facebook' rel=\"noopener\"><span class='avia_hidden_link_text'>Compartir en Facebook<\/span><\/a><\/li><li class='av-share-link av-social-link-twitter' ><a target=\"_blank\" aria-label=\"Compartir en Twitter\" href='https:\/\/twitter.com\/share?text=Fiscalizan%20que%20parrillas%20a%20la%20venta%20sean%20seguras%20en%20el%20inicio%20del%20Mes%20de%20la%20Patria&#038;url=https:\/\/radiorevelacionfm.cl\/?p=21349' aria-hidden='false' data-av_icon='\ue8f1' data-av_iconfont='entypo-fontello' title='' data-avia-related-tooltip='Compartir en Twitter' rel=\"noopener\"><span class='avia_hidden_link_text'>Compartir en Twitter<\/span><\/a><\/li><li class='av-share-link av-social-link-whatsapp' ><a target=\"_blank\" aria-label=\"Compartir en Whatsapp\" href='https:\/\/api.whatsapp.com\/send?text=https:\/\/radiorevelacionfm.cl\/?p=21349' aria-hidden='false' data-av_icon='\uf232' data-av_iconfont='entypo-fontello' title='' data-avia-related-tooltip='Compartir en Whatsapp' rel=\"noopener\"><span class='avia_hidden_link_text'>Compartir en Whatsapp<\/span><\/a><\/li><li class='av-share-link av-social-link-linkedin' ><a target=\"_blank\" aria-label=\"Compartir en LinkedIn\" href='https:\/\/linkedin.com\/shareArticle?mini=true&#038;title=Fiscalizan%20que%20parrillas%20a%20la%20venta%20sean%20seguras%20en%20el%20inicio%20del%20Mes%20de%20la%20Patria&#038;url=https:\/\/radiorevelacionfm.cl\/?p=21349' aria-hidden='false' data-av_icon='\ue8fc' data-av_iconfont='entypo-fontello' title='' data-avia-related-tooltip='Compartir en LinkedIn' rel=\"noopener\"><span class='avia_hidden_link_text'>Compartir en LinkedIn<\/span><\/a><\/li><li class='av-share-link av-social-link-mail' ><a  aria-label=\"Compartir por correo\" href='mailto:?subject=Fiscalizan%20que%20parrillas%20a%20la%20venta%20sean%20seguras%20en%20el%20inicio%20del%20Mes%20de%20la%20Patria&#038;body=https:\/\/radiorevelacionfm.cl\/?p=21349' aria-hidden='false' data-av_icon='\ue805' data-av_iconfont='entypo-fontello' title='' data-avia-related-tooltip='Compartir por correo'><span class='avia_hidden_link_text'>Compartir por correo<\/span><\/a><\/li><\/ul><\/div><\/div>\n<div  style='height:50px' class='hr hr-invisible   avia-builder-el-8  el_after_av_social_share  el_before_av_comments_list '><span class='hr-inner ' ><span class='hr-inner-style'><\/span><\/span><\/div>\n<div  class='av-buildercomment  av-blog-meta-html-info-disabled av-blog-meta-tag-disabled  '><\/div>\n","protected":false},"excerpt":{"rendered":"","protected":false},"author":1,"featured_media":21350,"comment_status":"open","ping_status":"open","sticky":false,"template":"","format":"standard","meta":{"footnotes":""},"categories":[38],"tags":[],"class_list":["post-21349","post","type-post","status-publish","format-standard","has-post-thumbnail","hentry","category-regional"],"jetpack_featured_media_url":"https:\/\/radiorevelacionfm.cl\/wp-content\/uploads\/2022\/09\/neaa5226-1_optimized.jpg","_links":{"self":[{"href":"https:\/\/radiorevelacionfm.cl\/index.php?rest_route=\/wp\/v2\/posts\/21349","targetHints":{"allow":["GET"]}}],"collection":[{"href":"https:\/\/radiorevelacionfm.cl\/index.php?rest_route=\/wp\/v2\/posts"}],"about":[{"href":"https:\/\/radiorevelacionfm.cl\/index.php?rest_route=\/wp\/v2\/types\/post"}],"author":[{"embeddable":true,"href":"https:\/\/radiorevelacionfm.cl\/index.php?rest_route=\/wp\/v2\/users\/1"}],"replies":[{"embeddable":true,"href":"https:\/\/radiorevelacionfm.cl\/index.php?rest_route=%2Fwp%2Fv2%2Fcomments&post=21349"}],"version-history":[{"count":2,"href":"https:\/\/radiorevelacionfm.cl\/index.php?rest_route=\/wp\/v2\/posts\/21349\/revisions"}],"predecessor-version":[{"id":21382,"href":"https:\/\/radiorevelacionfm.cl\/index.php?rest_route=\/wp\/v2\/posts\/21349\/revisions\/21382"}],"wp:featuredmedia":[{"embeddable":true,"href":"https:\/\/radiorevelacionfm.cl\/index.php?rest_route=\/wp\/v2\/media\/21350"}],"wp:attachment":[{"href":"https:\/\/radiorevelacionfm.cl\/index.php?rest_route=%2Fwp%2Fv2%2Fmedia&parent=21349"}],"wp:term":[{"taxonomy":"category","embeddable":true,"href":"https:\/\/radiorevelacionfm.cl\/index.php?rest_route=%2Fwp%2Fv2%2Fcategories&post=21349"},{"taxonomy":"post_tag","embeddable":true,"href":"https:\/\/radiorevelacionfm.cl\/index.php?rest_route=%2Fwp%2Fv2%2Ftags&post=21349"}],"curies":[{"name":"wp","href":"https:\/\/api.w.org\/{rel}","templated":true}]}}