{"id":21346,"date":"2022-09-01T19:31:19","date_gmt":"2022-09-01T22:31:19","guid":{"rendered":"https:\/\/radiorevelacionfm.cl\/?p=21346"},"modified":"2022-09-01T19:31:19","modified_gmt":"2022-09-01T22:31:19","slug":"consejero-escobar-a-las-autoridades-de-gobierno-se-les-olvido-que-existe-una-ultima-comuna-al-sur-de-la-region-de-aysen","status":"publish","type":"post","link":"https:\/\/radiorevelacionfm.cl\/?p=21346","title":{"rendered":"Consejero Escobar: \u201cA las autoridades de gobierno se les olvid\u00f3 que existe una \u00faltima comuna al sur de la regi\u00f3n de Ays\u00e9n\u201d"},"content":{"rendered":"<div class=\"flex_column av_one_full  flex_column_div av-zero-column-padding first  avia-builder-el-0  el_before_av_one_full  avia-builder-el-first  \" style='border-radius:0px; '><div  class='avia-image-container  av-styling-    avia-builder-el-1  avia-builder-el-no-sibling  avia-align-center '  itemprop=\"image\" itemscope=\"itemscope\" itemtype=\"https:\/\/schema.org\/ImageObject\"  ><div class='avia-image-container-inner'><div class='avia-image-overlay-wrap'><img decoding=\"async\" class='wp-image-21347 avia-img-lazy-loading-not-21347 avia_image' src=\"https:\/\/radiorevelacionfm.cl\/wp-content\/uploads\/2022\/09\/rio-mayer-1-1.jpg\" alt='' title='rio mayer (1) (1)' height=\"600\" width=\"800\"  itemprop=\"thumbnailUrl\" srcset=\"https:\/\/radiorevelacionfm.cl\/wp-content\/uploads\/2022\/09\/rio-mayer-1-1.jpg 800w, https:\/\/radiorevelacionfm.cl\/wp-content\/uploads\/2022\/09\/rio-mayer-1-1-300x225.jpg 300w, https:\/\/radiorevelacionfm.cl\/wp-content\/uploads\/2022\/09\/rio-mayer-1-1-768x576.jpg 768w, https:\/\/radiorevelacionfm.cl\/wp-content\/uploads\/2022\/09\/rio-mayer-1-1-705x529.jpg 705w, https:\/\/radiorevelacionfm.cl\/wp-content\/uploads\/2022\/09\/rio-mayer-1-1-600x450.jpg 600w\" sizes=\"(max-width: 800px) 100vw, 800px\" \/><\/div><\/div><\/div><\/div><div class=\"flex_column av_one_full  flex_column_div av-zero-column-padding first  avia-builder-el-2  el_after_av_one_full  el_before_av_one_full  column-top-margin\" style='border-radius:0px; '><section class=\"av_textblock_section \"  itemscope=\"itemscope\" itemtype=\"https:\/\/schema.org\/BlogPosting\" itemprop=\"blogPost\" ><div class='avia_textblock  '   itemprop=\"text\" ><p style=\"text-align: center;\"><strong><span style=\"font-size: 18pt;\">Consejero Escobar: \u201cA las autoridades de gobierno se les olvid\u00f3 que existe una \u00faltima comuna al sur de la regi\u00f3n de Ays\u00e9n\u201d<\/span><\/strong><\/p>\n<div id=\"gtx-trans\" style=\"position: absolute; left: -50px; top: 4.31534px;\">\n<div class=\"gtx-trans-icon\"><\/div>\n<\/div>\n<\/div><\/section><\/div><div class=\"flex_column av_one_full  flex_column_div av-zero-column-padding first  avia-builder-el-4  el_after_av_one_full  el_before_av_hr  column-top-margin\" style='border-radius:0px; '><section class=\"av_textblock_section \"  itemscope=\"itemscope\" itemtype=\"https:\/\/schema.org\/BlogPosting\" itemprop=\"blogPost\" ><div class='avia_textblock  '   itemprop=\"text\" ><p style=\"text-align: justify;\">Provincia Capit\u00e1n Prat. La comuna de O\u2019Higgins con una poblaci\u00f3n de m\u00e1s de 600 habitantes ha presentado diversas dificultades durante este \u00faltimo tiempo, pues adem\u00e1s de contar con una de las cifras m\u00e1s altas en su combustible, no cuenta con una conectividad digital \u00f3ptima, sumado a los innumerables problemas de conectividad lacustre y la no habilitaci\u00f3n de sus pasos fronterizos, lo que ha levantado una alerta de preocupaci\u00f3n en la comunidad quienes ya comienza a prepararse para la temporada tur\u00edstica 2022-2023.<\/p>\n<p style=\"text-align: justify;\">Tras conversaciones y permanente escucha del Consejero V\u00edctor Escobar con la comunidad, se ha generado sin fin de prevenciones por parte de las familias de O\u2019Higgins, pues no solo se habla de la localidad de Villa O\u2019Higgins, tambi\u00e9n los sectores rurales de R\u00edo Mayer, Lago Christie, lago alegre \u00a0y Lago O\u2019Higgins, donde existen familias que hoy miran con inquietud el abandono social y productivo por parte de las nuevas autoridades de gobierno, pues a 6 meses de su instalaci\u00f3n, no han sido capaces de llegar a las zonas m\u00e1s aisladas de la provincia Capit\u00e1n Prat, m\u00e1s a\u00fan cuando atravesamos uno de los inviernos m\u00e1s crudos del \u00faltimo tiempo.<\/p>\n<p style=\"text-align: justify;\">Se acerca una nueva temporada estival y con p\u00e9simas condiciones en los caminos del sector, una ruta maravillosa en paisajes, flora y fauna, pero muy desafortunada en otros aspectos como la conectividad la que, en ocasiones, producto de acciones clim\u00e1ticas, se generan grandes \u00a0derrumbes, interrumpiendo el \u00fanico acceso para llegar a la Barcaza, esto por \u00a0varias horas, incluso d\u00edas; sin mencionar las dificultades en caso de una urgencia m\u00e9dica donde, si no es oportuno el trasbordo en barcaza Padre Antonio Ronchi y\/o la acci\u00f3n a\u00e9rea, una persona puede perder la vida.<\/p>\n<p style=\"text-align: justify;\">Hoy la interrogante surge con la informaci\u00f3n entregada por el Seremi de MOP Ays\u00e9n que indica que la barcaza Padre Antonio Ronchi, la \u00fanica en funcionamiento, entrar\u00e1 a carena durante el mes de noviembre para la realizaci\u00f3n de su correspondiente mantenci\u00f3n para un posterior buen funcionamiento, indicando que en su reemplazo arribar\u00eda una nave de menor tama\u00f1o que la actual.<\/p>\n<p style=\"text-align: justify;\">En tal sentido el consejero Escobar Mardones destac\u00f3 \u201cNos llama poderosamente la atenci\u00f3n primero, que esta informaci\u00f3n la recibamos desde el Mop y no desde la Delegaci\u00f3n Provincial o de la Seremi de Transporte, y que encima se indique que por parte de Obras P\u00fablicas no se har\u00e1n responsables del recambio, dando como alternativa que la Seremi de Transportes aumente la frecuencia de los recorridos, lo que deja en total incertidumbre las posibilidades de resistencia de la embarcaci\u00f3n de respaldo, lo que afectar\u00eda profundamente el recorrido, m\u00e1s a\u00fan en el comienzo de la temporada m\u00e1s productiva econ\u00f3micamente para la comuna\u201d.<\/p>\n<p style=\"text-align: justify;\">Junto con ello, la autoridad provincial enfatiz\u00f3 en que adem\u00e1s de estos inconvenientes y con una pandemia ya controlada por las autoridades de salud, a\u00fan no se encuentran habilitados los pasos fronterizos de la comuna, lo que afecta de manera importante esta nueva temporada tur\u00edstica que se avecina.<\/p>\n<p style=\"text-align: justify;\">\u201cNo debemos esperar que las comunidades les digan c\u00f3mo hacer su trabajo, deben recorrer los territorios y como dice la autoridad regional el maritorio, para que observen las carencias hist\u00f3ricas que tiene la poblaci\u00f3n, las autoridades locales de Gobierno no est\u00e1n realizando un trabajo efectivo, no es posible que producto de todas falencias en conectividad el consejo regional deba solicitar reunirse con el ministro para resolver tem\u00e1ticas regionales que debiesen ser resultas por las autoridades nombradas y que supuestamente est\u00e1n ah\u00ed por conocer las diferentes\u00a0 localidades\u201d, puntualiz\u00f3 V\u00edctor Escobar.<\/p>\n<p style=\"text-align: justify;\">Finalmente, el Consejero lament\u00f3 el abandono del Gobierno del presidente Boric con una de las comunas m\u00e1s australes y de dif\u00edcil acceso de la regi\u00f3n de Ays\u00e9n, compuesta por familias que solicitan mayor presencia del Estado con soluciones a corto plazo ante las situaciones de contingencia como conectividad y accesos con los que cuenta la comuna y en definitiva mejorar la gesti\u00f3n de dichas autoridades lo que en su defecto se traduce en mejorar la calidad de vida de las familias de esta austral localidad.<\/p>\n<\/div><\/section><\/div><div  style='height:50px' class='hr hr-invisible   avia-builder-el-6  el_after_av_one_full  el_before_av_social_share '><span class='hr-inner ' ><span class='hr-inner-style'><\/span><\/span><\/div><\/p>\n<div  class='av-social-sharing-box  avia-builder-el-7  el_after_av_hr  el_before_av_hr  '><div class='av-share-box'><h5 class='av-share-link-description av-no-toc '>Compartir esta noticia<\/h5><ul class='av-share-box-list noLightbox'><li class='av-share-link av-social-link-facebook' ><a target=\"_blank\" aria-label=\"Compartir en Facebook\" href='https:\/\/www.facebook.com\/sharer.php?u=https:\/\/radiorevelacionfm.cl\/?p=21346&#038;t=Consejero%20Escobar%3A%20%E2%80%9CA%20las%20autoridades%20de%20gobierno%20se%20les%20olvid%C3%B3%20que%20existe%20una%20%C3%BAltima%20comuna%20al%20sur%20de%20la%20regi%C3%B3n%20de%20Ays%C3%A9n%E2%80%9D' aria-hidden='false' data-av_icon='\ue8f3' data-av_iconfont='entypo-fontello' title='' data-avia-related-tooltip='Compartir en Facebook' rel=\"noopener\"><span class='avia_hidden_link_text'>Compartir en Facebook<\/span><\/a><\/li><li class='av-share-link av-social-link-twitter' ><a target=\"_blank\" aria-label=\"Compartir en Twitter\" href='https:\/\/twitter.com\/share?text=Consejero%20Escobar%3A%20%E2%80%9CA%20las%20autoridades%20de%20gobierno%20se%20les%20olvid%C3%B3%20que%20existe%20una%20%C3%BAltima%20comuna%20al%20sur%20de%20la%20regi%C3%B3n%20de%20Ays%C3%A9n%E2%80%9D&#038;url=https:\/\/radiorevelacionfm.cl\/?p=21346' aria-hidden='false' data-av_icon='\ue8f1' data-av_iconfont='entypo-fontello' title='' data-avia-related-tooltip='Compartir en Twitter' rel=\"noopener\"><span class='avia_hidden_link_text'>Compartir en Twitter<\/span><\/a><\/li><li class='av-share-link av-social-link-whatsapp' ><a target=\"_blank\" aria-label=\"Compartir en Whatsapp\" href='https:\/\/api.whatsapp.com\/send?text=https:\/\/radiorevelacionfm.cl\/?p=21346' aria-hidden='false' data-av_icon='\uf232' data-av_iconfont='entypo-fontello' title='' data-avia-related-tooltip='Compartir en Whatsapp' rel=\"noopener\"><span class='avia_hidden_link_text'>Compartir en Whatsapp<\/span><\/a><\/li><li class='av-share-link av-social-link-linkedin' ><a target=\"_blank\" aria-label=\"Compartir en LinkedIn\" href='https:\/\/linkedin.com\/shareArticle?mini=true&#038;title=Consejero%20Escobar%3A%20%E2%80%9CA%20las%20autoridades%20de%20gobierno%20se%20les%20olvid%C3%B3%20que%20existe%20una%20%C3%BAltima%20comuna%20al%20sur%20de%20la%20regi%C3%B3n%20de%20Ays%C3%A9n%E2%80%9D&#038;url=https:\/\/radiorevelacionfm.cl\/?p=21346' aria-hidden='false' data-av_icon='\ue8fc' data-av_iconfont='entypo-fontello' title='' data-avia-related-tooltip='Compartir en LinkedIn' rel=\"noopener\"><span class='avia_hidden_link_text'>Compartir en LinkedIn<\/span><\/a><\/li><li class='av-share-link av-social-link-mail' ><a  aria-label=\"Compartir por correo\" href='mailto:?subject=Consejero%20Escobar%3A%20%E2%80%9CA%20las%20autoridades%20de%20gobierno%20se%20les%20olvid%C3%B3%20que%20existe%20una%20%C3%BAltima%20comuna%20al%20sur%20de%20la%20regi%C3%B3n%20de%20Ays%C3%A9n%E2%80%9D&#038;body=https:\/\/radiorevelacionfm.cl\/?p=21346' aria-hidden='false' data-av_icon='\ue805' data-av_iconfont='entypo-fontello' title='' data-avia-related-tooltip='Compartir por correo'><span class='avia_hidden_link_text'>Compartir por correo<\/span><\/a><\/li><\/ul><\/div><\/div>\n<div  style='height:50px' class='hr hr-invisible   avia-builder-el-8  el_after_av_social_share  el_before_av_comments_list '><span class='hr-inner ' ><span class='hr-inner-style'><\/span><\/span><\/div>\n<div  class='av-buildercomment  av-blog-meta-html-info-disabled av-blog-meta-tag-disabled  '><\/div>\n","protected":false},"excerpt":{"rendered":"","protected":false},"author":1,"featured_media":21347,"comment_status":"open","ping_status":"open","sticky":false,"template":"","format":"standard","meta":{"footnotes":""},"categories":[38],"tags":[],"class_list":["post-21346","post","type-post","status-publish","format-standard","has-post-thumbnail","hentry","category-regional"],"jetpack_featured_media_url":"https:\/\/radiorevelacionfm.cl\/wp-content\/uploads\/2022\/09\/rio-mayer-1-1.jpg","_links":{"self":[{"href":"https:\/\/radiorevelacionfm.cl\/index.php?rest_route=\/wp\/v2\/posts\/21346","targetHints":{"allow":["GET"]}}],"collection":[{"href":"https:\/\/radiorevelacionfm.cl\/index.php?rest_route=\/wp\/v2\/posts"}],"about":[{"href":"https:\/\/radiorevelacionfm.cl\/index.php?rest_route=\/wp\/v2\/types\/post"}],"author":[{"embeddable":true,"href":"https:\/\/radiorevelacionfm.cl\/index.php?rest_route=\/wp\/v2\/users\/1"}],"replies":[{"embeddable":true,"href":"https:\/\/radiorevelacionfm.cl\/index.php?rest_route=%2Fwp%2Fv2%2Fcomments&post=21346"}],"version-history":[{"count":2,"href":"https:\/\/radiorevelacionfm.cl\/index.php?rest_route=\/wp\/v2\/posts\/21346\/revisions"}],"predecessor-version":[{"id":21366,"href":"https:\/\/radiorevelacionfm.cl\/index.php?rest_route=\/wp\/v2\/posts\/21346\/revisions\/21366"}],"wp:featuredmedia":[{"embeddable":true,"href":"https:\/\/radiorevelacionfm.cl\/index.php?rest_route=\/wp\/v2\/media\/21347"}],"wp:attachment":[{"href":"https:\/\/radiorevelacionfm.cl\/index.php?rest_route=%2Fwp%2Fv2%2Fmedia&parent=21346"}],"wp:term":[{"taxonomy":"category","embeddable":true,"href":"https:\/\/radiorevelacionfm.cl\/index.php?rest_route=%2Fwp%2Fv2%2Fcategories&post=21346"},{"taxonomy":"post_tag","embeddable":true,"href":"https:\/\/radiorevelacionfm.cl\/index.php?rest_route=%2Fwp%2Fv2%2Ftags&post=21346"}],"curies":[{"name":"wp","href":"https:\/\/api.w.org\/{rel}","templated":true}]}}