{"id":21336,"date":"2022-09-01T17:11:57","date_gmt":"2022-09-01T20:11:57","guid":{"rendered":"https:\/\/radiorevelacionfm.cl\/?p=21336"},"modified":"2022-09-01T17:11:57","modified_gmt":"2022-09-01T20:11:57","slug":"usuarios-de-fonasa-no-deberan-cancelar-por-atenciones-medicas-en-centros-de-salud-publica","status":"publish","type":"post","link":"https:\/\/radiorevelacionfm.cl\/?p=21336","title":{"rendered":"Usuarios de Fonasa no deber\u00e1n cancelar por atenciones m\u00e9dicas en Centros de Salud P\u00fablica"},"content":{"rendered":"<div class=\"flex_column av_one_full  flex_column_div av-zero-column-padding first  avia-builder-el-0  el_before_av_one_full  avia-builder-el-first  \" style='border-radius:0px; '><div  class='avia-image-container  av-styling-    avia-builder-el-1  avia-builder-el-no-sibling  avia-align-center '  itemprop=\"image\" itemscope=\"itemscope\" itemtype=\"https:\/\/schema.org\/ImageObject\"  ><div class='avia-image-container-inner'><div class='avia-image-overlay-wrap'><img decoding=\"async\" class='wp-image-21337 avia-img-lazy-loading-not-21337 avia_image' src=\"https:\/\/radiorevelacionfm.cl\/wp-content\/uploads\/2022\/09\/lanzamiento-copago-cero-1_optimized.jpeg\" alt='' title='lanzamiento-copago-cero-(1)_optimized' height=\"600\" width=\"964\"  itemprop=\"thumbnailUrl\" srcset=\"https:\/\/radiorevelacionfm.cl\/wp-content\/uploads\/2022\/09\/lanzamiento-copago-cero-1_optimized.jpeg 964w, https:\/\/radiorevelacionfm.cl\/wp-content\/uploads\/2022\/09\/lanzamiento-copago-cero-1_optimized-300x187.jpeg 300w, https:\/\/radiorevelacionfm.cl\/wp-content\/uploads\/2022\/09\/lanzamiento-copago-cero-1_optimized-768x478.jpeg 768w, https:\/\/radiorevelacionfm.cl\/wp-content\/uploads\/2022\/09\/lanzamiento-copago-cero-1_optimized-705x439.jpeg 705w, https:\/\/radiorevelacionfm.cl\/wp-content\/uploads\/2022\/09\/lanzamiento-copago-cero-1_optimized-600x373.jpeg 600w\" sizes=\"(max-width: 964px) 100vw, 964px\" \/><\/div><\/div><\/div><\/div><div class=\"flex_column av_one_full  flex_column_div av-zero-column-padding first  avia-builder-el-2  el_after_av_one_full  el_before_av_one_full  column-top-margin\" style='border-radius:0px; '><section class=\"av_textblock_section \"  itemscope=\"itemscope\" itemtype=\"https:\/\/schema.org\/BlogPosting\" itemprop=\"blogPost\" ><div class='avia_textblock  '   itemprop=\"text\" ><p style=\"text-align: center;\"><strong><span style=\"font-size: 18pt;\">Usuarios de Fonasa no deber\u00e1n cancelar por atenciones m\u00e9dicas en Centros de Salud P\u00fablica<\/span><\/strong><\/p>\n<div id=\"gtx-trans\" style=\"position: absolute; left: -50px; top: 4.31534px;\">\n<div class=\"gtx-trans-icon\"><\/div>\n<\/div>\n<\/div><\/section><\/div><div class=\"flex_column av_one_full  flex_column_div av-zero-column-padding first  avia-builder-el-4  el_after_av_one_full  el_before_av_hr  column-top-margin\" style='border-radius:0px; '><section class=\"av_textblock_section \"  itemscope=\"itemscope\" itemtype=\"https:\/\/schema.org\/BlogPosting\" itemprop=\"blogPost\" ><div class='avia_textblock  '   itemprop=\"text\" ><p style=\"text-align: justify;\">Este 01 de septiembre comenz\u00f3 a regir la gratuidad total para los usuarios de la red p\u00fablica de salud, se trata del COPAGO CERO para todos los usuarios del Fondo Nacional de Salud (FONASA), medida que implica un gran paso en la atenci\u00f3n p\u00fablica del pa\u00eds, que permitir\u00e1 que m\u00e1s de 5 millones de personas que pertenecen al sistema p\u00fablico de salud en sus Tramos C y D, menores de 60 a\u00f1os, no tengan que pagar por sus atenciones de salud.<\/p>\n<p style=\"text-align: justify;\">Un hecho que fue destacado, en las dependencias del SOME del Hospital Regional Coyhaique, por la Seremi de Salud Ays\u00e9n, Carmen Monsalve, quien indic\u00f3 adem\u00e1s que a trav\u00e9s de estas acciones, se contin\u00faa acercando la salud a la comunidad. \u201cEsto es trascendental para la historia de la salud p\u00fablica de nuestro pa\u00eds, como bien sabemos nuestro Presidente Gabriel Boric -en la formulaci\u00f3n de nuestro programa de Gobierno en la l\u00ednea de salud- se plantea como uno de los hitos fundamentales al medio plazo, poder avanzar hacia un sistema Universal de Salud, y hoy se da una se\u00f1al clara que estamos avanzando en poder instalar las bases para esta reforma de salud.\u00a0 En nuestra regi\u00f3n hay aproximadamente 81 mil personas beneficiarias de FONASA, y esta medida va a venir a beneficiar a cerca de 30 mil personas en nuestra regi\u00f3n, lo que quiere decir que las personas que est\u00e1n en los tramos C y D que ten\u00edan que hacer un copago del 10 y 20% respectivamente, no van a tener que desembolsar ese gasto de bolsillo para poder acceder de manera oportuna a sus prestaciones, todas esas personas que a nivel pa\u00eds ascienden a casi 15 millones de personas beneficiarias de FONASA, y que ayer deb\u00edan cancelar para poder acceder a sus tratamientos, ex\u00e1menes e intervenciones, desde hoy en adelante ya no lo van a tener que hacer, ese es un hito trascendental, derribamos la barrera econ\u00f3mica para el acceso de salud en el sector p\u00fablico para todas las prestaciones institucionales y esa es una se\u00f1al que demuestra que vamos avanzando hacia la reforma de salud\u201d.<\/p>\n<p style=\"text-align: justify;\">Durante esta actividad, tambi\u00e9n se cont\u00f3 la participaci\u00f3n de diversas organizaciones sociales, donde V\u00edctor Soto, miembro del Consejo Asesor de la Seremi de Salud y Dirigente Social de Adultos Mayores, valor\u00f3 este acto en favor de la salud p\u00fablica. \u201cEste es un hecho trascendental para todo el pa\u00eds, de acuerdo a lo que sucede y acontece en salud, yo enmarco este hecho en lo que la Ministra en Punta Arenas se\u00f1al\u00f3\u2026 cuando se inicia un proceso de Universalizaci\u00f3n de la Salud, significa una salud cercana, de libre acceso, gratuita, esto implica que los cambios que est\u00e1bamos esperando se est\u00e1n aproximando y est\u00e1n siendo una realidad\u201d.<\/p>\n<p style=\"text-align: justify;\">En esta oportunidad, la Pdta. Consejo Sociedad Civil de FONASA, Margarita Arismendi, expres\u00f3 su satisfacci\u00f3n por la puesta en marcha del COPAGO CERO. \u201cPara nosotros este es un tema muy bueno, nos produce una tremenda alegr\u00eda para todos los usuarios, porque FONASA se ha ido acercando a la poblaci\u00f3n en todos los \u00e1mbitos. FONASA, no solamente vende bonos, tiene muchos beneficios que la comunidad desconoce, yo invito a la comunidad a participar en las prestaciones que da el fondo de salud, porque este copago es sumamente beneficioso para las personas asociadas a FONASA\u201d.<\/p>\n<p style=\"text-align: justify;\">Similar opini\u00f3n fue la que entreg\u00f3 Jenny V\u00e1squez, Pdta. Consejo Asesor del Servicio de Salud. \u201cEstamos muy contentos como usuarios de los hospitales y consultorios, este es un avance tremendo que se hace en salud, se agradece este gesto porque todo esto va a ayudar mucho a las personas en el sentido monetario, ser\u00e1 un gran avance para todos porque cada persona que llegue al hospital no va a estar pensando en que tiene que pagar, y eso se agradece\u201d.<\/p>\n<p style=\"text-align: justify;\">Por su parte, el Director del Servicio de Salud Ays\u00e9n, Gabriel Burgos, detall\u00f3 que la red de salud ya est\u00e1 preparada para la aplicaci\u00f3n de esta normativa. \u201cNuestra red est\u00e1 disponible y dispuesta para atender a todas las personas de los tramos C y D que antes pagaban y que a partir de hoy no pagar\u00e1n. Esta es una gran noticia. Nosotros como red asistencial estamos preparados para poder atenderlos, al igual que los trabajadores que hac\u00edan funciones de recaudaci\u00f3n, que desde ahora asumir\u00e1n otras funciones, as\u00ed que para nosotros es un hito e implica una universalizaci\u00f3n de la salud y la importancia de la atenci\u00f3n primaria en la regi\u00f3n\u201d.<\/p>\n<p style=\"text-align: justify;\">COPAGO CERO, que tambi\u00e9n fue resaltado por el Director del Hospital Regional Coyhaique, Jaime L\u00f3pez.\u00a0 \u201cAl menos 05 de cada 10 personas que consultan en el Servicio de Urgencia del Hospital Regional, ya no deber\u00e1n hacer ese copago; la semana pasada, un usuario que tuvo un accidente debi\u00f3 cancelar cerca de un mill\u00f3n y medio de pesos, hoy d\u00eda no lo hubiera tenido que hacer, de ah\u00ed la importancia de esta normativa que beneficia a gran parte de la comunidad\u201d.<\/p>\n<p style=\"text-align: justify;\">Para el Delegado Presidencial Regional, Rodrigo Araya, la puesta en marcha del COPAGO CERO demuestra el compromiso del Gobierno en favor de la salud de las comunidades. \u201cPara el Gobierno del Pdte. Gabriel Boric, este es un hito muy relevante, nosotros creemos que hay que seguir avanzando para llegar a un modelo de Acceso Universal a la Salud. Esto es un avance muy significativo, porque la \u00faltima de estas acciones similares fue el que realiz\u00f3 la Pdta. Bachelet en el a\u00f1o 2006, cuando se determin\u00f3 que todos los beneficiarios de FONASA, mayores de 60 a\u00f1os, obtuvieran la gratuidad en las atenciones de salud. Ahora damos un paso m\u00e1s, y el COPAGO CERO para las personas de los segmentos C y D de FONASA, es tremendamente importante, en nuestra regi\u00f3n son cerca de 30 mil personas que se van a beneficiar, casi el 30% de la poblaci\u00f3n, van a poder acceder a las prestaciones gratuitas en la red p\u00fablica de salud\u201d.<\/p>\n<p style=\"text-align: justify;\">Finalmente, la Gobernadora Regional, Andrea Mac\u00edas, resalt\u00f3 esta medida gubernamental en favor de la ciudadan\u00eda. \u201cCreo que lo m\u00e1s importante, es ver como el estado chileno, y en particular esta administraci\u00f3n, esta avanzando hacia un Chile m\u00e1s justo, m\u00e1s democr\u00e1tico y m\u00e1s digno; poder tomar estas medidas administrativas que generan tanto impacto positivo en la regi\u00f3n, nos da muestra del compromiso real porque la dignidad no sea solo el discurso, sino que se transformen en acciones concretas, y en ese sentido creo que acciones como esta reafirman la necesidad de contar con un estado social de derecho que garantice los derechos b\u00e1sicos para las personas, el Estado debe fortalecerse en ese sentido y creo que esta medida viene a cumplir y responder lo que ha manifestado la administraci\u00f3n del Pdte. Boric\u201d.<\/p>\n<p style=\"text-align: justify;\">Con la puesta en marcha de este COPAGO CERO, se estima que en la regi\u00f3n de Ays\u00e9n se ver\u00e1n beneficiadas con esta modalidad alrededor de 30 mil usuarios de FONASA (TRAMOS C &#8211; D), contabilizando en total de 81 mil personas que hoy forman parte de este fondo de salud en la regi\u00f3n.<\/p>\n<\/div><\/section><\/div><div  style='height:50px' class='hr hr-invisible   avia-builder-el-6  el_after_av_one_full  el_before_av_social_share '><span class='hr-inner ' ><span class='hr-inner-style'><\/span><\/span><\/div><\/p>\n<div  class='av-social-sharing-box  avia-builder-el-7  el_after_av_hr  el_before_av_hr  '><div class='av-share-box'><h5 class='av-share-link-description av-no-toc '>Compartir esta noticia<\/h5><ul class='av-share-box-list noLightbox'><li class='av-share-link av-social-link-facebook' ><a target=\"_blank\" aria-label=\"Compartir en Facebook\" href='https:\/\/www.facebook.com\/sharer.php?u=https:\/\/radiorevelacionfm.cl\/?p=21336&#038;t=Usuarios%20de%20Fonasa%20no%20deber%C3%A1n%20cancelar%20por%20atenciones%20m%C3%A9dicas%20en%20Centros%20de%20Salud%20P%C3%BAblica' aria-hidden='false' data-av_icon='\ue8f3' data-av_iconfont='entypo-fontello' title='' data-avia-related-tooltip='Compartir en Facebook' rel=\"noopener\"><span class='avia_hidden_link_text'>Compartir en Facebook<\/span><\/a><\/li><li class='av-share-link av-social-link-twitter' ><a target=\"_blank\" aria-label=\"Compartir en Twitter\" href='https:\/\/twitter.com\/share?text=Usuarios%20de%20Fonasa%20no%20deber%C3%A1n%20cancelar%20por%20atenciones%20m%C3%A9dicas%20en%20Centros%20de%20Salud%20P%C3%BAblica&#038;url=https:\/\/radiorevelacionfm.cl\/?p=21336' aria-hidden='false' data-av_icon='\ue8f1' data-av_iconfont='entypo-fontello' title='' data-avia-related-tooltip='Compartir en Twitter' rel=\"noopener\"><span class='avia_hidden_link_text'>Compartir en Twitter<\/span><\/a><\/li><li class='av-share-link av-social-link-whatsapp' ><a target=\"_blank\" aria-label=\"Compartir en Whatsapp\" href='https:\/\/api.whatsapp.com\/send?text=https:\/\/radiorevelacionfm.cl\/?p=21336' aria-hidden='false' data-av_icon='\uf232' data-av_iconfont='entypo-fontello' title='' data-avia-related-tooltip='Compartir en Whatsapp' rel=\"noopener\"><span class='avia_hidden_link_text'>Compartir en Whatsapp<\/span><\/a><\/li><li class='av-share-link av-social-link-linkedin' ><a target=\"_blank\" aria-label=\"Compartir en LinkedIn\" href='https:\/\/linkedin.com\/shareArticle?mini=true&#038;title=Usuarios%20de%20Fonasa%20no%20deber%C3%A1n%20cancelar%20por%20atenciones%20m%C3%A9dicas%20en%20Centros%20de%20Salud%20P%C3%BAblica&#038;url=https:\/\/radiorevelacionfm.cl\/?p=21336' aria-hidden='false' data-av_icon='\ue8fc' data-av_iconfont='entypo-fontello' title='' data-avia-related-tooltip='Compartir en LinkedIn' rel=\"noopener\"><span class='avia_hidden_link_text'>Compartir en LinkedIn<\/span><\/a><\/li><li class='av-share-link av-social-link-mail' ><a  aria-label=\"Compartir por correo\" href='mailto:?subject=Usuarios%20de%20Fonasa%20no%20deber%C3%A1n%20cancelar%20por%20atenciones%20m%C3%A9dicas%20en%20Centros%20de%20Salud%20P%C3%BAblica&#038;body=https:\/\/radiorevelacionfm.cl\/?p=21336' aria-hidden='false' data-av_icon='\ue805' data-av_iconfont='entypo-fontello' title='' data-avia-related-tooltip='Compartir por correo'><span class='avia_hidden_link_text'>Compartir por correo<\/span><\/a><\/li><\/ul><\/div><\/div>\n<div  style='height:50px' class='hr hr-invisible   avia-builder-el-8  el_after_av_social_share  el_before_av_comments_list '><span class='hr-inner ' ><span class='hr-inner-style'><\/span><\/span><\/div>\n<div  class='av-buildercomment  av-blog-meta-html-info-disabled av-blog-meta-tag-disabled  '><\/div>\n","protected":false},"excerpt":{"rendered":"","protected":false},"author":1,"featured_media":21337,"comment_status":"open","ping_status":"open","sticky":false,"template":"","format":"standard","meta":{"footnotes":""},"categories":[46],"tags":[],"class_list":["post-21336","post","type-post","status-publish","format-standard","has-post-thumbnail","hentry","category-salud"],"jetpack_featured_media_url":"https:\/\/radiorevelacionfm.cl\/wp-content\/uploads\/2022\/09\/lanzamiento-copago-cero-1_optimized.jpeg","_links":{"self":[{"href":"https:\/\/radiorevelacionfm.cl\/index.php?rest_route=\/wp\/v2\/posts\/21336","targetHints":{"allow":["GET"]}}],"collection":[{"href":"https:\/\/radiorevelacionfm.cl\/index.php?rest_route=\/wp\/v2\/posts"}],"about":[{"href":"https:\/\/radiorevelacionfm.cl\/index.php?rest_route=\/wp\/v2\/types\/post"}],"author":[{"embeddable":true,"href":"https:\/\/radiorevelacionfm.cl\/index.php?rest_route=\/wp\/v2\/users\/1"}],"replies":[{"embeddable":true,"href":"https:\/\/radiorevelacionfm.cl\/index.php?rest_route=%2Fwp%2Fv2%2Fcomments&post=21336"}],"version-history":[{"count":2,"href":"https:\/\/radiorevelacionfm.cl\/index.php?rest_route=\/wp\/v2\/posts\/21336\/revisions"}],"predecessor-version":[{"id":21342,"href":"https:\/\/radiorevelacionfm.cl\/index.php?rest_route=\/wp\/v2\/posts\/21336\/revisions\/21342"}],"wp:featuredmedia":[{"embeddable":true,"href":"https:\/\/radiorevelacionfm.cl\/index.php?rest_route=\/wp\/v2\/media\/21337"}],"wp:attachment":[{"href":"https:\/\/radiorevelacionfm.cl\/index.php?rest_route=%2Fwp%2Fv2%2Fmedia&parent=21336"}],"wp:term":[{"taxonomy":"category","embeddable":true,"href":"https:\/\/radiorevelacionfm.cl\/index.php?rest_route=%2Fwp%2Fv2%2Fcategories&post=21336"},{"taxonomy":"post_tag","embeddable":true,"href":"https:\/\/radiorevelacionfm.cl\/index.php?rest_route=%2Fwp%2Fv2%2Ftags&post=21336"}],"curies":[{"name":"wp","href":"https:\/\/api.w.org\/{rel}","templated":true}]}}