{"id":21332,"date":"2022-09-01T16:27:36","date_gmt":"2022-09-01T19:27:36","guid":{"rendered":"https:\/\/radiorevelacionfm.cl\/?p=21332"},"modified":"2022-09-01T16:27:36","modified_gmt":"2022-09-01T19:27:36","slug":"senadora-ordenes-llamo-al-gobierno-a-terminar-con-la-indiferencia-y-tener-un-nuevo-sistema-de-conectividad-lacustre","status":"publish","type":"post","link":"https:\/\/radiorevelacionfm.cl\/?p=21332","title":{"rendered":"Senadora \u00d3rdenes llam\u00f3 al Gobierno a \u201cterminar con la indiferencia\u201d y tener un nuevo sistema de conectividad lacustre"},"content":{"rendered":"<div class=\"flex_column av_one_full  flex_column_div av-zero-column-padding first  avia-builder-el-0  el_before_av_one_full  avia-builder-el-first  \" style='border-radius:0px; '><div  class='avia-image-container  av-styling-    avia-builder-el-1  avia-builder-el-no-sibling  avia-align-center '  itemprop=\"image\" itemscope=\"itemscope\" itemtype=\"https:\/\/schema.org\/ImageObject\"  ><div class='avia-image-container-inner'><div class='avia-image-overlay-wrap'><img decoding=\"async\" class='wp-image-21333 avia-img-lazy-loading-not-21333 avia_image' src=\"https:\/\/radiorevelacionfm.cl\/wp-content\/uploads\/2022\/09\/IMG_6552-1-1.jpg\" alt='' title='IMG_6552 (1) (1)' height=\"600\" width=\"800\"  itemprop=\"thumbnailUrl\" srcset=\"https:\/\/radiorevelacionfm.cl\/wp-content\/uploads\/2022\/09\/IMG_6552-1-1.jpg 800w, https:\/\/radiorevelacionfm.cl\/wp-content\/uploads\/2022\/09\/IMG_6552-1-1-300x225.jpg 300w, https:\/\/radiorevelacionfm.cl\/wp-content\/uploads\/2022\/09\/IMG_6552-1-1-768x576.jpg 768w, https:\/\/radiorevelacionfm.cl\/wp-content\/uploads\/2022\/09\/IMG_6552-1-1-705x529.jpg 705w, https:\/\/radiorevelacionfm.cl\/wp-content\/uploads\/2022\/09\/IMG_6552-1-1-600x450.jpg 600w\" sizes=\"(max-width: 800px) 100vw, 800px\" \/><\/div><\/div><\/div><\/div><div class=\"flex_column av_one_full  flex_column_div av-zero-column-padding first  avia-builder-el-2  el_after_av_one_full  el_before_av_one_full  column-top-margin\" style='border-radius:0px; '><section class=\"av_textblock_section \"  itemscope=\"itemscope\" itemtype=\"https:\/\/schema.org\/BlogPosting\" itemprop=\"blogPost\" ><div class='avia_textblock  '   itemprop=\"text\" ><p style=\"text-align: center;\"><strong><span style=\"font-size: 18pt;\">Senadora \u00d3rdenes llam\u00f3 al Gobierno a \u201cterminar con la indiferencia\u201d y tener un nuevo sistema de conectividad lacustre<\/span><\/strong><\/p>\n<div id=\"gtx-trans\" style=\"position: absolute; left: -50px; top: 4.31534px;\">\n<div class=\"gtx-trans-icon\"><\/div>\n<\/div>\n<\/div><\/section><\/div><div class=\"flex_column av_one_full  flex_column_div av-zero-column-padding first  avia-builder-el-4  el_after_av_one_full  el_before_av_hr  column-top-margin\" style='border-radius:0px; '><section class=\"av_textblock_section \"  itemscope=\"itemscope\" itemtype=\"https:\/\/schema.org\/BlogPosting\" itemprop=\"blogPost\" ><div class='avia_textblock  '   itemprop=\"text\" ><p style=\"font-weight: 400; text-align: justify;\">Durante la sesi\u00f3n de la comisi\u00f3n de Obras P\u00fablicas del Senado realizada este mi\u00e9rcoles en Valpara\u00edso, la senadora de Ays\u00e9n, Ximena Ordenes, reiter\u00f3 su llamado a los ministerios sectoriales del Gobierno a \u201cterminar con la indiferencia\u201d frente a la cr\u00edtica situaci\u00f3n de conectividad en las zonas lacustres de General Carrera y Villa O\u2019Higgins, e inst\u00f3 nuevamente a que las autoridades del nivel central impulsen un nuevo sistema de conectividad para la Regi\u00f3n de Ays\u00e9n.<\/p>\n<p style=\"font-weight: 400; text-align: justify;\">En el marco de una sesi\u00f3n especial de dicha comisi\u00f3n para abordar el escenario de la zona lacustre en Ays\u00e9n, en la que estuvieron presentes el Ministro de OOPP, Juan Carlos Garc\u00eda as\u00ed como los subsecretarios de Obras P\u00fablicas y Transportes, la senadora Ordenes se\u00f1al\u00f3 que \u201cla regi\u00f3n de Ays\u00e9n est\u00e1 sometida a una precariedad tremenda, y que est\u00e1 en riesgo el transporte de pasajeros de la regi\u00f3n de Ays\u00e9n y lo quiero decir con todas sus letras, porque creo que hay mucho eufemismo en la presentaci\u00f3n y en la forma en la que estamos abordando el problema\u201d, a ra\u00edz de la exposici\u00f3n que realiz\u00f3 esa cartera sobre la situaci\u00f3n de las barcazas en los lagos General Carrera y O\u2019Higgins.<\/p>\n<p style=\"font-weight: 400; text-align: justify;\">Ordenes record\u00f3 que, en el caso del Lago General Carrera, la fecha de entrega de la barcaza Tehuelche ser\u00eda en diciembre del 2021, lo que oblig\u00f3 a generar un plan de contingencia para enfrentar la afectaci\u00f3n sobre los habitantes de Chile Chico y la zona lacustre, frente a lo que, desde el ministerio, respondieron asegurando que la barcaza Tehuelche estar\u00eda lista en el mes de diciembre.<\/p>\n<p style=\"font-weight: 400; text-align: justify;\">\u201cEsperamos que eso sea as\u00ed, porque el problema, de verdad, ya no resiste m\u00e1s, y los aiseninos han esperado mucho por una respuesta oportuna\u201d, dijo la senadora durante su intervenci\u00f3n, recordando que la fecha original de entrega de la Tehuelche era Octubre del 2021.<\/p>\n<p style=\"font-weight: 400; text-align: justify;\">En el informe del MOP, se se\u00f1al\u00f3 que, con las medidas de contingencia para amortiguar los efectos de la paralizaci\u00f3n de la barcaza en Chile Chico, no exist\u00eda compromiso de la conectividad en la zona, lo que la senadora Ordenes replic\u00f3 asegurando que tal aseveraci\u00f3n \u201ces imprudente, porque s\u00ed hay afectaci\u00f3n de la conectividad dado que las soluciones propuestas no igualan los est\u00e1ndares que entrega la barcaza\u201d.<\/p>\n<p style=\"font-weight: 400; text-align: justify;\">\u201cSe va a cumplir un a\u00f1o sin conectividad, mientras que cuando en el Metro de Santiago sufre desperfecto, se despliegan todos los recursos y a los 2 d\u00edas hay soluci\u00f3n. Entonces, yo quiero ser s\u00faper honesta, ministro, subsecretarios: aqu\u00ed se ha abordado con bastante indiferencia respecto de lo que estaba ocurriendo, y eso debe terminar\u201d, dijo la senadora.<\/p>\n<p style=\"font-weight: 400; text-align: justify;\">Asimismo, Ordenes dijo que, en el caso de la barcaza de Villa O\u2019Higgins, \u201cla comunidad est\u00e1 totalmente desconectada y nadie tiene claridad respecto de qu\u00e9 es lo que ocurri\u00f3 con ese proyecto (\u2026) hoy d\u00eda la soberan\u00eda y la integraci\u00f3n no van a dar el ancho\u201d.<\/p>\n<p style=\"font-weight: 400; text-align: justify;\">La parlamentaria a\u00f1adi\u00f3 que \u201cen el Congreso se est\u00e1 iniciando la definici\u00f3n presupuestaria del a\u00f1o 2023, y es el momento de establecer un Plan de Conectividad Austral en el que haya coordinaci\u00f3n interministerial en el que se impulse un nuevo sistema de conectividad lacustre para el pa\u00eds\u201d.<\/p>\n<p style=\"font-weight: 400; text-align: justify;\">\u201cHoy d\u00eda ya estamos en el peor de los mundos en el Lago General Carrera. De verdad yo no s\u00e9 c\u00f3mo los ciudadanos no han tomado otro tipo de medidas porque est\u00e1n desconectados\u201d, dijo la senadora Ximena Ordenes al finalizar su intervenci\u00f3n en la comisi\u00f3n especial.<\/p>\n<\/div><\/section><\/div><div  style='height:50px' class='hr hr-invisible   avia-builder-el-6  el_after_av_one_full  el_before_av_social_share '><span class='hr-inner ' ><span class='hr-inner-style'><\/span><\/span><\/div><\/p>\n<div  class='av-social-sharing-box  avia-builder-el-7  el_after_av_hr  el_before_av_hr  '><div class='av-share-box'><h5 class='av-share-link-description av-no-toc '>Compartir esta noticia<\/h5><ul class='av-share-box-list noLightbox'><li class='av-share-link av-social-link-facebook' ><a target=\"_blank\" aria-label=\"Compartir en Facebook\" href='https:\/\/www.facebook.com\/sharer.php?u=https:\/\/radiorevelacionfm.cl\/?p=21332&#038;t=Senadora%20%C3%93rdenes%20llam%C3%B3%20al%20Gobierno%20a%20%E2%80%9Cterminar%20con%20la%20indiferencia%E2%80%9D%20y%20tener%20un%20nuevo%20sistema%20de%20conectividad%20lacustre' aria-hidden='false' data-av_icon='\ue8f3' data-av_iconfont='entypo-fontello' title='' data-avia-related-tooltip='Compartir en Facebook' rel=\"noopener\"><span class='avia_hidden_link_text'>Compartir en Facebook<\/span><\/a><\/li><li class='av-share-link av-social-link-twitter' ><a target=\"_blank\" aria-label=\"Compartir en Twitter\" href='https:\/\/twitter.com\/share?text=Senadora%20%C3%93rdenes%20llam%C3%B3%20al%20Gobierno%20a%20%E2%80%9Cterminar%20con%20la%20indiferencia%E2%80%9D%20y%20tener%20un%20nuevo%20sistema%20de%20conectividad%20lacustre&#038;url=https:\/\/radiorevelacionfm.cl\/?p=21332' aria-hidden='false' data-av_icon='\ue8f1' data-av_iconfont='entypo-fontello' title='' data-avia-related-tooltip='Compartir en Twitter' rel=\"noopener\"><span class='avia_hidden_link_text'>Compartir en Twitter<\/span><\/a><\/li><li class='av-share-link av-social-link-whatsapp' ><a target=\"_blank\" aria-label=\"Compartir en Whatsapp\" href='https:\/\/api.whatsapp.com\/send?text=https:\/\/radiorevelacionfm.cl\/?p=21332' aria-hidden='false' data-av_icon='\uf232' data-av_iconfont='entypo-fontello' title='' data-avia-related-tooltip='Compartir en Whatsapp' rel=\"noopener\"><span class='avia_hidden_link_text'>Compartir en Whatsapp<\/span><\/a><\/li><li class='av-share-link av-social-link-linkedin' ><a target=\"_blank\" aria-label=\"Compartir en LinkedIn\" href='https:\/\/linkedin.com\/shareArticle?mini=true&#038;title=Senadora%20%C3%93rdenes%20llam%C3%B3%20al%20Gobierno%20a%20%E2%80%9Cterminar%20con%20la%20indiferencia%E2%80%9D%20y%20tener%20un%20nuevo%20sistema%20de%20conectividad%20lacustre&#038;url=https:\/\/radiorevelacionfm.cl\/?p=21332' aria-hidden='false' data-av_icon='\ue8fc' data-av_iconfont='entypo-fontello' title='' data-avia-related-tooltip='Compartir en LinkedIn' rel=\"noopener\"><span class='avia_hidden_link_text'>Compartir en LinkedIn<\/span><\/a><\/li><li class='av-share-link av-social-link-mail' ><a  aria-label=\"Compartir por correo\" href='mailto:?subject=Senadora%20%C3%93rdenes%20llam%C3%B3%20al%20Gobierno%20a%20%E2%80%9Cterminar%20con%20la%20indiferencia%E2%80%9D%20y%20tener%20un%20nuevo%20sistema%20de%20conectividad%20lacustre&#038;body=https:\/\/radiorevelacionfm.cl\/?p=21332' aria-hidden='false' data-av_icon='\ue805' data-av_iconfont='entypo-fontello' title='' data-avia-related-tooltip='Compartir por correo'><span class='avia_hidden_link_text'>Compartir por correo<\/span><\/a><\/li><\/ul><\/div><\/div>\n<div  style='height:50px' class='hr hr-invisible   avia-builder-el-8  el_after_av_social_share  el_before_av_comments_list '><span class='hr-inner ' ><span class='hr-inner-style'><\/span><\/span><\/div>\n<div  class='av-buildercomment  av-blog-meta-html-info-disabled av-blog-meta-tag-disabled  '><\/div>\n","protected":false},"excerpt":{"rendered":"","protected":false},"author":1,"featured_media":21333,"comment_status":"open","ping_status":"open","sticky":false,"template":"","format":"standard","meta":{"footnotes":""},"categories":[35],"tags":[],"class_list":["post-21332","post","type-post","status-publish","format-standard","has-post-thumbnail","hentry","category-politica"],"jetpack_featured_media_url":"https:\/\/radiorevelacionfm.cl\/wp-content\/uploads\/2022\/09\/IMG_6552-1-1.jpg","_links":{"self":[{"href":"https:\/\/radiorevelacionfm.cl\/index.php?rest_route=\/wp\/v2\/posts\/21332","targetHints":{"allow":["GET"]}}],"collection":[{"href":"https:\/\/radiorevelacionfm.cl\/index.php?rest_route=\/wp\/v2\/posts"}],"about":[{"href":"https:\/\/radiorevelacionfm.cl\/index.php?rest_route=\/wp\/v2\/types\/post"}],"author":[{"embeddable":true,"href":"https:\/\/radiorevelacionfm.cl\/index.php?rest_route=\/wp\/v2\/users\/1"}],"replies":[{"embeddable":true,"href":"https:\/\/radiorevelacionfm.cl\/index.php?rest_route=%2Fwp%2Fv2%2Fcomments&post=21332"}],"version-history":[{"count":2,"href":"https:\/\/radiorevelacionfm.cl\/index.php?rest_route=\/wp\/v2\/posts\/21332\/revisions"}],"predecessor-version":[{"id":21335,"href":"https:\/\/radiorevelacionfm.cl\/index.php?rest_route=\/wp\/v2\/posts\/21332\/revisions\/21335"}],"wp:featuredmedia":[{"embeddable":true,"href":"https:\/\/radiorevelacionfm.cl\/index.php?rest_route=\/wp\/v2\/media\/21333"}],"wp:attachment":[{"href":"https:\/\/radiorevelacionfm.cl\/index.php?rest_route=%2Fwp%2Fv2%2Fmedia&parent=21332"}],"wp:term":[{"taxonomy":"category","embeddable":true,"href":"https:\/\/radiorevelacionfm.cl\/index.php?rest_route=%2Fwp%2Fv2%2Fcategories&post=21332"},{"taxonomy":"post_tag","embeddable":true,"href":"https:\/\/radiorevelacionfm.cl\/index.php?rest_route=%2Fwp%2Fv2%2Ftags&post=21332"}],"curies":[{"name":"wp","href":"https:\/\/api.w.org\/{rel}","templated":true}]}}