{"id":21327,"date":"2022-09-01T12:13:37","date_gmt":"2022-09-01T15:13:37","guid":{"rendered":"https:\/\/radiorevelacionfm.cl\/?p=21327"},"modified":"2022-09-01T12:13:37","modified_gmt":"2022-09-01T15:13:37","slug":"con-positiva-evaluacion-gobierno-en-aysen-concluyo-iniciativa-chile-vota-informado","status":"publish","type":"post","link":"https:\/\/radiorevelacionfm.cl\/?p=21327","title":{"rendered":"Con positiva evaluaci\u00f3n, Gobierno en Ays\u00e9n concluy\u00f3 iniciativa Chile Vota Informado"},"content":{"rendered":"<div class=\"flex_column av_one_full  flex_column_div av-zero-column-padding first  avia-builder-el-0  el_before_av_one_full  avia-builder-el-first  \" style='border-radius:0px; '><div  class='avia-image-container  av-styling-    avia-builder-el-1  avia-builder-el-no-sibling  avia-align-center '  itemprop=\"image\" itemscope=\"itemscope\" itemtype=\"https:\/\/schema.org\/ImageObject\"  ><div class='avia-image-container-inner'><div class='avia-image-overlay-wrap'><img decoding=\"async\" class='wp-image-21328 avia-img-lazy-loading-not-21328 avia_image' src=\"https:\/\/radiorevelacionfm.cl\/wp-content\/uploads\/2022\/09\/Foto-grupal-1-1.jpeg\" alt='' title='Foto grupal (1) (1)' height=\"600\" width=\"901\"  itemprop=\"thumbnailUrl\" srcset=\"https:\/\/radiorevelacionfm.cl\/wp-content\/uploads\/2022\/09\/Foto-grupal-1-1.jpeg 901w, https:\/\/radiorevelacionfm.cl\/wp-content\/uploads\/2022\/09\/Foto-grupal-1-1-300x200.jpeg 300w, https:\/\/radiorevelacionfm.cl\/wp-content\/uploads\/2022\/09\/Foto-grupal-1-1-768x511.jpeg 768w, https:\/\/radiorevelacionfm.cl\/wp-content\/uploads\/2022\/09\/Foto-grupal-1-1-705x469.jpeg 705w, https:\/\/radiorevelacionfm.cl\/wp-content\/uploads\/2022\/09\/Foto-grupal-1-1-600x400.jpeg 600w\" sizes=\"(max-width: 901px) 100vw, 901px\" \/><\/div><\/div><\/div><\/div><div class=\"flex_column av_one_full  flex_column_div av-zero-column-padding first  avia-builder-el-2  el_after_av_one_full  el_before_av_one_full  column-top-margin\" style='border-radius:0px; '><section class=\"av_textblock_section \"  itemscope=\"itemscope\" itemtype=\"https:\/\/schema.org\/BlogPosting\" itemprop=\"blogPost\" ><div class='avia_textblock  '   itemprop=\"text\" ><p style=\"text-align: center;\"><strong><span style=\"font-size: 18pt;\">Con positiva evaluaci\u00f3n, Gobierno en Ays\u00e9n concluy\u00f3 iniciativa Chile Vota Informado<\/span><\/strong><\/p>\n<div id=\"gtx-trans\" style=\"position: absolute; left: -50px; top: 4.31534px;\">\n<div class=\"gtx-trans-icon\"><\/div>\n<\/div>\n<\/div><\/section><\/div><div class=\"flex_column av_one_full  flex_column_div av-zero-column-padding first  avia-builder-el-4  el_after_av_one_full  el_before_av_hr  column-top-margin\" style='border-radius:0px; '><section class=\"av_textblock_section \"  itemscope=\"itemscope\" itemtype=\"https:\/\/schema.org\/BlogPosting\" itemprop=\"blogPost\" ><div class='avia_textblock  '   itemprop=\"text\" ><p style=\"text-align: justify;\">Con una \u00faltima entrega ciudadana de propuestas de la nueva Constituci\u00f3n en la Plaza de Armas de Coyhaique y un distendido di\u00e1logo con dirigentes sociales, la Seremi de Gobierno de Ays\u00e9n, en compa\u00f1\u00eda de Karina Acevedo, Seremi de Desarrollo Social, dieron por finalizada en la regi\u00f3n de Ays\u00e9n la campa\u00f1a Chile Vota Informado, que reparti\u00f3 cerca de 12 mil ejemplares del documento nivel local, y m\u00e1s de un mill\u00f3n a lo largo de todo el pa\u00eds.<\/p>\n<p style=\"text-align: justify;\">\u00abCon esta \u00faltima entrega ciudadana quisimos poner t\u00e9rmino a esta iniciativa, sintiendo que como Gobierno cumplimos con el deber de informar, que era nuestra responsabilidad Y como dijo la ministra Vallejo, cuando se vota informado tambi\u00e9n se puede votar en libertad. Creemos que la informaci\u00f3n es muy importante para empoderar a la ciudadan\u00eda y en ese sentido, debemos dar las garant\u00edas para que todas las personas, independiente de su lugar de origen, de su estrato socioecon\u00f3mico, de su posici\u00f3n pol\u00edtica e ideol\u00f3gica, puedan cumplir con su deber con toda la informaci\u00f3n sobre la mesa\u00bb, se\u00f1al\u00f3 la portavoz.<\/p>\n<p style=\"text-align: justify;\">\u00abPudimos ver c\u00f3mo las personas, primero t\u00edmidamente, se acercaban a recibir las propuestas que entregamos en Cochrane, Tranquilo o Puerto Guadal y despu\u00e9s de conversar con ellos y explicarles lo que est\u00e1bamos haciendo nos agradec\u00edan el esfuerzo, para que ellos tuvieran acceso al texto para informarse. Muchas personas nos hac\u00edan preguntas y nosotros siempre hicimos referencia al texto, para chequear la informaci\u00f3n que no se ajustaba a la realidad\u00bb, agreg\u00f3.<\/p>\n<p style=\"text-align: justify;\">La Seremi de Desarrollo Social, Karina Acevedo, se\u00f1al\u00f3: \u00abHoy cerramos un proceso muy importante para el pueblo de Chile, que es el t\u00e9rmino de la campa\u00f1a Chile Vota Informado que en la regi\u00f3n nos toc\u00f3 promover con la Seremi de Gobierno, Tatiana Pl\u00e1. Hemos recorrido diferentes lugares del territorio regional informando y entregando la propuesta constitucional. Hemos tenido muy buena recepci\u00f3n. Se repartieron alrededor de 12 mil ejemplares de propuesta constitucional. Podemos decir que esta es una tarea cumplida.\u00bb<\/p>\n<p style=\"text-align: justify;\">El presidente de la Uni\u00f3n Comunal de Clubes de Adultos Mayores, Jos\u00e9 Manuel Vivallo, quien particip\u00f3 del encuentro, agradeci\u00f3 la entrega de informaci\u00f3n destacando que \u00abtanto a nivel nacional como regional, las autoridades han actuado co prescindencia y no haciendo alguna apolog\u00eda para uno u otro lado. Han actuado de manera muy equilibrada, solo dando a conocer el texto. Este acto me parece maravilloso porque es un acto democr\u00e1tico, y adem\u00e1s porque aqu\u00ed est\u00e1n presentes dirigentes de cada una de las organizaciones territoriales y funcionales de Coyhaique\u00bb.<\/p>\n<p style=\"text-align: justify;\">Rodrigo de los Reyes, Presidente de la Agrupaci\u00f3n Cultural de Protecci\u00f3n al Huemul, tambi\u00e9n valor\u00f3 la actividad, se\u00f1alando que \u00abFelicito a los ministerios involucrados en Chile Vota Informado, porque el Estado, m\u00e1s all\u00e1 del Gobierno de turno, est\u00e1 cumpliendo con su deber que es informar, sobre lo que yo dir\u00eda que es uno de los procesos m\u00e1s relevantes de la historia de Chile. Yo rescato que se ha entregado informaci\u00f3n objetiva, amplia y pluralista para que todos, independiente de nuestras posturas, podamos participar\u00bb<\/p>\n<p style=\"text-align: justify;\">Por \u00faltimo, la seremi de Gobierno Tatiana Pl\u00e1 \u00c1lvarez record\u00f3 que si bien este mi\u00e9rcoles concluy\u00f3 la campa\u00f1a Chile Vota Informado, contin\u00faa la campa\u00f1a \u00abT\u00fa Voto Decide\u00bb (<a href=\"http:\/\/www.gob.cl\/tuvotodecide\" target=\"_blank\" rel=\"noopener noreferrer\">www.gob.cl\/tuvotodecide<\/a>), que es la p\u00e1gina web donde se despleg\u00f3 la informaci\u00f3n de todas las acciones que se est\u00e1n realizando como Ejecutivo para que el plebiscito constitucional sea una elecci\u00f3n limpia, responsable y tranquila.<\/p>\n<\/div><\/section><\/div><div  style='height:50px' class='hr hr-invisible   avia-builder-el-6  el_after_av_one_full  el_before_av_social_share '><span class='hr-inner ' ><span class='hr-inner-style'><\/span><\/span><\/div><\/p>\n<div  class='av-social-sharing-box  avia-builder-el-7  el_after_av_hr  el_before_av_hr  '><div class='av-share-box'><h5 class='av-share-link-description av-no-toc '>Compartir esta noticia<\/h5><ul class='av-share-box-list noLightbox'><li class='av-share-link av-social-link-facebook' ><a target=\"_blank\" aria-label=\"Compartir en Facebook\" href='https:\/\/www.facebook.com\/sharer.php?u=https:\/\/radiorevelacionfm.cl\/?p=21327&#038;t=Con%20positiva%20evaluaci%C3%B3n%2C%20Gobierno%20en%20Ays%C3%A9n%20concluy%C3%B3%20iniciativa%20Chile%20Vota%20Informado' aria-hidden='false' data-av_icon='\ue8f3' data-av_iconfont='entypo-fontello' title='' data-avia-related-tooltip='Compartir en Facebook' rel=\"noopener\"><span class='avia_hidden_link_text'>Compartir en Facebook<\/span><\/a><\/li><li class='av-share-link av-social-link-twitter' ><a target=\"_blank\" aria-label=\"Compartir en Twitter\" href='https:\/\/twitter.com\/share?text=Con%20positiva%20evaluaci%C3%B3n%2C%20Gobierno%20en%20Ays%C3%A9n%20concluy%C3%B3%20iniciativa%20Chile%20Vota%20Informado&#038;url=https:\/\/radiorevelacionfm.cl\/?p=21327' aria-hidden='false' data-av_icon='\ue8f1' data-av_iconfont='entypo-fontello' title='' data-avia-related-tooltip='Compartir en Twitter' rel=\"noopener\"><span class='avia_hidden_link_text'>Compartir en Twitter<\/span><\/a><\/li><li class='av-share-link av-social-link-whatsapp' ><a target=\"_blank\" aria-label=\"Compartir en Whatsapp\" href='https:\/\/api.whatsapp.com\/send?text=https:\/\/radiorevelacionfm.cl\/?p=21327' aria-hidden='false' data-av_icon='\uf232' data-av_iconfont='entypo-fontello' title='' data-avia-related-tooltip='Compartir en Whatsapp' rel=\"noopener\"><span class='avia_hidden_link_text'>Compartir en Whatsapp<\/span><\/a><\/li><li class='av-share-link av-social-link-linkedin' ><a target=\"_blank\" aria-label=\"Compartir en LinkedIn\" href='https:\/\/linkedin.com\/shareArticle?mini=true&#038;title=Con%20positiva%20evaluaci%C3%B3n%2C%20Gobierno%20en%20Ays%C3%A9n%20concluy%C3%B3%20iniciativa%20Chile%20Vota%20Informado&#038;url=https:\/\/radiorevelacionfm.cl\/?p=21327' aria-hidden='false' data-av_icon='\ue8fc' data-av_iconfont='entypo-fontello' title='' data-avia-related-tooltip='Compartir en LinkedIn' rel=\"noopener\"><span class='avia_hidden_link_text'>Compartir en LinkedIn<\/span><\/a><\/li><li class='av-share-link av-social-link-mail' ><a  aria-label=\"Compartir por correo\" href='mailto:?subject=Con%20positiva%20evaluaci%C3%B3n%2C%20Gobierno%20en%20Ays%C3%A9n%20concluy%C3%B3%20iniciativa%20Chile%20Vota%20Informado&#038;body=https:\/\/radiorevelacionfm.cl\/?p=21327' aria-hidden='false' data-av_icon='\ue805' data-av_iconfont='entypo-fontello' title='' data-avia-related-tooltip='Compartir por correo'><span class='avia_hidden_link_text'>Compartir por correo<\/span><\/a><\/li><\/ul><\/div><\/div>\n<div  style='height:50px' class='hr hr-invisible   avia-builder-el-8  el_after_av_social_share  el_before_av_comments_list '><span class='hr-inner ' ><span class='hr-inner-style'><\/span><\/span><\/div>\n<div  class='av-buildercomment  av-blog-meta-html-info-disabled av-blog-meta-tag-disabled  '><\/div>\n","protected":false},"excerpt":{"rendered":"","protected":false},"author":1,"featured_media":21328,"comment_status":"open","ping_status":"open","sticky":false,"template":"","format":"standard","meta":{"footnotes":""},"categories":[38],"tags":[],"class_list":["post-21327","post","type-post","status-publish","format-standard","has-post-thumbnail","hentry","category-regional"],"jetpack_featured_media_url":"https:\/\/radiorevelacionfm.cl\/wp-content\/uploads\/2022\/09\/Foto-grupal-1-1.jpeg","_links":{"self":[{"href":"https:\/\/radiorevelacionfm.cl\/index.php?rest_route=\/wp\/v2\/posts\/21327","targetHints":{"allow":["GET"]}}],"collection":[{"href":"https:\/\/radiorevelacionfm.cl\/index.php?rest_route=\/wp\/v2\/posts"}],"about":[{"href":"https:\/\/radiorevelacionfm.cl\/index.php?rest_route=\/wp\/v2\/types\/post"}],"author":[{"embeddable":true,"href":"https:\/\/radiorevelacionfm.cl\/index.php?rest_route=\/wp\/v2\/users\/1"}],"replies":[{"embeddable":true,"href":"https:\/\/radiorevelacionfm.cl\/index.php?rest_route=%2Fwp%2Fv2%2Fcomments&post=21327"}],"version-history":[{"count":2,"href":"https:\/\/radiorevelacionfm.cl\/index.php?rest_route=\/wp\/v2\/posts\/21327\/revisions"}],"predecessor-version":[{"id":21330,"href":"https:\/\/radiorevelacionfm.cl\/index.php?rest_route=\/wp\/v2\/posts\/21327\/revisions\/21330"}],"wp:featuredmedia":[{"embeddable":true,"href":"https:\/\/radiorevelacionfm.cl\/index.php?rest_route=\/wp\/v2\/media\/21328"}],"wp:attachment":[{"href":"https:\/\/radiorevelacionfm.cl\/index.php?rest_route=%2Fwp%2Fv2%2Fmedia&parent=21327"}],"wp:term":[{"taxonomy":"category","embeddable":true,"href":"https:\/\/radiorevelacionfm.cl\/index.php?rest_route=%2Fwp%2Fv2%2Fcategories&post=21327"},{"taxonomy":"post_tag","embeddable":true,"href":"https:\/\/radiorevelacionfm.cl\/index.php?rest_route=%2Fwp%2Fv2%2Ftags&post=21327"}],"curies":[{"name":"wp","href":"https:\/\/api.w.org\/{rel}","templated":true}]}}