{"id":21318,"date":"2022-09-01T11:26:01","date_gmt":"2022-09-01T14:26:01","guid":{"rendered":"https:\/\/radiorevelacionfm.cl\/?p=21318"},"modified":"2022-09-01T11:26:01","modified_gmt":"2022-09-01T14:26:01","slug":"extienden-plazo-del-concurso-historias-de-nuestra-tierra-2022","status":"publish","type":"post","link":"https:\/\/radiorevelacionfm.cl\/?p=21318","title":{"rendered":"Extienden plazo del concurso Historias de Nuestra Tierra 2022"},"content":{"rendered":"<div class=\"flex_column av_one_full  flex_column_div av-zero-column-padding first  avia-builder-el-0  el_before_av_one_full  avia-builder-el-first  \" style='border-radius:0px; '><div  class='avia-image-container  av-styling-    avia-builder-el-1  avia-builder-el-no-sibling  avia-align-center '  itemprop=\"image\" itemscope=\"itemscope\" itemtype=\"https:\/\/schema.org\/ImageObject\"  ><div class='avia-image-container-inner'><div class='avia-image-overlay-wrap'><img decoding=\"async\" class='wp-image-21319 avia-img-lazy-loading-not-21319 avia_image' src=\"https:\/\/radiorevelacionfm.cl\/wp-content\/uploads\/2022\/08\/extension_plazo_hnt_2022-1_optimized-1.jpg\" alt='' title='extension_plazo_hnt_2022-(1)_optimized (1)' height=\"600\" width=\"800\"  itemprop=\"thumbnailUrl\" srcset=\"https:\/\/radiorevelacionfm.cl\/wp-content\/uploads\/2022\/08\/extension_plazo_hnt_2022-1_optimized-1.jpg 800w, https:\/\/radiorevelacionfm.cl\/wp-content\/uploads\/2022\/08\/extension_plazo_hnt_2022-1_optimized-1-300x225.jpg 300w, https:\/\/radiorevelacionfm.cl\/wp-content\/uploads\/2022\/08\/extension_plazo_hnt_2022-1_optimized-1-768x576.jpg 768w, https:\/\/radiorevelacionfm.cl\/wp-content\/uploads\/2022\/08\/extension_plazo_hnt_2022-1_optimized-1-705x529.jpg 705w, https:\/\/radiorevelacionfm.cl\/wp-content\/uploads\/2022\/08\/extension_plazo_hnt_2022-1_optimized-1-600x450.jpg 600w\" sizes=\"(max-width: 800px) 100vw, 800px\" \/><\/div><\/div><\/div><\/div><div class=\"flex_column av_one_full  flex_column_div av-zero-column-padding first  avia-builder-el-2  el_after_av_one_full  el_before_av_one_full  column-top-margin\" style='border-radius:0px; '><section class=\"av_textblock_section \"  itemscope=\"itemscope\" itemtype=\"https:\/\/schema.org\/BlogPosting\" itemprop=\"blogPost\" ><div class='avia_textblock  '   itemprop=\"text\" ><p style=\"text-align: center;\"><strong><span style=\"font-size: 18pt;\">Extienden plazo del concurso Historias de Nuestra Tierra 2022<\/span><\/strong><\/p>\n<h1 class=\"entry-title\"><\/h1>\n<div id=\"gtx-trans\" style=\"position: absolute; left: -50px; top: 4.31534px;\">\n<div class=\"gtx-trans-icon\"><\/div>\n<\/div>\n<\/div><\/section><\/div><div class=\"flex_column av_one_full  flex_column_div av-zero-column-padding first  avia-builder-el-4  el_after_av_one_full  el_before_av_hr  column-top-margin\" style='border-radius:0px; '><section class=\"av_textblock_section \"  itemscope=\"itemscope\" itemtype=\"https:\/\/schema.org\/BlogPosting\" itemprop=\"blogPost\" ><div class='avia_textblock  '   itemprop=\"text\" ><p style=\"text-align: justify;\">Los cuentos, poemas, fotograf\u00edas y dibujos podr\u00e1n ser enviados hasta el 16 de septiembre a trav\u00e9s del sitio web www.historiasdenuestratierra.cl. Habr\u00e1 premios nacionales y regionales para las y los autores ganadores, como tambi\u00e9n para las escuelas con mayor participaci\u00f3n. Las obras seleccionadas ser\u00e1n publicadas en libros editados por FUCOA.<span id=\"more-103540\"><\/span><\/p>\n<p style=\"text-align: justify;\">Hasta el viernes 16 de septiembre se extiende el plazo para que todas y todos participen en el concurso Historias de Nuestra Tierra 2022, tradicional certamen del Ministerio de Agricultura organizado por la Fundaci\u00f3n de Comunicaciones, Capacitaci\u00f3n y Cultura del Agro (FUCOA), que cumple 30 a\u00f1os rescatando y difundiendo la cultura rural de Chile.<\/p>\n<p style=\"text-align: justify;\">El ministro de Agricultura, Esteban Valenzuela, relev\u00f3 la importancia de este tradicional certamen para la preservaci\u00f3n de la tradici\u00f3n oral, costumbres, caracter\u00edsticas, virtudes y protagonistas del campo y la ruralidad del pa\u00eds, junto con reiterar la invitaci\u00f3n a formar parte de la convocatoria. \u201cAmigas y amigos del mundo rural y del que no lo es, pero que quiere a la ruralidad: an\u00edmense a participar en esta trig\u00e9sima versi\u00f3n del concurso Historias de Nuestra Tierra. Mostremos lo maravilloso, lo potente, lo diverso, los claroscuros, las tormentas, los sue\u00f1os, la esperanza y el buen tiempo, el alba y el atardecer desde nuestra tierra, para que Chile mire la agricultura y siembre\u201d, se\u00f1al\u00f3.<\/p>\n<p style=\"text-align: justify;\">Por su parte, el director ejecutivo de FUCOA, Claudio Urtubia, explic\u00f3 que \u201chemos ampliado el plazo para que nadie quede fuera en estos 30 a\u00f1os del certamen, que a\u00f1o a a\u00f1o organizamos como fundaci\u00f3n. Ni\u00f1os, ni\u00f1as, j\u00f3venes y adultos de todo el pa\u00eds pueden participar a trav\u00e9s de distintas categor\u00edas. Hacemos un llamado especialmente a estudiantes y a sus escuelas, pues adem\u00e1s de los premios para las y los autores de las obras ganadoras, tambi\u00e9n premiaremos a los establecimientos educacionales con mayor participaci\u00f3n de sus alumnos y comunidad\u201d.<\/p>\n<p style=\"text-align: justify;\">El certamen cuenta con cuatro categor\u00edas: Cuento (todo p\u00fablico), Poema (todo p\u00fablico), Dibujo (alumnos de ense\u00f1anza b\u00e1sica y media) y Fotograf\u00eda (mayores de 18 a\u00f1os). Las categor\u00edas de Cuento y Poema cuentan con premios nacionales y regionales, consistentes en dinero en el caso de mayores de 18 a\u00f1os, mientras que las y los menores de edad reciben objetos relacionados con el mundo de la creaci\u00f3n art\u00edstica y literaria. Por otra parte, los premios para las categor\u00edas de Dibujo y Fotograf\u00eda son nacionales; se eligen primer, segundo y tercer lugar, adem\u00e1s de premios especiales. En tanto, las tres escuelas con mayor participaci\u00f3n seleccionadas recibir\u00e1n computadores.<\/p>\n<p style=\"text-align: justify;\">Con la sola participaci\u00f3n en el concurso, autom\u00e1ticamente se postula a los premios especiales \u201cPueblos originarios\u201d, \u201cMigrantes\u201d, \u201cProfesor rural\u201d, \u201cA la trayectoria\u201d, \u201cMujer rural\u201d, \u201cOficios tradicionales\u201d y \u201cMargot Loyola\u201d.<\/p>\n<p style=\"text-align: justify;\">Asimismo, las autoridades destacaron la inclusi\u00f3n del premio especial \u201c30 a\u00f1os\u201d, que ser\u00e1 otorgado al cuento o poema que destaque entre quienes ya han sido ganadores, tanto regionales como nacionales, a lo largo de las tres d\u00e9cadas del certamen. Por otro lado, tambi\u00e9n resaltaron el nuevo premio especial \u201cMandinga\u201d, incluido desde esta convocatoria 2022.<\/p>\n<p style=\"text-align: justify;\">FUCOA anualmente edita dos libros que incluyen todas las obras ganadoras de cada versi\u00f3n del certamen. Adem\u00e1s, la totalidad de los trabajos recibidos son entregados al Fondo FUCOA en el Archivo de Literatura Oral y Tradiciones Populares de la Biblioteca Nacional, donde son consultados tanto por investigadores como por el p\u00fablico en general.<\/p>\n<p style=\"text-align: justify;\">Para participar, las obras pueden ser enviadas a las oficinas de FUCOA (Teatinos 40 piso 5, Santiago) y a trav\u00e9s del sitio web www.historiasdenuestratierra.cl, donde est\u00e1n disponibles las bases del certamen, adem\u00e1s de los resultados anteriores, la galer\u00eda de ganadores, material educativo y m\u00e1s informaci\u00f3n.<\/p>\n<\/div><\/section><\/div><div  style='height:50px' class='hr hr-invisible   avia-builder-el-6  el_after_av_one_full  el_before_av_social_share '><span class='hr-inner ' ><span class='hr-inner-style'><\/span><\/span><\/div><\/p>\n<div  class='av-social-sharing-box  avia-builder-el-7  el_after_av_hr  el_before_av_hr  '><div class='av-share-box'><h5 class='av-share-link-description av-no-toc '>Compartir esta noticia<\/h5><ul class='av-share-box-list noLightbox'><li class='av-share-link av-social-link-facebook' ><a target=\"_blank\" aria-label=\"Compartir en Facebook\" href='https:\/\/www.facebook.com\/sharer.php?u=https:\/\/radiorevelacionfm.cl\/?p=21318&#038;t=Extienden%20plazo%20del%20concurso%20Historias%20de%20Nuestra%20Tierra%202022' aria-hidden='false' data-av_icon='\ue8f3' data-av_iconfont='entypo-fontello' title='' data-avia-related-tooltip='Compartir en Facebook' rel=\"noopener\"><span class='avia_hidden_link_text'>Compartir en Facebook<\/span><\/a><\/li><li class='av-share-link av-social-link-twitter' ><a target=\"_blank\" aria-label=\"Compartir en Twitter\" href='https:\/\/twitter.com\/share?text=Extienden%20plazo%20del%20concurso%20Historias%20de%20Nuestra%20Tierra%202022&#038;url=https:\/\/radiorevelacionfm.cl\/?p=21318' aria-hidden='false' data-av_icon='\ue8f1' data-av_iconfont='entypo-fontello' title='' data-avia-related-tooltip='Compartir en Twitter' rel=\"noopener\"><span class='avia_hidden_link_text'>Compartir en Twitter<\/span><\/a><\/li><li class='av-share-link av-social-link-whatsapp' ><a target=\"_blank\" aria-label=\"Compartir en Whatsapp\" href='https:\/\/api.whatsapp.com\/send?text=https:\/\/radiorevelacionfm.cl\/?p=21318' aria-hidden='false' data-av_icon='\uf232' data-av_iconfont='entypo-fontello' title='' data-avia-related-tooltip='Compartir en Whatsapp' rel=\"noopener\"><span class='avia_hidden_link_text'>Compartir en Whatsapp<\/span><\/a><\/li><li class='av-share-link av-social-link-linkedin' ><a target=\"_blank\" aria-label=\"Compartir en LinkedIn\" href='https:\/\/linkedin.com\/shareArticle?mini=true&#038;title=Extienden%20plazo%20del%20concurso%20Historias%20de%20Nuestra%20Tierra%202022&#038;url=https:\/\/radiorevelacionfm.cl\/?p=21318' aria-hidden='false' data-av_icon='\ue8fc' data-av_iconfont='entypo-fontello' title='' data-avia-related-tooltip='Compartir en LinkedIn' rel=\"noopener\"><span class='avia_hidden_link_text'>Compartir en LinkedIn<\/span><\/a><\/li><li class='av-share-link av-social-link-mail' ><a  aria-label=\"Compartir por correo\" href='mailto:?subject=Extienden%20plazo%20del%20concurso%20Historias%20de%20Nuestra%20Tierra%202022&#038;body=https:\/\/radiorevelacionfm.cl\/?p=21318' aria-hidden='false' data-av_icon='\ue805' data-av_iconfont='entypo-fontello' title='' data-avia-related-tooltip='Compartir por correo'><span class='avia_hidden_link_text'>Compartir por correo<\/span><\/a><\/li><\/ul><\/div><\/div>\n<div  style='height:50px' class='hr hr-invisible   avia-builder-el-8  el_after_av_social_share  el_before_av_comments_list '><span class='hr-inner ' ><span class='hr-inner-style'><\/span><\/span><\/div>\n<div  class='av-buildercomment  av-blog-meta-html-info-disabled av-blog-meta-tag-disabled  '><\/div>\n","protected":false},"excerpt":{"rendered":"","protected":false},"author":1,"featured_media":21319,"comment_status":"open","ping_status":"open","sticky":false,"template":"","format":"standard","meta":{"footnotes":""},"categories":[61],"tags":[],"class_list":["post-21318","post","type-post","status-publish","format-standard","has-post-thumbnail","hentry","category-nacional"],"jetpack_featured_media_url":"https:\/\/radiorevelacionfm.cl\/wp-content\/uploads\/2022\/08\/extension_plazo_hnt_2022-1_optimized-1.jpg","_links":{"self":[{"href":"https:\/\/radiorevelacionfm.cl\/index.php?rest_route=\/wp\/v2\/posts\/21318","targetHints":{"allow":["GET"]}}],"collection":[{"href":"https:\/\/radiorevelacionfm.cl\/index.php?rest_route=\/wp\/v2\/posts"}],"about":[{"href":"https:\/\/radiorevelacionfm.cl\/index.php?rest_route=\/wp\/v2\/types\/post"}],"author":[{"embeddable":true,"href":"https:\/\/radiorevelacionfm.cl\/index.php?rest_route=\/wp\/v2\/users\/1"}],"replies":[{"embeddable":true,"href":"https:\/\/radiorevelacionfm.cl\/index.php?rest_route=%2Fwp%2Fv2%2Fcomments&post=21318"}],"version-history":[{"count":2,"href":"https:\/\/radiorevelacionfm.cl\/index.php?rest_route=\/wp\/v2\/posts\/21318\/revisions"}],"predecessor-version":[{"id":21324,"href":"https:\/\/radiorevelacionfm.cl\/index.php?rest_route=\/wp\/v2\/posts\/21318\/revisions\/21324"}],"wp:featuredmedia":[{"embeddable":true,"href":"https:\/\/radiorevelacionfm.cl\/index.php?rest_route=\/wp\/v2\/media\/21319"}],"wp:attachment":[{"href":"https:\/\/radiorevelacionfm.cl\/index.php?rest_route=%2Fwp%2Fv2%2Fmedia&parent=21318"}],"wp:term":[{"taxonomy":"category","embeddable":true,"href":"https:\/\/radiorevelacionfm.cl\/index.php?rest_route=%2Fwp%2Fv2%2Fcategories&post=21318"},{"taxonomy":"post_tag","embeddable":true,"href":"https:\/\/radiorevelacionfm.cl\/index.php?rest_route=%2Fwp%2Fv2%2Ftags&post=21318"}],"curies":[{"name":"wp","href":"https:\/\/api.w.org\/{rel}","templated":true}]}}