{"id":21313,"date":"2022-09-01T10:44:48","date_gmt":"2022-09-01T13:44:48","guid":{"rendered":"https:\/\/radiorevelacionfm.cl\/?p=21313"},"modified":"2022-09-01T11:40:06","modified_gmt":"2022-09-01T14:40:06","slug":"preocupacion-por-el-aumento-de-los-delitos-de-robo-en-la-region-de-aysen","status":"publish","type":"post","link":"https:\/\/radiorevelacionfm.cl\/?p=21313","title":{"rendered":"Preocupaci\u00f3n por aumento de los delitos de robo en la Regi\u00f3n de Ays\u00e9n"},"content":{"rendered":"<div class=\"flex_column av_one_full  flex_column_div av-zero-column-padding first  avia-builder-el-0  el_before_av_one_full  avia-builder-el-first  \" style='border-radius:0px; '><div  class='avia-image-container  av-styling-    avia-builder-el-1  avia-builder-el-no-sibling  avia-align-center '  itemprop=\"image\" itemscope=\"itemscope\" itemtype=\"https:\/\/schema.org\/ImageObject\"  ><div class='avia-image-container-inner'><div class='avia-image-overlay-wrap'><img decoding=\"async\" class='wp-image-16354 avia-img-lazy-loading-not-16354 avia_image' src=\"https:\/\/radiorevelacionfm.cl\/wp-content\/uploads\/2022\/04\/PDI-Imagen-referencial-1-1.jpg\" alt='' title='PDI Imagen referencial (1) (1)' height=\"600\" width=\"900\"  itemprop=\"thumbnailUrl\" srcset=\"https:\/\/radiorevelacionfm.cl\/wp-content\/uploads\/2022\/04\/PDI-Imagen-referencial-1-1.jpg 900w, https:\/\/radiorevelacionfm.cl\/wp-content\/uploads\/2022\/04\/PDI-Imagen-referencial-1-1-300x200.jpg 300w, https:\/\/radiorevelacionfm.cl\/wp-content\/uploads\/2022\/04\/PDI-Imagen-referencial-1-1-768x512.jpg 768w, https:\/\/radiorevelacionfm.cl\/wp-content\/uploads\/2022\/04\/PDI-Imagen-referencial-1-1-705x470.jpg 705w, https:\/\/radiorevelacionfm.cl\/wp-content\/uploads\/2022\/04\/PDI-Imagen-referencial-1-1-600x400.jpg 600w\" sizes=\"(max-width: 900px) 100vw, 900px\" \/><\/div><\/div><\/div><\/div>\n<div class=\"flex_column av_one_full  flex_column_div av-zero-column-padding first  avia-builder-el-2  el_after_av_one_full  el_before_av_one_full  column-top-margin\" style='border-radius:0px; '><section class=\"av_textblock_section \"  itemscope=\"itemscope\" itemtype=\"https:\/\/schema.org\/BlogPosting\" itemprop=\"blogPost\" ><div class='avia_textblock  '   itemprop=\"text\" ><p style=\"text-align: center;\"><strong><span style=\"font-size: 18pt;\">Preocupaci\u00f3n por aumento de los delitos de robo en la Regi\u00f3n de Ays\u00e9n<\/span><\/strong><\/p>\n<div id=\"gtx-trans\" style=\"position: absolute; left: -50px; top: 4.31534px;\">\n<div class=\"gtx-trans-icon\"><\/div>\n<\/div>\n<\/div><\/section><\/div><div class=\"flex_column av_one_full  flex_column_div av-zero-column-padding first  avia-builder-el-4  el_after_av_one_full  el_before_av_hr  column-top-margin\" style='border-radius:0px; '><section class=\"av_textblock_section \"  itemscope=\"itemscope\" itemtype=\"https:\/\/schema.org\/BlogPosting\" itemprop=\"blogPost\" ><div class='avia_textblock  '   itemprop=\"text\" ><p style=\"text-align: justify;\">Las \u00faltimas encuestas en \u00e1mbitos de seguridad a nivel nacional reflejan que la percepci\u00f3n ciudadana en torno a la delincuencia ha aumentado, increment\u00e1ndose tambi\u00e9n la sensaci\u00f3n de vulnerabilidad y la preocupaci\u00f3n de las personas, autoridades y sociedad civil sobre temas de seguridad p\u00fablica.<\/p>\n<p style=\"text-align: justify;\">Seg\u00fan datos estad\u00edsticos entregados por el Centro de An\u00e1lisis Criminal de la Polic\u00eda de Investigaciones de Chile, durante el primer semestre del a\u00f1o 2022 a nivel nacional, la PDI ha superado los decretos investigativos y tambi\u00e9n la cantidad de personas detenidas que han sido puestas a disposici\u00f3n de los Tribunales de Justicia en il\u00edcitos ligados a delitos contra la propiedad, en comparaci\u00f3n al mismo periodo del a\u00f1o 2021.<\/p>\n<p style=\"text-align: justify;\">En t\u00e9rminos generales, al momento de ser investigados, los delitos de robo son considerados como delitos complejos, ya que no existe una relaci\u00f3n v\u00edctima-victimario, por lo cual las investigaciones que se deben desarrollar son prolongadas para obtener informaci\u00f3n suficiente para poner a disposici\u00f3n del Ministerio P\u00fablico. En ese sentido, este trabajo investigativo de la PDI se sustenta en el an\u00e1lisis criminal, cruce de informaci\u00f3n, trabajo de sitio de suceso, peritajes, entre otras t\u00e9cnicas investigativas, con la realizaci\u00f3n de un trabajo profesional que busca aportar al sistema en la persecuci\u00f3n penal de los delitos.<\/p>\n<p style=\"text-align: justify;\">De acuerdo a informaci\u00f3n proporcionada por la Brigada Investigadora de Robos (BIRO) Coyhaique, los modos de operar de los delitos contra la propiedad son diversos, variando conforme a la especialidad delictual que cada grupo o banda criminal desarrolla. No obstante, generalmente, \u201cse repiten algunos patrones en la forma de cometer los delitos, lo que nos lleva a relacionar denuncias respecto a un hecho u otro, adem\u00e1s, a estar en un constante perfeccionamiento de las t\u00e9cnicas investigativas para estar en sinton\u00eda con las nuevas modalidades delictuales que grupos criminales han implementado\u201d, se\u00f1al\u00f3 el jefe de la unidad, subprefecto V\u00edctor Toledo.<\/p>\n<p style=\"text-align: justify;\">En cuanto a la realidad regional, \u201cla mayor\u00eda de las concurrencias a sitios de suceso por delitos contra la propiedad, corresponden a delitos de robo en lugar no habitado y robo en lugar habitado. Los primeros han afectado, principalmente, a dependientes de locales comerciales de distintos puntos de Coyhaique y Puerto Ays\u00e9n, mientras que los robos en hogares se han concentrado en zonas m\u00e1s rurales. En ambos casos desconocidos acceden mediante el uso de la fuerza a las dependencias para sustraer distintos tipos de especies\u201d, sostuvo el jefe de la Brigada Investigadora de Robos Coyhaique, subprefecto V\u00edctor Toledo.<\/p>\n<p style=\"text-align: justify;\">Adem\u00e1s, \u201cen el \u00faltimo tiempo tambi\u00e9n hemos desarrollado investigaciones por delitos de robo con violencia e intimidaci\u00f3n, hechos que son poco habituales en esta zona. No obstante, con un trabajo coordinado con los fiscales del Ministerio P\u00fablico, se han obtenido excelentes resultados, manteni\u00e9ndose gran parte de los autores de estos delitos violentos en prisi\u00f3n preventiva con procesos ya culminados y sentenciados, mientras que otros autores se encuentran con la misma medida cautelar a la espera del respectivo juicio oral\u201d, agreg\u00f3 el jefe policial.<\/p>\n<p style=\"text-align: justify;\"><strong>Balance<\/strong><\/p>\n<p style=\"text-align: justify;\">La PDI, a trav\u00e9s de la Brigada Investigadora de Robos Coyhaique, realiz\u00f3 un balance comparativo entre el primer semestre de 2021 y 2022 para dar a conocer el quehacer de la unidad en este tipo de delitos a nivel regional.<\/p>\n<p style=\"text-align: justify;\">\u201cEn cuanto al total de decretos recibidos, durante el primer semestre de 2022, la unidad especializada recibi\u00f3 420 decretos, aumentando en comparaci\u00f3n al mismo periodo del a\u00f1o 2021\u201d, puntualiz\u00f3 el subprefecto V\u00edctor Toledo. En esta cifra se incluyen denuncias, instrucciones particulares, \u00f3rdenes de arresto, \u00f3rdenes de detenci\u00f3n, \u00f3rdenes de investigar, primeras diligencias y procedimientos por flagrancia.<\/p>\n<p style=\"text-align: justify;\">\u201cLas principales \u00f3rdenes emanadas desde la Fiscal\u00eda se relacionan con delitos de robo en lugar habitado y no habitado y robo con intimidaci\u00f3n y violencia\u201d, detall\u00f3 el jefe de la BIRO Coyhaique.<\/p>\n<p style=\"text-align: justify;\">Ahora bien, en cuanto a las personas detenidas por este tipo de il\u00edcitos, el subprefecto V\u00edctor Toledo, indic\u00f3 que \u201cen este mismo per\u00edodo de tiempo, los detenidos por este tipo de hechos aumentaron un 25%, esto quiere decir, que durante el primer semestre de 2022 registramos mayor cantidad de detenidos, respecto al a\u00f1o 2021.<\/p>\n<p style=\"text-align: justify;\">Finalmente, desde la PDI hicieron presente que en caso de ser v\u00edctimas de un delito contra la propiedad es importante denunciar estos hechos, ya que la denuncia da origen a una respectiva investigaci\u00f3n, la cual, adem\u00e1s, nos permite conocer la realidad delictual de un sector determinado y poder relacionar un delito con otro.<\/p>\n<\/div><\/section><\/div><\/p>\n<div  style='height:50px' class='hr hr-invisible   avia-builder-el-6  el_after_av_one_full  el_before_av_social_share '><span class='hr-inner ' ><span class='hr-inner-style'><\/span><\/span><\/div>\n<div  class='av-social-sharing-box  avia-builder-el-7  el_after_av_hr  el_before_av_hr  '><div class='av-share-box'><h5 class='av-share-link-description av-no-toc '>Compartir esta noticia<\/h5><ul class='av-share-box-list noLightbox'><li class='av-share-link av-social-link-facebook' ><a target=\"_blank\" aria-label=\"Compartir en Facebook\" href='https:\/\/www.facebook.com\/sharer.php?u=https:\/\/radiorevelacionfm.cl\/?p=21313&#038;t=Preocupaci%C3%B3n%20por%20aumento%20de%20los%20delitos%20de%20robo%20en%20la%20Regi%C3%B3n%20de%20Ays%C3%A9n' aria-hidden='false' data-av_icon='\ue8f3' data-av_iconfont='entypo-fontello' title='' data-avia-related-tooltip='Compartir en Facebook' rel=\"noopener\"><span class='avia_hidden_link_text'>Compartir en Facebook<\/span><\/a><\/li><li class='av-share-link av-social-link-twitter' ><a target=\"_blank\" aria-label=\"Compartir en Twitter\" href='https:\/\/twitter.com\/share?text=Preocupaci%C3%B3n%20por%20aumento%20de%20los%20delitos%20de%20robo%20en%20la%20Regi%C3%B3n%20de%20Ays%C3%A9n&#038;url=https:\/\/radiorevelacionfm.cl\/?p=21313' aria-hidden='false' data-av_icon='\ue8f1' data-av_iconfont='entypo-fontello' title='' data-avia-related-tooltip='Compartir en Twitter' rel=\"noopener\"><span class='avia_hidden_link_text'>Compartir en Twitter<\/span><\/a><\/li><li class='av-share-link av-social-link-whatsapp' ><a target=\"_blank\" aria-label=\"Compartir en Whatsapp\" href='https:\/\/api.whatsapp.com\/send?text=https:\/\/radiorevelacionfm.cl\/?p=21313' aria-hidden='false' data-av_icon='\uf232' data-av_iconfont='entypo-fontello' title='' data-avia-related-tooltip='Compartir en Whatsapp' rel=\"noopener\"><span class='avia_hidden_link_text'>Compartir en Whatsapp<\/span><\/a><\/li><li class='av-share-link av-social-link-linkedin' ><a target=\"_blank\" aria-label=\"Compartir en LinkedIn\" href='https:\/\/linkedin.com\/shareArticle?mini=true&#038;title=Preocupaci%C3%B3n%20por%20aumento%20de%20los%20delitos%20de%20robo%20en%20la%20Regi%C3%B3n%20de%20Ays%C3%A9n&#038;url=https:\/\/radiorevelacionfm.cl\/?p=21313' aria-hidden='false' data-av_icon='\ue8fc' data-av_iconfont='entypo-fontello' title='' data-avia-related-tooltip='Compartir en LinkedIn' rel=\"noopener\"><span class='avia_hidden_link_text'>Compartir en LinkedIn<\/span><\/a><\/li><li class='av-share-link av-social-link-mail' ><a  aria-label=\"Compartir por correo\" href='mailto:?subject=Preocupaci%C3%B3n%20por%20aumento%20de%20los%20delitos%20de%20robo%20en%20la%20Regi%C3%B3n%20de%20Ays%C3%A9n&#038;body=https:\/\/radiorevelacionfm.cl\/?p=21313' aria-hidden='false' data-av_icon='\ue805' data-av_iconfont='entypo-fontello' title='' data-avia-related-tooltip='Compartir por correo'><span class='avia_hidden_link_text'>Compartir por correo<\/span><\/a><\/li><\/ul><\/div><\/div>\n<div  style='height:50px' class='hr hr-invisible   avia-builder-el-8  el_after_av_social_share  el_before_av_comments_list '><span class='hr-inner ' ><span class='hr-inner-style'><\/span><\/span><\/div>\n<div  class='av-buildercomment  av-blog-meta-html-info-disabled av-blog-meta-tag-disabled  '><\/div>\n","protected":false},"excerpt":{"rendered":"","protected":false},"author":1,"featured_media":16354,"comment_status":"open","ping_status":"open","sticky":false,"template":"","format":"standard","meta":{"footnotes":""},"categories":[36],"tags":[],"class_list":["post-21313","post","type-post","status-publish","format-standard","has-post-thumbnail","hentry","category-policial"],"jetpack_featured_media_url":"https:\/\/radiorevelacionfm.cl\/wp-content\/uploads\/2022\/04\/PDI-Imagen-referencial-1-1.jpg","_links":{"self":[{"href":"https:\/\/radiorevelacionfm.cl\/index.php?rest_route=\/wp\/v2\/posts\/21313","targetHints":{"allow":["GET"]}}],"collection":[{"href":"https:\/\/radiorevelacionfm.cl\/index.php?rest_route=\/wp\/v2\/posts"}],"about":[{"href":"https:\/\/radiorevelacionfm.cl\/index.php?rest_route=\/wp\/v2\/types\/post"}],"author":[{"embeddable":true,"href":"https:\/\/radiorevelacionfm.cl\/index.php?rest_route=\/wp\/v2\/users\/1"}],"replies":[{"embeddable":true,"href":"https:\/\/radiorevelacionfm.cl\/index.php?rest_route=%2Fwp%2Fv2%2Fcomments&post=21313"}],"version-history":[{"count":4,"href":"https:\/\/radiorevelacionfm.cl\/index.php?rest_route=\/wp\/v2\/posts\/21313\/revisions"}],"predecessor-version":[{"id":21325,"href":"https:\/\/radiorevelacionfm.cl\/index.php?rest_route=\/wp\/v2\/posts\/21313\/revisions\/21325"}],"wp:featuredmedia":[{"embeddable":true,"href":"https:\/\/radiorevelacionfm.cl\/index.php?rest_route=\/wp\/v2\/media\/16354"}],"wp:attachment":[{"href":"https:\/\/radiorevelacionfm.cl\/index.php?rest_route=%2Fwp%2Fv2%2Fmedia&parent=21313"}],"wp:term":[{"taxonomy":"category","embeddable":true,"href":"https:\/\/radiorevelacionfm.cl\/index.php?rest_route=%2Fwp%2Fv2%2Fcategories&post=21313"},{"taxonomy":"post_tag","embeddable":true,"href":"https:\/\/radiorevelacionfm.cl\/index.php?rest_route=%2Fwp%2Fv2%2Ftags&post=21313"}],"curies":[{"name":"wp","href":"https:\/\/api.w.org\/{rel}","templated":true}]}}