{"id":2131,"date":"2021-01-27T11:46:10","date_gmt":"2021-01-27T14:46:10","guid":{"rendered":"https:\/\/radiorevelacionfm.cl\/?p=2131"},"modified":"2021-01-27T11:52:17","modified_gmt":"2021-01-27T14:52:17","slug":"mas-de-100-ninos-de-la-region-de-aysen-reciben-kit-de-materiales-para-el-verano","status":"publish","type":"post","link":"https:\/\/radiorevelacionfm.cl\/?p=2131","title":{"rendered":"M\u00e1s de 100 ni\u00f1os de la regi\u00f3n de Ays\u00e9n reciben kit de materiales para el verano"},"content":{"rendered":"<div class=\"flex_column av_one_full  flex_column_div av-zero-column-padding first  avia-builder-el-0  el_before_av_one_full  avia-builder-el-first  \" style='border-radius:0px; '><div  class='avia-image-container  av-styling-    avia-builder-el-1  avia-builder-el-no-sibling  avia-align-center '  itemprop=\"image\" itemscope=\"itemscope\" itemtype=\"https:\/\/schema.org\/ImageObject\"  ><div class='avia-image-container-inner'><div class='avia-image-overlay-wrap'><img decoding=\"async\" class='wp-image-0 avia-img-lazy-loading-not-0 avia_image' src=\"https:\/\/radiorevelacionfm.cl\/wp-content\/uploads\/2021\/01\/ninos_eligen_juguetes-1-1140x460-1.jpg\" alt='' title=''   itemprop=\"thumbnailUrl\"  \/><\/div><\/div><\/div><\/div><div class=\"flex_column av_one_full  flex_column_div av-zero-column-padding first  avia-builder-el-2  el_after_av_one_full  el_before_av_one_full  column-top-margin\" style='border-radius:0px; '><section class=\"av_textblock_section \"  itemscope=\"itemscope\" itemtype=\"https:\/\/schema.org\/BlogPosting\" itemprop=\"blogPost\" ><div class='avia_textblock  '   itemprop=\"text\" ><p style=\"text-align: center;\"><span style=\"font-size: 18pt;\"><strong>M\u00e1s de 100 ni\u00f1os de la regi\u00f3n de Ays\u00e9n reciben kit de materiales para el verano<\/strong><\/span><\/p>\n<div id=\"gtx-trans\" style=\"position: absolute; left: -50px; top: 4.31534px;\">\n<div class=\"gtx-trans-icon\"><\/div>\n<\/div>\n<\/div><\/section><\/div><\/p>\n<div class=\"flex_column av_one_full  flex_column_div av-zero-column-padding first  avia-builder-el-4  el_after_av_one_full  el_before_av_hr  column-top-margin\" style='border-radius:0px; '><section class=\"av_textblock_section \"  itemscope=\"itemscope\" itemtype=\"https:\/\/schema.org\/BlogPosting\" itemprop=\"blogPost\" ><div class='avia_textblock  '   itemprop=\"text\" ><p style=\"font-weight: 400; text-align: justify;\"><em>La iniciativa se enmarca dentro del Programa Vacaciones en Mi Jard\u00edn Verano 2021 la cual es desarrollada por Fundaci\u00f3n Integra desde hace 18 a\u00f1os.<\/em><\/p>\n<p style=\"font-weight: 400; text-align: justify;\">108 ni\u00f1as y ni\u00f1os pertenecientes a los Jardines infantiles de Fundaci\u00f3n Integra de la regi\u00f3n de Ays\u00e9n recibieron un kit de materiales para utilizar en casa durante enero y febrero. Esto, ya que esta temporada el programa \u201cVacaciones en Mi Jard\u00edn\u201d no se pod\u00eda realizar debido al contexto sanitario producido por la pandemia del coronavirus.<\/p>\n<p style=\"font-weight: 400; text-align: justify;\">El objetivo de esta entrega, explican desde Fundaci\u00f3n Integra, es brindar a ni\u00f1os, ni\u00f1as y sus familias un programa de continuidad de atenci\u00f3n, con \u00e9nfasis en el bienestar a trav\u00e9s de una propuesta centrada en el juego y la recreaci\u00f3n durante los per\u00edodos de vacaciones.<\/p>\n<p style=\"font-weight: 400; text-align: justify;\">La directora regional de Fundaci\u00f3n Integra, Isabel Roncallo Fandi\u00f1o destac\u00f3 que \u201cnuestro foco est\u00e1 en las ni\u00f1as y ni\u00f1os de la regi\u00f3n y es en ese contexto que buscamos diversas estrategias para poder llegar y apoyar a las familias en la tarea de educar\u201d. A la vez, destac\u00f3 que \u201cse trata de material fungible y did\u00e1ctico para que ellos pudieran tener y trabajar, jugar y compartir en sus casas\u201d.<\/p>\n<p style=\"font-weight: 400; text-align: justify;\">Fue as\u00ed que durante el mes de enero se Fundaci\u00f3n Integra se despleg\u00f3 por los distintos sectores de la regi\u00f3n para hacer llegar estos kits a las familias y ni\u00f1os beneficiados con este material educativo para los ni\u00f1os, ni\u00f1as y sus familias.<\/p>\n<p style=\"font-weight: 400; text-align: justify;\">\u201cEl contexto actual de Pandemia nos oblig\u00f3 a proponer una implementaci\u00f3n del Vacaciones en Mi Jard\u00edn Verano 2021 distinto, manteniendo el objetivo de ofrecer un espacio de cuidado y entretenci\u00f3n para ni\u00f1os y ni\u00f1as cuyas familias se encuentran trabajando y que las ni\u00f1as y ni\u00f1os puedan tener experiencias distintas de aprendizaje en este periodo estival\u201d, explic\u00f3 la Directora regional.<\/p>\n<p style=\"font-weight: 400; text-align: justify;\">Desde Fundaci\u00f3n Integra invitaron a todas las familias que est\u00e9n buscando educaci\u00f3n en Primera Infancia a que participen del proceso de Inscripci\u00f3n y Matr\u00edcula para este 2021 a que postulen a trav\u00e9s de la p\u00e1gina\u00a0<a href=\"https:\/\/postula.integra.cl\/\" data-saferedirecturl=\"https:\/\/www.google.com\/url?q=https:\/\/postula.integra.cl\/&amp;source=gmail&amp;ust=1611844307511000&amp;usg=AFQjCNEjTO2_hO_op2pd0MsZxbh4vL6zlw\">https:\/\/postula.integra.cl\/<\/a>\u00a0donde encontrar\u00e1n toda la oferta disponible para las ni\u00f1as y ni\u00f1os.<\/p>\n<p style=\"font-weight: 400; text-align: justify;\">Fundaci\u00f3n Integra pertenece a la Red de Fundaciones de la Presidencia de la Rep\u00fablica. Cuenta con 30 a\u00f1os de experiencia y es la red m\u00e1s grande de salas cuna y jardines infantiles del pa\u00eds con administraci\u00f3n directa y con 20 establecimientos en la regi\u00f3n de Ays\u00e9n.<\/p>\n<\/div><\/section><\/div>\n<div  style='height:50px' class='hr hr-invisible   avia-builder-el-6  el_after_av_one_full  el_before_av_social_share '><span class='hr-inner ' ><span class='hr-inner-style'><\/span><\/span><\/div>\n<div  class='av-social-sharing-box  avia-builder-el-7  el_after_av_hr  el_before_av_hr  '><div class='av-share-box'><h5 class='av-share-link-description av-no-toc '>Compartir esta noticia<\/h5><ul class='av-share-box-list noLightbox'><li class='av-share-link av-social-link-facebook' ><a target=\"_blank\" aria-label=\"Compartir en Facebook\" href='https:\/\/www.facebook.com\/sharer.php?u=https:\/\/radiorevelacionfm.cl\/?p=2131&#038;t=M%C3%A1s%20de%20100%20ni%C3%B1os%20de%20la%20regi%C3%B3n%20de%20Ays%C3%A9n%20reciben%20kit%20de%20materiales%20para%20el%20verano' aria-hidden='false' data-av_icon='\ue8f3' data-av_iconfont='entypo-fontello' title='' data-avia-related-tooltip='Compartir en Facebook' rel=\"noopener\"><span class='avia_hidden_link_text'>Compartir en Facebook<\/span><\/a><\/li><li class='av-share-link av-social-link-twitter' ><a target=\"_blank\" aria-label=\"Compartir en Twitter\" href='https:\/\/twitter.com\/share?text=M%C3%A1s%20de%20100%20ni%C3%B1os%20de%20la%20regi%C3%B3n%20de%20Ays%C3%A9n%20reciben%20kit%20de%20materiales%20para%20el%20verano&#038;url=https:\/\/radiorevelacionfm.cl\/?p=2131' aria-hidden='false' data-av_icon='\ue8f1' data-av_iconfont='entypo-fontello' title='' data-avia-related-tooltip='Compartir en Twitter' rel=\"noopener\"><span class='avia_hidden_link_text'>Compartir en Twitter<\/span><\/a><\/li><li class='av-share-link av-social-link-whatsapp' ><a target=\"_blank\" aria-label=\"Compartir en Whatsapp\" href='https:\/\/api.whatsapp.com\/send?text=https:\/\/radiorevelacionfm.cl\/?p=2131' aria-hidden='false' data-av_icon='\uf232' data-av_iconfont='entypo-fontello' title='' data-avia-related-tooltip='Compartir en Whatsapp' rel=\"noopener\"><span class='avia_hidden_link_text'>Compartir en Whatsapp<\/span><\/a><\/li><li class='av-share-link av-social-link-linkedin' ><a target=\"_blank\" aria-label=\"Compartir en LinkedIn\" href='https:\/\/linkedin.com\/shareArticle?mini=true&#038;title=M%C3%A1s%20de%20100%20ni%C3%B1os%20de%20la%20regi%C3%B3n%20de%20Ays%C3%A9n%20reciben%20kit%20de%20materiales%20para%20el%20verano&#038;url=https:\/\/radiorevelacionfm.cl\/?p=2131' aria-hidden='false' data-av_icon='\ue8fc' data-av_iconfont='entypo-fontello' title='' data-avia-related-tooltip='Compartir en LinkedIn' rel=\"noopener\"><span class='avia_hidden_link_text'>Compartir en LinkedIn<\/span><\/a><\/li><li class='av-share-link av-social-link-mail' ><a  aria-label=\"Compartir por correo\" href='mailto:?subject=M%C3%A1s%20de%20100%20ni%C3%B1os%20de%20la%20regi%C3%B3n%20de%20Ays%C3%A9n%20reciben%20kit%20de%20materiales%20para%20el%20verano&#038;body=https:\/\/radiorevelacionfm.cl\/?p=2131' aria-hidden='false' data-av_icon='\ue805' data-av_iconfont='entypo-fontello' title='' data-avia-related-tooltip='Compartir por correo'><span class='avia_hidden_link_text'>Compartir por correo<\/span><\/a><\/li><\/ul><\/div><\/div>\n<div  style='height:50px' class='hr hr-invisible   avia-builder-el-8  el_after_av_social_share  el_before_av_comments_list '><span class='hr-inner ' ><span class='hr-inner-style'><\/span><\/span><\/div>\n<div  class='av-buildercomment  av-blog-meta-html-info-disabled av-blog-meta-tag-disabled  '><\/div>\n","protected":false},"excerpt":{"rendered":"","protected":false},"author":1,"featured_media":0,"comment_status":"open","ping_status":"open","sticky":false,"template":"","format":"standard","meta":{"footnotes":""},"categories":[49],"tags":[],"class_list":["post-2131","post","type-post","status-publish","format-standard","hentry","category-educacion"],"jetpack_featured_media_url":"","_links":{"self":[{"href":"https:\/\/radiorevelacionfm.cl\/index.php?rest_route=\/wp\/v2\/posts\/2131","targetHints":{"allow":["GET"]}}],"collection":[{"href":"https:\/\/radiorevelacionfm.cl\/index.php?rest_route=\/wp\/v2\/posts"}],"about":[{"href":"https:\/\/radiorevelacionfm.cl\/index.php?rest_route=\/wp\/v2\/types\/post"}],"author":[{"embeddable":true,"href":"https:\/\/radiorevelacionfm.cl\/index.php?rest_route=\/wp\/v2\/users\/1"}],"replies":[{"embeddable":true,"href":"https:\/\/radiorevelacionfm.cl\/index.php?rest_route=%2Fwp%2Fv2%2Fcomments&post=2131"}],"version-history":[{"count":3,"href":"https:\/\/radiorevelacionfm.cl\/index.php?rest_route=\/wp\/v2\/posts\/2131\/revisions"}],"predecessor-version":[{"id":2136,"href":"https:\/\/radiorevelacionfm.cl\/index.php?rest_route=\/wp\/v2\/posts\/2131\/revisions\/2136"}],"wp:attachment":[{"href":"https:\/\/radiorevelacionfm.cl\/index.php?rest_route=%2Fwp%2Fv2%2Fmedia&parent=2131"}],"wp:term":[{"taxonomy":"category","embeddable":true,"href":"https:\/\/radiorevelacionfm.cl\/index.php?rest_route=%2Fwp%2Fv2%2Fcategories&post=2131"},{"taxonomy":"post_tag","embeddable":true,"href":"https:\/\/radiorevelacionfm.cl\/index.php?rest_route=%2Fwp%2Fv2%2Ftags&post=2131"}],"curies":[{"name":"wp","href":"https:\/\/api.w.org\/{rel}","templated":true}]}}