{"id":21271,"date":"2022-08-31T12:54:04","date_gmt":"2022-08-31T15:54:04","guid":{"rendered":"https:\/\/radiorevelacionfm.cl\/?p=21271"},"modified":"2022-08-31T12:54:04","modified_gmt":"2022-08-31T15:54:04","slug":"ministro-de-educacion-se-compromete-a-buscar-solucion-para-paliar-deficit-que-afecta-a-la-educacion-municipal-en-coyhaique","status":"publish","type":"post","link":"https:\/\/radiorevelacionfm.cl\/?p=21271","title":{"rendered":"Ministro de Educaci\u00f3n se compromete a buscar soluci\u00f3n para paliar d\u00e9ficit que afecta a la educaci\u00f3n municipal en Coyhaique"},"content":{"rendered":"<div class=\"flex_column av_one_full  flex_column_div av-zero-column-padding first  avia-builder-el-0  el_before_av_one_full  avia-builder-el-first  \" style='border-radius:0px; '><div  class='avia-image-container  av-styling-    avia-builder-el-1  avia-builder-el-no-sibling  avia-align-center '  itemprop=\"image\" itemscope=\"itemscope\" itemtype=\"https:\/\/schema.org\/ImageObject\"  ><div class='avia-image-container-inner'><div class='avia-image-overlay-wrap'><img decoding=\"async\" class='wp-image-21272 avia-img-lazy-loading-not-21272 avia_image' src=\"https:\/\/radiorevelacionfm.cl\/wp-content\/uploads\/2022\/08\/foto-4-reu-1-1.jpeg\" alt='' title='foto 4 reu (1) (1)' height=\"600\" width=\"800\"  itemprop=\"thumbnailUrl\" srcset=\"https:\/\/radiorevelacionfm.cl\/wp-content\/uploads\/2022\/08\/foto-4-reu-1-1.jpeg 800w, https:\/\/radiorevelacionfm.cl\/wp-content\/uploads\/2022\/08\/foto-4-reu-1-1-300x225.jpeg 300w, https:\/\/radiorevelacionfm.cl\/wp-content\/uploads\/2022\/08\/foto-4-reu-1-1-768x576.jpeg 768w, https:\/\/radiorevelacionfm.cl\/wp-content\/uploads\/2022\/08\/foto-4-reu-1-1-705x529.jpeg 705w, https:\/\/radiorevelacionfm.cl\/wp-content\/uploads\/2022\/08\/foto-4-reu-1-1-600x450.jpeg 600w\" sizes=\"(max-width: 800px) 100vw, 800px\" \/><\/div><\/div><\/div><\/div><div class=\"flex_column av_one_full  flex_column_div av-zero-column-padding first  avia-builder-el-2  el_after_av_one_full  el_before_av_one_full  column-top-margin\" style='border-radius:0px; '><section class=\"av_textblock_section \"  itemscope=\"itemscope\" itemtype=\"https:\/\/schema.org\/BlogPosting\" itemprop=\"blogPost\" ><div class='avia_textblock  '   itemprop=\"text\" ><p style=\"text-align: center;\"><strong><span style=\"font-size: 18pt;\">Ministro de Educaci\u00f3n se compromete a buscar soluci\u00f3n para paliar d\u00e9ficit que afecta a la educaci\u00f3n municipal en Coyhaique<\/span><\/strong><\/p>\n<div id=\"gtx-trans\" style=\"position: absolute; left: -50px; top: 4.31534px;\">\n<div class=\"gtx-trans-icon\"><\/div>\n<\/div>\n<\/div><\/section><\/div><div class=\"flex_column av_one_full  flex_column_div av-zero-column-padding first  avia-builder-el-4  el_after_av_one_full  el_before_av_hr  column-top-margin\" style='border-radius:0px; '><section class=\"av_textblock_section \"  itemscope=\"itemscope\" itemtype=\"https:\/\/schema.org\/BlogPosting\" itemprop=\"blogPost\" ><div class='avia_textblock  '   itemprop=\"text\" ><p style=\"font-weight: 400; text-align: justify;\">Con la intenci\u00f3n de plantearle la urgente necesidad de contar con m\u00e1s recursos para enfrentar el d\u00e9ficit que mantiene el Departamento de Educaci\u00f3n Municipal del Municipio de Coyhaique, el alcalde de la comuna,\u00a0Carlos Gatica y el diputado Miguel \u00c1ngel Calisto\u00a0se reunieron con el Ministro de Educaci\u00f3n,\u00a0Marco Antonio \u00c1vila, quien manifest\u00f3 una buena disposici\u00f3n para buscar una soluci\u00f3n a esta problem\u00e1tica.<\/p>\n<p style=\"font-weight: 400; text-align: justify;\">Seg\u00fan el\u00a0diputado Calisto, \u201cbuscamos alternativas que permitan financiar el d\u00e9ficit que hoy tiene la Municipalidad de Coyhaique en materia de educaci\u00f3n. El Alcalde ha sido bastante claro al se\u00f1alar que la Municipalidad arrastra un d\u00e9ficit que viene de administraciones anteriores. Ahora, corresponde que busquemos una soluci\u00f3n, porque esto afecta directamente en la calidad de educaci\u00f3n de nuestros ni\u00f1os\u201d.<\/p>\n<p style=\"font-weight: 400; text-align: justify;\">\u201cTenemos problemas de calefacci\u00f3n, de locomoci\u00f3n, de infraestructura en establecimientos municipales. Hemos visto en este invierno a ni\u00f1os peque\u00f1os sin calefacci\u00f3n en escuelas rurales. Esto requiere un financiamiento, porque es rol del Estado, no del Municipio garantizar esos recursos. El Ministro ha manifestado su compromiso para poder contribuir a este d\u00e9ficit que tiene la Municipalidad de Coyhaique\u201d, indic\u00f3 el legislador.<\/p>\n<p style=\"font-weight: 400; text-align: justify;\">Por su parte, el alcalde\u00a0Carlos Gatica\u00a0se\u00f1al\u00f3 que \u201cpudimos abordar las tem\u00e1ticas que hoy nos dificultan el desarrollo de la educaci\u00f3n municipal en nuestra comuna, especialmente el d\u00e9ficit que existe hoy en d\u00eda. Para poder cumplir con nuestros ni\u00f1os y ni\u00f1as y tambi\u00e9n con los trabajadores, es necesario aumentar los recursos para el departamento de educaci\u00f3n municipal de la comuna de Coyhaique\u201d.<\/p>\n<p style=\"font-weight: 400; text-align: justify;\">\u201cEl Ministro de Educaci\u00f3n nos se\u00f1al\u00f3 que los fondos FAEP 2023 se iban a ver incrementados en un equivalente a los mismos fondos del a\u00f1o 2015. As\u00ed tambi\u00e9n suceder\u00e1 con los ingresos por los bonos e incentivo al retiro desde los a\u00f1os 2019 al 2021, lo cual nos permitir\u00eda reducir los gastos de la operaci\u00f3n municipal en la educaci\u00f3n p\u00fablica\u201d, se\u00f1al\u00f3 el edil.<\/p>\n<p style=\"font-weight: 400; text-align: justify;\">Finalmente, el Alcalde indic\u00f3 que \u201ctambi\u00e9n est\u00e1n las gestiones y el compromiso del diputado Calisto para poder generar una remesa en el ingreso de fondos, que permitan pagar sueldos y planilla de sueldos de aqu\u00ed al mes de diciembre, porque el Municipio de Coyhaique en la situaci\u00f3n econ\u00f3mica que hoy est\u00e1 viviendo no alcanza cubrir la planilla de gastos del mes de diciembre de este a\u00f1o\u201d.<\/p>\n<\/div><\/section><\/div><div  style='height:50px' class='hr hr-invisible   avia-builder-el-6  el_after_av_one_full  el_before_av_social_share '><span class='hr-inner ' ><span class='hr-inner-style'><\/span><\/span><\/div><\/p>\n<div  class='av-social-sharing-box  avia-builder-el-7  el_after_av_hr  el_before_av_hr  '><div class='av-share-box'><h5 class='av-share-link-description av-no-toc '>Compartir esta noticia<\/h5><ul class='av-share-box-list noLightbox'><li class='av-share-link av-social-link-facebook' ><a target=\"_blank\" aria-label=\"Compartir en Facebook\" href='https:\/\/www.facebook.com\/sharer.php?u=https:\/\/radiorevelacionfm.cl\/?p=21271&#038;t=Ministro%20de%20Educaci%C3%B3n%20se%20compromete%20a%20buscar%20soluci%C3%B3n%20para%20paliar%20d%C3%A9ficit%20que%20afecta%20a%20la%20educaci%C3%B3n%20municipal%20en%20Coyhaique' aria-hidden='false' data-av_icon='\ue8f3' data-av_iconfont='entypo-fontello' title='' data-avia-related-tooltip='Compartir en Facebook' rel=\"noopener\"><span class='avia_hidden_link_text'>Compartir en Facebook<\/span><\/a><\/li><li class='av-share-link av-social-link-twitter' ><a target=\"_blank\" aria-label=\"Compartir en Twitter\" href='https:\/\/twitter.com\/share?text=Ministro%20de%20Educaci%C3%B3n%20se%20compromete%20a%20buscar%20soluci%C3%B3n%20para%20paliar%20d%C3%A9ficit%20que%20afecta%20a%20la%20educaci%C3%B3n%20municipal%20en%20Coyhaique&#038;url=https:\/\/radiorevelacionfm.cl\/?p=21271' aria-hidden='false' data-av_icon='\ue8f1' data-av_iconfont='entypo-fontello' title='' data-avia-related-tooltip='Compartir en Twitter' rel=\"noopener\"><span class='avia_hidden_link_text'>Compartir en Twitter<\/span><\/a><\/li><li class='av-share-link av-social-link-whatsapp' ><a target=\"_blank\" aria-label=\"Compartir en Whatsapp\" href='https:\/\/api.whatsapp.com\/send?text=https:\/\/radiorevelacionfm.cl\/?p=21271' aria-hidden='false' data-av_icon='\uf232' data-av_iconfont='entypo-fontello' title='' data-avia-related-tooltip='Compartir en Whatsapp' rel=\"noopener\"><span class='avia_hidden_link_text'>Compartir en Whatsapp<\/span><\/a><\/li><li class='av-share-link av-social-link-linkedin' ><a target=\"_blank\" aria-label=\"Compartir en LinkedIn\" href='https:\/\/linkedin.com\/shareArticle?mini=true&#038;title=Ministro%20de%20Educaci%C3%B3n%20se%20compromete%20a%20buscar%20soluci%C3%B3n%20para%20paliar%20d%C3%A9ficit%20que%20afecta%20a%20la%20educaci%C3%B3n%20municipal%20en%20Coyhaique&#038;url=https:\/\/radiorevelacionfm.cl\/?p=21271' aria-hidden='false' data-av_icon='\ue8fc' data-av_iconfont='entypo-fontello' title='' data-avia-related-tooltip='Compartir en LinkedIn' rel=\"noopener\"><span class='avia_hidden_link_text'>Compartir en LinkedIn<\/span><\/a><\/li><li class='av-share-link av-social-link-mail' ><a  aria-label=\"Compartir por correo\" href='mailto:?subject=Ministro%20de%20Educaci%C3%B3n%20se%20compromete%20a%20buscar%20soluci%C3%B3n%20para%20paliar%20d%C3%A9ficit%20que%20afecta%20a%20la%20educaci%C3%B3n%20municipal%20en%20Coyhaique&#038;body=https:\/\/radiorevelacionfm.cl\/?p=21271' aria-hidden='false' data-av_icon='\ue805' data-av_iconfont='entypo-fontello' title='' data-avia-related-tooltip='Compartir por correo'><span class='avia_hidden_link_text'>Compartir por correo<\/span><\/a><\/li><\/ul><\/div><\/div>\n<div  style='height:50px' class='hr hr-invisible   avia-builder-el-8  el_after_av_social_share  el_before_av_comments_list '><span class='hr-inner ' ><span class='hr-inner-style'><\/span><\/span><\/div>\n<div  class='av-buildercomment  av-blog-meta-html-info-disabled av-blog-meta-tag-disabled  '><\/div>\n","protected":false},"excerpt":{"rendered":"","protected":false},"author":1,"featured_media":21272,"comment_status":"open","ping_status":"open","sticky":false,"template":"","format":"standard","meta":{"footnotes":""},"categories":[35],"tags":[],"class_list":["post-21271","post","type-post","status-publish","format-standard","has-post-thumbnail","hentry","category-politica"],"jetpack_featured_media_url":"https:\/\/radiorevelacionfm.cl\/wp-content\/uploads\/2022\/08\/foto-4-reu-1-1.jpeg","_links":{"self":[{"href":"https:\/\/radiorevelacionfm.cl\/index.php?rest_route=\/wp\/v2\/posts\/21271","targetHints":{"allow":["GET"]}}],"collection":[{"href":"https:\/\/radiorevelacionfm.cl\/index.php?rest_route=\/wp\/v2\/posts"}],"about":[{"href":"https:\/\/radiorevelacionfm.cl\/index.php?rest_route=\/wp\/v2\/types\/post"}],"author":[{"embeddable":true,"href":"https:\/\/radiorevelacionfm.cl\/index.php?rest_route=\/wp\/v2\/users\/1"}],"replies":[{"embeddable":true,"href":"https:\/\/radiorevelacionfm.cl\/index.php?rest_route=%2Fwp%2Fv2%2Fcomments&post=21271"}],"version-history":[{"count":2,"href":"https:\/\/radiorevelacionfm.cl\/index.php?rest_route=\/wp\/v2\/posts\/21271\/revisions"}],"predecessor-version":[{"id":21274,"href":"https:\/\/radiorevelacionfm.cl\/index.php?rest_route=\/wp\/v2\/posts\/21271\/revisions\/21274"}],"wp:featuredmedia":[{"embeddable":true,"href":"https:\/\/radiorevelacionfm.cl\/index.php?rest_route=\/wp\/v2\/media\/21272"}],"wp:attachment":[{"href":"https:\/\/radiorevelacionfm.cl\/index.php?rest_route=%2Fwp%2Fv2%2Fmedia&parent=21271"}],"wp:term":[{"taxonomy":"category","embeddable":true,"href":"https:\/\/radiorevelacionfm.cl\/index.php?rest_route=%2Fwp%2Fv2%2Fcategories&post=21271"},{"taxonomy":"post_tag","embeddable":true,"href":"https:\/\/radiorevelacionfm.cl\/index.php?rest_route=%2Fwp%2Fv2%2Ftags&post=21271"}],"curies":[{"name":"wp","href":"https:\/\/api.w.org\/{rel}","templated":true}]}}