{"id":2127,"date":"2021-01-27T08:43:31","date_gmt":"2021-01-27T11:43:31","guid":{"rendered":"https:\/\/radiorevelacionfm.cl\/?p=2127"},"modified":"2021-01-27T08:43:31","modified_gmt":"2021-01-27T11:43:31","slug":"municipio-de-aysen-lamenta-fallecimiento-de-oscar-catalan-sanchez-y-decreta-duelo-comunal","status":"publish","type":"post","link":"https:\/\/radiorevelacionfm.cl\/?p=2127","title":{"rendered":"Municipio de Ays\u00e9n lamenta fallecimiento de Oscar Catal\u00e1n S\u00e1nchez y decreta duelo comunal"},"content":{"rendered":"<div class=\"flex_column av_one_full  flex_column_div av-zero-column-padding first  avia-builder-el-0  el_before_av_one_full  avia-builder-el-first  \" style='border-radius:0px; '><div  class='avia-image-container  av-styling-    avia-builder-el-1  avia-builder-el-no-sibling  avia-align-center '  itemprop=\"image\" itemscope=\"itemscope\" itemtype=\"https:\/\/schema.org\/ImageObject\"  ><div class='avia-image-container-inner'><div class='avia-image-overlay-wrap'><img decoding=\"async\" class='wp-image-0 avia-img-lazy-loading-not-0 avia_image' src=\"https:\/\/radiorevelacionfm.cl\/wp-content\/uploads\/2021\/01\/OSCAR-CATALAN-01.jpg\" alt='' title=''   itemprop=\"thumbnailUrl\"  \/><\/div><\/div><\/div><\/div><div class=\"flex_column av_one_full  flex_column_div av-zero-column-padding first  avia-builder-el-2  el_after_av_one_full  el_before_av_one_full  column-top-margin\" style='border-radius:0px; '><section class=\"av_textblock_section \"  itemscope=\"itemscope\" itemtype=\"https:\/\/schema.org\/BlogPosting\" itemprop=\"blogPost\" ><div class='avia_textblock  '   itemprop=\"text\" ><p style=\"text-align: center;\"><span style=\"font-size: 18pt;\"><strong>Municipio de Ays\u00e9n lamenta fallecimiento de Oscar Catal\u00e1n S\u00e1nchez y decreta duelo comunal<\/strong><\/span><\/p>\n<div id=\"gtx-trans\" style=\"position: absolute; left: -50px; top: 4.31534px;\">\n<div class=\"gtx-trans-icon\"><\/div>\n<\/div>\n<\/div><\/section><\/div><div class=\"flex_column av_one_full  flex_column_div av-zero-column-padding first  avia-builder-el-4  el_after_av_one_full  el_before_av_hr  column-top-margin\" style='border-radius:0px; '><section class=\"av_textblock_section \"  itemscope=\"itemscope\" itemtype=\"https:\/\/schema.org\/BlogPosting\" itemprop=\"blogPost\" ><div class='avia_textblock  '   itemprop=\"text\" ><p style=\"text-align: justify;\">A la edad de 59 a\u00f1os y tras una incansable batalla contra el c\u00e1ncer que lo aquejaba, falleci\u00f3 en Dichato el ex alcalde de la comuna de Ays\u00e9n, Oscar Catal\u00e1n S\u00e1nchez, quien liderara cinco administraciones municipales en las cuales condujo cambios sustanciales a la calidad de vida de los ayseninos realizando haza\u00f1as, hasta ese momento impensadas, como la creaci\u00f3n de la Poblaci\u00f3n Litoral Austral, el complejo recreativo Bah\u00eda Acantilada y el Parque Municipal, entre otras.<\/p>\n<p style=\"text-align: justify;\">Desde la Ilustre Municipalidad de Ays\u00e9n se ha decretado tres d\u00edas de duelo comunal, disponiendo con ello banderas hasta media asta en el Edificio Consistorial que alberg\u00f3 a Catal\u00e1n S\u00e1nchez durante 19 a\u00f1os.<\/p>\n<p style=\"text-align: justify;\">\u201cNos deja un vecino, nos deja un amigo, este l\u00edder que quiso pensar en grande a Ays\u00e9n. Grandes obras, grandes aniversarios, todo en grande, pero en grande por el amor a Ays\u00e9n\u201d, manifest\u00f3 el alcalde aysenino, Luis Mart\u00ednez respecto al lamentable deceso.<\/p>\n<p style=\"text-align: justify;\">\u201cUn hombre joven que hace un a\u00f1o se iba con toda la ilusi\u00f3n como gobernador regional a luchar por esta tierra, nos deja hoy d\u00eda\u201d, agreg\u00f3 la m\u00e1xima autoridad comunal.<\/p>\n<p style=\"text-align: justify;\">El municipio dispuso de un espacio en el hall de acceso del edificio consistorial para quienes deseen hacer llegar sus muestras de cari\u00f1o. Asimismo, libros de condolencias. Uno de ellos, de car\u00e1cter virtual y que se encuentra en\u00a0<a href=\"https:\/\/www.puertoaysen.cl\/condolencias\/\">https:\/\/www.puertoaysen.cl\/condolencias\/<\/a>.<\/p>\n<p style=\"text-align: justify;\">Al t\u00e9rmino de la jornada de este martes fue convocada una sesi\u00f3n extraordinaria del Consejo de Organizaciones de la Sociedad Civil de la comuna, COSOC, en que los funcionarios municipales -representados por medio de la Asociaci\u00f3n de Funcionarios de Puerto Ays\u00e9n- solicitaron la modificaci\u00f3n de la actual denominaci\u00f3n de calle Esmeralda, por el nombre de calle Alcalde \u00d3scar Catal\u00e1n S\u00e1nchez, en virtud del m\u00e9rito alcanzado por la ex autoridad, durante el ejercicio de su cargo.<\/p>\n<p style=\"text-align: justify;\">Petici\u00f3n que fue votada favorablemente de forma un\u00e1nime por los integrantes del COSOC. Resultado que debe ser ratificado este mi\u00e9rcoles por el H. Concejo Municipal de Ays\u00e9n.<\/p>\n<p style=\"text-align: justify;\">Oscar Servando Catal\u00e1n S\u00e1nchez\u00a0 (18 de agosto de 1961 \u2013 26 de enero 2021)<\/p>\n<\/div><\/section><\/div><div  style='height:50px' class='hr hr-invisible   avia-builder-el-6  el_after_av_one_full  el_before_av_social_share '><span class='hr-inner ' ><span class='hr-inner-style'><\/span><\/span><\/div><\/p>\n<div  class='av-social-sharing-box  avia-builder-el-7  el_after_av_hr  el_before_av_hr  '><div class='av-share-box'><h5 class='av-share-link-description av-no-toc '>Compartir esta noticia<\/h5><ul class='av-share-box-list noLightbox'><li class='av-share-link av-social-link-facebook' ><a target=\"_blank\" aria-label=\"Compartir en Facebook\" href='https:\/\/www.facebook.com\/sharer.php?u=https:\/\/radiorevelacionfm.cl\/?p=2127&#038;t=Municipio%20de%20Ays%C3%A9n%20lamenta%20fallecimiento%20de%20Oscar%20Catal%C3%A1n%20S%C3%A1nchez%20y%20decreta%20duelo%20comunal' aria-hidden='false' data-av_icon='\ue8f3' data-av_iconfont='entypo-fontello' title='' data-avia-related-tooltip='Compartir en Facebook' rel=\"noopener\"><span class='avia_hidden_link_text'>Compartir en Facebook<\/span><\/a><\/li><li class='av-share-link av-social-link-twitter' ><a target=\"_blank\" aria-label=\"Compartir en Twitter\" href='https:\/\/twitter.com\/share?text=Municipio%20de%20Ays%C3%A9n%20lamenta%20fallecimiento%20de%20Oscar%20Catal%C3%A1n%20S%C3%A1nchez%20y%20decreta%20duelo%20comunal&#038;url=https:\/\/radiorevelacionfm.cl\/?p=2127' aria-hidden='false' data-av_icon='\ue8f1' data-av_iconfont='entypo-fontello' title='' data-avia-related-tooltip='Compartir en Twitter' rel=\"noopener\"><span class='avia_hidden_link_text'>Compartir en Twitter<\/span><\/a><\/li><li class='av-share-link av-social-link-whatsapp' ><a target=\"_blank\" aria-label=\"Compartir en Whatsapp\" href='https:\/\/api.whatsapp.com\/send?text=https:\/\/radiorevelacionfm.cl\/?p=2127' aria-hidden='false' data-av_icon='\uf232' data-av_iconfont='entypo-fontello' title='' data-avia-related-tooltip='Compartir en Whatsapp' rel=\"noopener\"><span class='avia_hidden_link_text'>Compartir en Whatsapp<\/span><\/a><\/li><li class='av-share-link av-social-link-linkedin' ><a target=\"_blank\" aria-label=\"Compartir en LinkedIn\" href='https:\/\/linkedin.com\/shareArticle?mini=true&#038;title=Municipio%20de%20Ays%C3%A9n%20lamenta%20fallecimiento%20de%20Oscar%20Catal%C3%A1n%20S%C3%A1nchez%20y%20decreta%20duelo%20comunal&#038;url=https:\/\/radiorevelacionfm.cl\/?p=2127' aria-hidden='false' data-av_icon='\ue8fc' data-av_iconfont='entypo-fontello' title='' data-avia-related-tooltip='Compartir en LinkedIn' rel=\"noopener\"><span class='avia_hidden_link_text'>Compartir en LinkedIn<\/span><\/a><\/li><li class='av-share-link av-social-link-mail' ><a  aria-label=\"Compartir por correo\" href='mailto:?subject=Municipio%20de%20Ays%C3%A9n%20lamenta%20fallecimiento%20de%20Oscar%20Catal%C3%A1n%20S%C3%A1nchez%20y%20decreta%20duelo%20comunal&#038;body=https:\/\/radiorevelacionfm.cl\/?p=2127' aria-hidden='false' data-av_icon='\ue805' data-av_iconfont='entypo-fontello' title='' data-avia-related-tooltip='Compartir por correo'><span class='avia_hidden_link_text'>Compartir por correo<\/span><\/a><\/li><\/ul><\/div><\/div>\n<div  style='height:50px' class='hr hr-invisible   avia-builder-el-8  el_after_av_social_share  el_before_av_comments_list '><span class='hr-inner ' ><span class='hr-inner-style'><\/span><\/span><\/div>\n<div  class='av-buildercomment  av-blog-meta-html-info-disabled av-blog-meta-tag-disabled  '><\/div>\n","protected":false},"excerpt":{"rendered":"","protected":false},"author":1,"featured_media":0,"comment_status":"open","ping_status":"open","sticky":false,"template":"","format":"standard","meta":{"footnotes":""},"categories":[38],"tags":[],"class_list":["post-2127","post","type-post","status-publish","format-standard","hentry","category-regional"],"jetpack_featured_media_url":"","_links":{"self":[{"href":"https:\/\/radiorevelacionfm.cl\/index.php?rest_route=\/wp\/v2\/posts\/2127","targetHints":{"allow":["GET"]}}],"collection":[{"href":"https:\/\/radiorevelacionfm.cl\/index.php?rest_route=\/wp\/v2\/posts"}],"about":[{"href":"https:\/\/radiorevelacionfm.cl\/index.php?rest_route=\/wp\/v2\/types\/post"}],"author":[{"embeddable":true,"href":"https:\/\/radiorevelacionfm.cl\/index.php?rest_route=\/wp\/v2\/users\/1"}],"replies":[{"embeddable":true,"href":"https:\/\/radiorevelacionfm.cl\/index.php?rest_route=%2Fwp%2Fv2%2Fcomments&post=2127"}],"version-history":[{"count":1,"href":"https:\/\/radiorevelacionfm.cl\/index.php?rest_route=\/wp\/v2\/posts\/2127\/revisions"}],"predecessor-version":[{"id":2130,"href":"https:\/\/radiorevelacionfm.cl\/index.php?rest_route=\/wp\/v2\/posts\/2127\/revisions\/2130"}],"wp:attachment":[{"href":"https:\/\/radiorevelacionfm.cl\/index.php?rest_route=%2Fwp%2Fv2%2Fmedia&parent=2127"}],"wp:term":[{"taxonomy":"category","embeddable":true,"href":"https:\/\/radiorevelacionfm.cl\/index.php?rest_route=%2Fwp%2Fv2%2Fcategories&post=2127"},{"taxonomy":"post_tag","embeddable":true,"href":"https:\/\/radiorevelacionfm.cl\/index.php?rest_route=%2Fwp%2Fv2%2Ftags&post=2127"}],"curies":[{"name":"wp","href":"https:\/\/api.w.org\/{rel}","templated":true}]}}