{"id":21267,"date":"2022-08-31T12:05:59","date_gmt":"2022-08-31T15:05:59","guid":{"rendered":"https:\/\/radiorevelacionfm.cl\/?p=21267"},"modified":"2022-08-31T12:05:59","modified_gmt":"2022-08-31T15:05:59","slug":"proyecto-de-electrificacion-de-comunidad-el-bosque-de-cerro-castillo-sera-colocado-en-tabla-para-financiamiento","status":"publish","type":"post","link":"https:\/\/radiorevelacionfm.cl\/?p=21267","title":{"rendered":"Proyecto de electrificaci\u00f3n de comunidad El Bosque de Cerro Castillo ser\u00e1 colocado en tabla para financiamiento"},"content":{"rendered":"<div class=\"flex_column av_one_full  flex_column_div av-zero-column-padding first  avia-builder-el-0  el_before_av_one_full  avia-builder-el-first  \" style='border-radius:0px; '><div  class='avia-image-container  av-styling-    avia-builder-el-1  avia-builder-el-no-sibling  avia-align-center '  itemprop=\"image\" itemscope=\"itemscope\" itemtype=\"https:\/\/schema.org\/ImageObject\"  ><div class='avia-image-container-inner'><div class='avia-image-overlay-wrap'><img decoding=\"async\" class='wp-image-21268 avia-img-lazy-loading-not-21268 avia_image' src=\"https:\/\/radiorevelacionfm.cl\/wp-content\/uploads\/2022\/08\/302678428_206416731727538_654056897610048328_n-1-1.jpg\" alt='' title='302678428_206416731727538_654056897610048328_n (1) (1)' height=\"600\" width=\"900\"  itemprop=\"thumbnailUrl\" srcset=\"https:\/\/radiorevelacionfm.cl\/wp-content\/uploads\/2022\/08\/302678428_206416731727538_654056897610048328_n-1-1.jpg 900w, https:\/\/radiorevelacionfm.cl\/wp-content\/uploads\/2022\/08\/302678428_206416731727538_654056897610048328_n-1-1-300x200.jpg 300w, https:\/\/radiorevelacionfm.cl\/wp-content\/uploads\/2022\/08\/302678428_206416731727538_654056897610048328_n-1-1-768x512.jpg 768w, https:\/\/radiorevelacionfm.cl\/wp-content\/uploads\/2022\/08\/302678428_206416731727538_654056897610048328_n-1-1-705x470.jpg 705w, https:\/\/radiorevelacionfm.cl\/wp-content\/uploads\/2022\/08\/302678428_206416731727538_654056897610048328_n-1-1-600x400.jpg 600w\" sizes=\"(max-width: 900px) 100vw, 900px\" \/><\/div><\/div><\/div><\/div><div class=\"flex_column av_one_full  flex_column_div av-zero-column-padding first  avia-builder-el-2  el_after_av_one_full  el_before_av_one_full  column-top-margin\" style='border-radius:0px; '><section class=\"av_textblock_section \"  itemscope=\"itemscope\" itemtype=\"https:\/\/schema.org\/BlogPosting\" itemprop=\"blogPost\" ><div class='avia_textblock  '   itemprop=\"text\" ><p style=\"text-align: center;\"><strong><span style=\"font-size: 18pt;\">Proyecto de electrificaci\u00f3n de comunidad El Bosque de Cerro Castillo ser\u00e1 colocado en tabla para financiamiento<\/span><\/strong><\/p>\n<div id=\"gtx-trans\" style=\"position: absolute; left: -50px; top: 4.31534px;\">\n<div class=\"gtx-trans-icon\"><\/div>\n<\/div>\n<\/div><\/section><\/div><div class=\"flex_column av_one_full  flex_column_div av-zero-column-padding first  avia-builder-el-4  el_after_av_one_full  el_before_av_hr  column-top-margin\" style='border-radius:0px; '><section class=\"av_textblock_section \"  itemscope=\"itemscope\" itemtype=\"https:\/\/schema.org\/BlogPosting\" itemprop=\"blogPost\" ><div class='avia_textblock  '   itemprop=\"text\" ><p dir=\"ltr\" style=\"text-align: justify;\">La Gobernadora Regional, Andrea Mac\u00edas Palma, junto al jefe de la Divisi\u00f3n de Infraestructura y Transportes, \u00d3scar Del Solar, y la Consejera Regional Lilian Inostroza, viajaron este martes hasta la localidad de Cerro Castillo (comuna de Ib\u00e1\u00f1ez) para sostener una reuni\u00f3n con el comit\u00e9 de Electrificaci\u00f3n El Bosque. El prop\u00f3sito del encuentro, fue informarles sobre los avances en la instalaci\u00f3n del tendido el\u00e9ctrico en la zona rural que hoy habitan, el que tendr\u00e1 una inversi\u00f3n de casi 400 millones de pesos.<\/p>\n<p dir=\"ltr\" style=\"text-align: justify;\">Desde hace m\u00e1s de cinco a\u00f1os que 28 familias de Cerro Castillo esperan contar con red el\u00e9ctrica para sus viviendas. Hoy, las noticias fueron satisfactorias. \u00abEl 10 de agosto obtuvo la Recomendaci\u00f3n Favorable para el financiamiento de esta iniciativa. Son casi 400 millones de pesos que desde el Gobierno Regional estamos disponibles a aportar para poder concretar este sue\u00f1o que otorga dignidad, que otorga una mejora sustentable en la calidad de vida\u00bb, detall\u00f3 la Gobernadora Andrea Mac\u00edas.<\/p>\n<p dir=\"ltr\" style=\"text-align: justify;\">En esa misma l\u00ednea, la Consejera Regional Lilian Inostroza valor\u00f3 la iniciativa y el compromiso adquirido desde el ejecutivo local. \u00abManifestar la voluntad de la Gobernadora, Andrea Mac\u00edas Palma, dentro de la reuni\u00f3n para poder subir este proyecto a tabla durante el mes de septiembre. As\u00ed que como Consejera Regional estoy muy contenta de que vayamos avanzando con los servicios b\u00e1sicos de nuestras localidades\u00bb.<\/p>\n<p dir=\"ltr\" style=\"text-align: justify;\">Desde los beneficiados, el vocero del comit\u00e9 Electrificaci\u00f3n El Bosque, Mario Ruiz,\u00a0 detall\u00f3 que desde hace un par de a\u00f1os esperaban la respuesta desde el Gobierno Central.<\/p>\n<p dir=\"ltr\" style=\"text-align: justify;\">\u00abHoy, la Gobernadora ha transmitido la noticia a gran parte del comit\u00e9, en forma presencial, de que el Ministerio de Desarrollo Social ya dio la aprobaci\u00f3n de que el proyecto es viable. Por lo tanto, ahora solo nos queda esperar a que pase a tabla en el mes de septiembre. Aprobando el financiamiento a trav\u00e9s del Consejo Regional\u00bb.<\/p>\n<p dir=\"ltr\" style=\"text-align: justify;\">La Gobernadora Regional indic\u00f3 que la inversi\u00f3n ingresar\u00e1 a tabla para el pr\u00f3ximo pleno, previa aprobaci\u00f3n de la comisi\u00f3n pertinente.<\/p>\n<\/div><\/section><\/div><div  style='height:50px' class='hr hr-invisible   avia-builder-el-6  el_after_av_one_full  el_before_av_social_share '><span class='hr-inner ' ><span class='hr-inner-style'><\/span><\/span><\/div><\/p>\n<div  class='av-social-sharing-box  avia-builder-el-7  el_after_av_hr  el_before_av_hr  '><div class='av-share-box'><h5 class='av-share-link-description av-no-toc '>Compartir esta noticia<\/h5><ul class='av-share-box-list noLightbox'><li class='av-share-link av-social-link-facebook' ><a target=\"_blank\" aria-label=\"Compartir en Facebook\" href='https:\/\/www.facebook.com\/sharer.php?u=https:\/\/radiorevelacionfm.cl\/?p=21267&#038;t=Proyecto%20de%20electrificaci%C3%B3n%20de%20comunidad%20El%20Bosque%20de%20Cerro%20Castillo%20ser%C3%A1%20colocado%20en%20tabla%20para%20financiamiento' aria-hidden='false' data-av_icon='\ue8f3' data-av_iconfont='entypo-fontello' title='' data-avia-related-tooltip='Compartir en Facebook' rel=\"noopener\"><span class='avia_hidden_link_text'>Compartir en Facebook<\/span><\/a><\/li><li class='av-share-link av-social-link-twitter' ><a target=\"_blank\" aria-label=\"Compartir en Twitter\" href='https:\/\/twitter.com\/share?text=Proyecto%20de%20electrificaci%C3%B3n%20de%20comunidad%20El%20Bosque%20de%20Cerro%20Castillo%20ser%C3%A1%20colocado%20en%20tabla%20para%20financiamiento&#038;url=https:\/\/radiorevelacionfm.cl\/?p=21267' aria-hidden='false' data-av_icon='\ue8f1' data-av_iconfont='entypo-fontello' title='' data-avia-related-tooltip='Compartir en Twitter' rel=\"noopener\"><span class='avia_hidden_link_text'>Compartir en Twitter<\/span><\/a><\/li><li class='av-share-link av-social-link-whatsapp' ><a target=\"_blank\" aria-label=\"Compartir en Whatsapp\" href='https:\/\/api.whatsapp.com\/send?text=https:\/\/radiorevelacionfm.cl\/?p=21267' aria-hidden='false' data-av_icon='\uf232' data-av_iconfont='entypo-fontello' title='' data-avia-related-tooltip='Compartir en Whatsapp' rel=\"noopener\"><span class='avia_hidden_link_text'>Compartir en Whatsapp<\/span><\/a><\/li><li class='av-share-link av-social-link-linkedin' ><a target=\"_blank\" aria-label=\"Compartir en LinkedIn\" href='https:\/\/linkedin.com\/shareArticle?mini=true&#038;title=Proyecto%20de%20electrificaci%C3%B3n%20de%20comunidad%20El%20Bosque%20de%20Cerro%20Castillo%20ser%C3%A1%20colocado%20en%20tabla%20para%20financiamiento&#038;url=https:\/\/radiorevelacionfm.cl\/?p=21267' aria-hidden='false' data-av_icon='\ue8fc' data-av_iconfont='entypo-fontello' title='' data-avia-related-tooltip='Compartir en LinkedIn' rel=\"noopener\"><span class='avia_hidden_link_text'>Compartir en LinkedIn<\/span><\/a><\/li><li class='av-share-link av-social-link-mail' ><a  aria-label=\"Compartir por correo\" href='mailto:?subject=Proyecto%20de%20electrificaci%C3%B3n%20de%20comunidad%20El%20Bosque%20de%20Cerro%20Castillo%20ser%C3%A1%20colocado%20en%20tabla%20para%20financiamiento&#038;body=https:\/\/radiorevelacionfm.cl\/?p=21267' aria-hidden='false' data-av_icon='\ue805' data-av_iconfont='entypo-fontello' title='' data-avia-related-tooltip='Compartir por correo'><span class='avia_hidden_link_text'>Compartir por correo<\/span><\/a><\/li><\/ul><\/div><\/div>\n<div  style='height:50px' class='hr hr-invisible   avia-builder-el-8  el_after_av_social_share  el_before_av_comments_list '><span class='hr-inner ' ><span class='hr-inner-style'><\/span><\/span><\/div>\n<div  class='av-buildercomment  av-blog-meta-html-info-disabled av-blog-meta-tag-disabled  '><\/div>\n","protected":false},"excerpt":{"rendered":"","protected":false},"author":1,"featured_media":21268,"comment_status":"open","ping_status":"open","sticky":false,"template":"","format":"standard","meta":{"footnotes":""},"categories":[38],"tags":[],"class_list":["post-21267","post","type-post","status-publish","format-standard","has-post-thumbnail","hentry","category-regional"],"jetpack_featured_media_url":"https:\/\/radiorevelacionfm.cl\/wp-content\/uploads\/2022\/08\/302678428_206416731727538_654056897610048328_n-1-1.jpg","_links":{"self":[{"href":"https:\/\/radiorevelacionfm.cl\/index.php?rest_route=\/wp\/v2\/posts\/21267","targetHints":{"allow":["GET"]}}],"collection":[{"href":"https:\/\/radiorevelacionfm.cl\/index.php?rest_route=\/wp\/v2\/posts"}],"about":[{"href":"https:\/\/radiorevelacionfm.cl\/index.php?rest_route=\/wp\/v2\/types\/post"}],"author":[{"embeddable":true,"href":"https:\/\/radiorevelacionfm.cl\/index.php?rest_route=\/wp\/v2\/users\/1"}],"replies":[{"embeddable":true,"href":"https:\/\/radiorevelacionfm.cl\/index.php?rest_route=%2Fwp%2Fv2%2Fcomments&post=21267"}],"version-history":[{"count":2,"href":"https:\/\/radiorevelacionfm.cl\/index.php?rest_route=\/wp\/v2\/posts\/21267\/revisions"}],"predecessor-version":[{"id":21270,"href":"https:\/\/radiorevelacionfm.cl\/index.php?rest_route=\/wp\/v2\/posts\/21267\/revisions\/21270"}],"wp:featuredmedia":[{"embeddable":true,"href":"https:\/\/radiorevelacionfm.cl\/index.php?rest_route=\/wp\/v2\/media\/21268"}],"wp:attachment":[{"href":"https:\/\/radiorevelacionfm.cl\/index.php?rest_route=%2Fwp%2Fv2%2Fmedia&parent=21267"}],"wp:term":[{"taxonomy":"category","embeddable":true,"href":"https:\/\/radiorevelacionfm.cl\/index.php?rest_route=%2Fwp%2Fv2%2Fcategories&post=21267"},{"taxonomy":"post_tag","embeddable":true,"href":"https:\/\/radiorevelacionfm.cl\/index.php?rest_route=%2Fwp%2Fv2%2Ftags&post=21267"}],"curies":[{"name":"wp","href":"https:\/\/api.w.org\/{rel}","templated":true}]}}