{"id":21247,"date":"2022-08-30T19:37:40","date_gmt":"2022-08-30T22:37:40","guid":{"rendered":"https:\/\/radiorevelacionfm.cl\/?p=21247"},"modified":"2022-08-30T19:37:41","modified_gmt":"2022-08-30T22:37:41","slug":"entregan-fondos-para-organizaciones-de-personas-mayores-y-juntas-de-vecinos-en-la-comuna-de-aysen","status":"publish","type":"post","link":"https:\/\/radiorevelacionfm.cl\/?p=21247","title":{"rendered":"Entregan fondos para organizaciones de Personas Mayores y Juntas de Vecinos en la comuna de Ays\u00e9n"},"content":{"rendered":"<div class=\"flex_column av_one_full  flex_column_div av-zero-column-padding first  avia-builder-el-0  el_before_av_one_full  avia-builder-el-first  \" style='border-radius:0px; '><div  class='avia-image-container  av-styling-    avia-builder-el-1  avia-builder-el-no-sibling  avia-align-center '  itemprop=\"image\" itemscope=\"itemscope\" itemtype=\"https:\/\/schema.org\/ImageObject\"  ><div class='avia-image-container-inner'><div class='avia-image-overlay-wrap'><img decoding=\"async\" class='wp-image-21248 avia-img-lazy-loading-not-21248 avia_image' src=\"https:\/\/radiorevelacionfm.cl\/wp-content\/uploads\/2022\/08\/img-fomamfondeve22-muniaysen4-2_optimized.jpg\" alt='' title='img-fomamfondeve22-muniaysen4-(2)_optimized' height=\"600\" width=\"1011\"  itemprop=\"thumbnailUrl\" srcset=\"https:\/\/radiorevelacionfm.cl\/wp-content\/uploads\/2022\/08\/img-fomamfondeve22-muniaysen4-2_optimized.jpg 1011w, https:\/\/radiorevelacionfm.cl\/wp-content\/uploads\/2022\/08\/img-fomamfondeve22-muniaysen4-2_optimized-300x178.jpg 300w, https:\/\/radiorevelacionfm.cl\/wp-content\/uploads\/2022\/08\/img-fomamfondeve22-muniaysen4-2_optimized-768x456.jpg 768w, https:\/\/radiorevelacionfm.cl\/wp-content\/uploads\/2022\/08\/img-fomamfondeve22-muniaysen4-2_optimized-705x418.jpg 705w, https:\/\/radiorevelacionfm.cl\/wp-content\/uploads\/2022\/08\/img-fomamfondeve22-muniaysen4-2_optimized-600x356.jpg 600w\" sizes=\"(max-width: 1011px) 100vw, 1011px\" \/><\/div><\/div><\/div><\/div><div class=\"flex_column av_one_full  flex_column_div av-zero-column-padding first  avia-builder-el-2  el_after_av_one_full  el_before_av_one_full  column-top-margin\" style='border-radius:0px; '><section class=\"av_textblock_section \"  itemscope=\"itemscope\" itemtype=\"https:\/\/schema.org\/BlogPosting\" itemprop=\"blogPost\" ><div class='avia_textblock  '   itemprop=\"text\" ><p style=\"text-align: center;\"><strong><span style=\"font-size: 18pt;\">Entregan fondos para organizaciones de Personas Mayores y Juntas de Vecinos en la comuna de Ays\u00e9n<\/span><\/strong><\/p>\n<div id=\"gtx-trans\" style=\"position: absolute; left: -50px; top: 4.31534px;\">\n<div class=\"gtx-trans-icon\"><\/div>\n<\/div>\n<\/div><\/section><\/div><div class=\"flex_column av_one_full  flex_column_div av-zero-column-padding first  avia-builder-el-4  el_after_av_one_full  el_before_av_hr  column-top-margin\" style='border-radius:0px; '><section class=\"av_textblock_section \"  itemscope=\"itemscope\" itemtype=\"https:\/\/schema.org\/BlogPosting\" itemprop=\"blogPost\" ><div class='avia_textblock  '   itemprop=\"text\" ><p style=\"text-align: justify;\">Con una alta convocatoria de l\u00edderes sociales que representan a las unidades vecinales y organizaciones de personas mayores de la comuna porte\u00f1a que se encuentran vigentes. El Alcalde Julio Uribe Alvarado, lider\u00f3 en compa\u00f1\u00eda de las concejales Tatiana Villarroel y Silvia Klagges, la ceremonia de adjudicaci\u00f3n correspondiente a los Fondos: de Desarrollo Vecinal y Municipal de Adulto Mayor, FONDEVE y FOMAM, respectivamente. Cabe destacar que, en esta edici\u00f3n existi\u00f3 un aumento en la asignaci\u00f3n de recursos, lo que permitir\u00e1 ejecutar mayores acciones en favor de la comunidad desde sus nucleos sociales.<\/p>\n<p style=\"text-align: justify;\">En este sentido, la primera autoridad comunal, Julio Uribe Alvarado, realiz\u00f3 que \u201ceste a\u00f1o hemos podido ayudar de mejor forma a todas las organizaciones con nuestra Unidad de Organizaciones Comunitarias y eso para nosotros es muy importante, adem\u00e1s, de la llegada que hoy tienen nuestros funcionarios con los dirigentes sociales, con las mismas bases de las diferentes organizaciones nos tiene muy contentos\u201d, esto ultimo en alusi\u00f3n al reconocimiento que realizan los lideres sociales del trabajo que despliega en la comuna la encargada de la Unidad, Mar\u00eda Rita Aguilar. Lo que a juicio de la autoridad se traduce en que \u201cestamos avanzando como municipio y avanzando como comuna\u201d.<\/p>\n<p style=\"text-align: justify;\">En tanto, Mar\u00eda Rita Aguilar, quien conduce la Unidad encargada de la revisi\u00f3n de los proyectos FOMAM y FONDEVE, realiz\u00f3 un hincapi\u00e9 en el fortalecimiento que ha existido con los dirigentes sociales a un a\u00f1o de la asunci\u00f3n del alcalde Uribe. Agregando que \u201cel alcalde nos ha delegado la misi\u00f3n de las organizaciones funcionales y territoriales para que se puedan ir activando, poder buscar recursos para que ellos puedan seguir potenci\u00e1ndose como agrupaciones y hoy en d\u00eda fue una actividad muy linda al ver que 25 clubes de personas mayores y 17 juntas de vecinos pudieron recibir los fondos a trav\u00e9s de la firma de convenio del FOMAM \u2013 FONDEVE\u201d.<\/p>\n<p style=\"text-align: justify;\">Por su parte, la tesorera del Club de Adulto Mayor Los Laureles de Puerto Ays\u00e9n, Clarisa Oyarzo Alvarado, con mucha alegr\u00eda indic\u00f3 que los recursos adjudicados en la l\u00ednea FOMAM ser\u00e1n utilizados por su organizaci\u00f3n para una actividad de convivencia considerando el tiempo que ha pasado desde el inicio de la pandemia y que restringi\u00f3 este tipo, \u201cnos hace mucha falta tener una amistad con todos nuestros abuelos. Estamos muy agradecidos del alcalde por esta ayuda que nos est\u00e1 dando a los adultos mayores, muchas gracias\u201d.<\/p>\n<p style=\"text-align: justify;\">Finalmente, la hist\u00f3rica dirigenta del sector Pedro Aguirre Cerda, Rosa Ch\u00e1vez Nitor, expres\u00f3 su felicidad por los recursos que fueron entregados por el municipio porte\u00f1o a las organizaciones en sus dos l\u00edneas de acci\u00f3n. En su caso, valor\u00f3 positivamente el aumento a 700 mil pesos para la formulaci\u00f3n de iniciativas, \u201clo vamos a ocupar para comprar mesas y utensilios que se hab\u00edan deteriorado. Nada m\u00e1s que agradecer este trabajo que se hace con las unidades vecinales que es muy importante tener un v\u00ednculo con los dirigentes, ya que somos los que estamos de cerca y conocemos las necesidades de los vecinos\u201d, Sentenci\u00f3 Ch\u00e1vez Nitor.<\/p>\n<\/div><\/section><\/div><div  style='height:50px' class='hr hr-invisible   avia-builder-el-6  el_after_av_one_full  el_before_av_social_share '><span class='hr-inner ' ><span class='hr-inner-style'><\/span><\/span><\/div><\/p>\n<div  class='av-social-sharing-box  avia-builder-el-7  el_after_av_hr  el_before_av_hr  '><div class='av-share-box'><h5 class='av-share-link-description av-no-toc '>Compartir esta noticia<\/h5><ul class='av-share-box-list noLightbox'><li class='av-share-link av-social-link-facebook' ><a target=\"_blank\" aria-label=\"Compartir en Facebook\" href='https:\/\/www.facebook.com\/sharer.php?u=https:\/\/radiorevelacionfm.cl\/?p=21247&#038;t=Entregan%20fondos%20para%20organizaciones%20de%20Personas%20Mayores%20y%20Juntas%20de%20Vecinos%20en%20la%20comuna%20de%20Ays%C3%A9n' aria-hidden='false' data-av_icon='\ue8f3' data-av_iconfont='entypo-fontello' title='' data-avia-related-tooltip='Compartir en Facebook' rel=\"noopener\"><span class='avia_hidden_link_text'>Compartir en Facebook<\/span><\/a><\/li><li class='av-share-link av-social-link-twitter' ><a target=\"_blank\" aria-label=\"Compartir en Twitter\" href='https:\/\/twitter.com\/share?text=Entregan%20fondos%20para%20organizaciones%20de%20Personas%20Mayores%20y%20Juntas%20de%20Vecinos%20en%20la%20comuna%20de%20Ays%C3%A9n&#038;url=https:\/\/radiorevelacionfm.cl\/?p=21247' aria-hidden='false' data-av_icon='\ue8f1' data-av_iconfont='entypo-fontello' title='' data-avia-related-tooltip='Compartir en Twitter' rel=\"noopener\"><span class='avia_hidden_link_text'>Compartir en Twitter<\/span><\/a><\/li><li class='av-share-link av-social-link-whatsapp' ><a target=\"_blank\" aria-label=\"Compartir en Whatsapp\" href='https:\/\/api.whatsapp.com\/send?text=https:\/\/radiorevelacionfm.cl\/?p=21247' aria-hidden='false' data-av_icon='\uf232' data-av_iconfont='entypo-fontello' title='' data-avia-related-tooltip='Compartir en Whatsapp' rel=\"noopener\"><span class='avia_hidden_link_text'>Compartir en Whatsapp<\/span><\/a><\/li><li class='av-share-link av-social-link-linkedin' ><a target=\"_blank\" aria-label=\"Compartir en LinkedIn\" href='https:\/\/linkedin.com\/shareArticle?mini=true&#038;title=Entregan%20fondos%20para%20organizaciones%20de%20Personas%20Mayores%20y%20Juntas%20de%20Vecinos%20en%20la%20comuna%20de%20Ays%C3%A9n&#038;url=https:\/\/radiorevelacionfm.cl\/?p=21247' aria-hidden='false' data-av_icon='\ue8fc' data-av_iconfont='entypo-fontello' title='' data-avia-related-tooltip='Compartir en LinkedIn' rel=\"noopener\"><span class='avia_hidden_link_text'>Compartir en LinkedIn<\/span><\/a><\/li><li class='av-share-link av-social-link-mail' ><a  aria-label=\"Compartir por correo\" href='mailto:?subject=Entregan%20fondos%20para%20organizaciones%20de%20Personas%20Mayores%20y%20Juntas%20de%20Vecinos%20en%20la%20comuna%20de%20Ays%C3%A9n&#038;body=https:\/\/radiorevelacionfm.cl\/?p=21247' aria-hidden='false' data-av_icon='\ue805' data-av_iconfont='entypo-fontello' title='' data-avia-related-tooltip='Compartir por correo'><span class='avia_hidden_link_text'>Compartir por correo<\/span><\/a><\/li><\/ul><\/div><\/div>\n<div  style='height:50px' class='hr hr-invisible   avia-builder-el-8  el_after_av_social_share  el_before_av_comments_list '><span class='hr-inner ' ><span class='hr-inner-style'><\/span><\/span><\/div>\n<div  class='av-buildercomment  av-blog-meta-html-info-disabled av-blog-meta-tag-disabled  '><\/div>\n","protected":false},"excerpt":{"rendered":"","protected":false},"author":1,"featured_media":21248,"comment_status":"open","ping_status":"open","sticky":false,"template":"","format":"standard","meta":{"footnotes":""},"categories":[38],"tags":[],"class_list":["post-21247","post","type-post","status-publish","format-standard","has-post-thumbnail","hentry","category-regional"],"jetpack_featured_media_url":"https:\/\/radiorevelacionfm.cl\/wp-content\/uploads\/2022\/08\/img-fomamfondeve22-muniaysen4-2_optimized.jpg","_links":{"self":[{"href":"https:\/\/radiorevelacionfm.cl\/index.php?rest_route=\/wp\/v2\/posts\/21247","targetHints":{"allow":["GET"]}}],"collection":[{"href":"https:\/\/radiorevelacionfm.cl\/index.php?rest_route=\/wp\/v2\/posts"}],"about":[{"href":"https:\/\/radiorevelacionfm.cl\/index.php?rest_route=\/wp\/v2\/types\/post"}],"author":[{"embeddable":true,"href":"https:\/\/radiorevelacionfm.cl\/index.php?rest_route=\/wp\/v2\/users\/1"}],"replies":[{"embeddable":true,"href":"https:\/\/radiorevelacionfm.cl\/index.php?rest_route=%2Fwp%2Fv2%2Fcomments&post=21247"}],"version-history":[{"count":2,"href":"https:\/\/radiorevelacionfm.cl\/index.php?rest_route=\/wp\/v2\/posts\/21247\/revisions"}],"predecessor-version":[{"id":21250,"href":"https:\/\/radiorevelacionfm.cl\/index.php?rest_route=\/wp\/v2\/posts\/21247\/revisions\/21250"}],"wp:featuredmedia":[{"embeddable":true,"href":"https:\/\/radiorevelacionfm.cl\/index.php?rest_route=\/wp\/v2\/media\/21248"}],"wp:attachment":[{"href":"https:\/\/radiorevelacionfm.cl\/index.php?rest_route=%2Fwp%2Fv2%2Fmedia&parent=21247"}],"wp:term":[{"taxonomy":"category","embeddable":true,"href":"https:\/\/radiorevelacionfm.cl\/index.php?rest_route=%2Fwp%2Fv2%2Fcategories&post=21247"},{"taxonomy":"post_tag","embeddable":true,"href":"https:\/\/radiorevelacionfm.cl\/index.php?rest_route=%2Fwp%2Fv2%2Ftags&post=21247"}],"curies":[{"name":"wp","href":"https:\/\/api.w.org\/{rel}","templated":true}]}}