{"id":21230,"date":"2022-08-31T11:06:26","date_gmt":"2022-08-31T14:06:26","guid":{"rendered":"https:\/\/radiorevelacionfm.cl\/?p=21230"},"modified":"2022-08-31T11:06:26","modified_gmt":"2022-08-31T14:06:26","slug":"fpyme-aysen-planifica-actividades-para-potenciar-la-digitalizacion-en-las-pymes-de-la-region-de-aysen","status":"publish","type":"post","link":"https:\/\/radiorevelacionfm.cl\/?p=21230","title":{"rendered":"Fpyme Ays\u00e9n planifica actividades para potenciar la digitalizaci\u00f3n en las pymes de la regi\u00f3n de Ays\u00e9n"},"content":{"rendered":"<div class=\"flex_column av_one_full  flex_column_div av-zero-column-padding first  avia-builder-el-0  el_before_av_one_full  avia-builder-el-first  \" style='border-radius:0px; '><div  class='avia-image-container  av-styling-    avia-builder-el-1  avia-builder-el-no-sibling  avia-align-center '  itemprop=\"image\" itemscope=\"itemscope\" itemtype=\"https:\/\/schema.org\/ImageObject\"  ><div class='avia-image-container-inner'><div class='avia-image-overlay-wrap'><img decoding=\"async\" class='wp-image-21231 avia-img-lazy-loading-not-21231 avia_image' src=\"https:\/\/radiorevelacionfm.cl\/wp-content\/uploads\/2022\/08\/CONVERSATORIO-CASOS-DE-EXITO1-2-1.jpg\" alt='' title='CONVERSATORIO CASOS DE EXITO1 (2) (1)' height=\"600\" width=\"837\"  itemprop=\"thumbnailUrl\" srcset=\"https:\/\/radiorevelacionfm.cl\/wp-content\/uploads\/2022\/08\/CONVERSATORIO-CASOS-DE-EXITO1-2-1.jpg 837w, https:\/\/radiorevelacionfm.cl\/wp-content\/uploads\/2022\/08\/CONVERSATORIO-CASOS-DE-EXITO1-2-1-300x215.jpg 300w, https:\/\/radiorevelacionfm.cl\/wp-content\/uploads\/2022\/08\/CONVERSATORIO-CASOS-DE-EXITO1-2-1-768x551.jpg 768w, https:\/\/radiorevelacionfm.cl\/wp-content\/uploads\/2022\/08\/CONVERSATORIO-CASOS-DE-EXITO1-2-1-260x185.jpg 260w, https:\/\/radiorevelacionfm.cl\/wp-content\/uploads\/2022\/08\/CONVERSATORIO-CASOS-DE-EXITO1-2-1-705x505.jpg 705w, https:\/\/radiorevelacionfm.cl\/wp-content\/uploads\/2022\/08\/CONVERSATORIO-CASOS-DE-EXITO1-2-1-600x430.jpg 600w\" sizes=\"(max-width: 837px) 100vw, 837px\" \/><\/div><\/div><\/div><\/div><div class=\"flex_column av_one_full  flex_column_div av-zero-column-padding first  avia-builder-el-2  el_after_av_one_full  el_before_av_one_full  column-top-margin\" style='border-radius:0px; '><section class=\"av_textblock_section \"  itemscope=\"itemscope\" itemtype=\"https:\/\/schema.org\/BlogPosting\" itemprop=\"blogPost\" ><div class='avia_textblock  '   itemprop=\"text\" ><p style=\"text-align: center;\"><span style=\"font-size: 18pt;\"><b>Fpyme Ays\u00e9n planifica actividades para potenciar la digitalizaci\u00f3n en las pymes de la regi\u00f3n de Ays\u00e9n<\/b><\/span><\/p>\n<div id=\"gtx-trans\" style=\"position: absolute; left: -50px; top: 4.31534px;\">\n<div class=\"gtx-trans-icon\"><\/div>\n<\/div>\n<\/div><\/section><\/div><div class=\"flex_column av_one_full  flex_column_div av-zero-column-padding first  avia-builder-el-4  el_after_av_one_full  el_before_av_hr  column-top-margin\" style='border-radius:0px; '><section class=\"av_textblock_section \"  itemscope=\"itemscope\" itemtype=\"https:\/\/schema.org\/BlogPosting\" itemprop=\"blogPost\" ><div class='avia_textblock  '   itemprop=\"text\" ><p class=\"v1MsoNormal\" style=\"text-align: justify;\">Tras la positiva convocatoria y audiencia obtenida en el primer conversatorio de casos de \u00e9xito de las peque\u00f1as empresas de Ays\u00e9n, el equipo de Fortalece Pyme se encuentra desarrollando estrategias que les permita llegar a emprendimientos de toda la regi\u00f3n, mediante actividades como la realizada este mes que dio a conocer las diferentes experiencias, \u00e9xitos y fracasos de pymes consolidadas en la regi\u00f3n, que est\u00e1n usando la digitalizaci\u00f3n a su favor.<\/p>\n<p class=\"v1MsoNormal\" style=\"text-align: justify;\">Frente a la participaci\u00f3n de emprendimientos como D&#8217;Olbek, Huerto Cuatro Estaciones, Tepaluma y Surgraf, la idea principal es incentivar a las peque\u00f1as empresas a implementar herramientas y estrategias digitales para as\u00ed, facilitar en sus emprendimientos, tareas cotidianas que les permitan mejorar m\u00e9tricas de ventas, captaci\u00f3n de nuevos clientes\/usuarios o incluso disminuci\u00f3n de costos.<\/p>\n<p class=\"v1MsoNormal\" style=\"text-align: justify;\">Es de acuerdo con ello, que el programa de Fortalecimiento de Corfo, se encuentra desarrollando un plan para generaci\u00f3n de actividades como la realizada, sumando tambi\u00e9n la difusi\u00f3n de eventos y conversatorios a trav\u00e9s de programas en las emisoras radiales de la regi\u00f3n y la incorporaci\u00f3n de talleres que permitan que los emprendedores aprendan sobre distintas t\u00e9cnicas que har\u00e1n m\u00e1s atractivas sus marcas.<\/p>\n<p class=\"v1MsoNormal\" style=\"text-align: justify;\">En este sentido, el Gerente de Fortalece Pyme Ays\u00e9n Mat\u00edas Broussangaray destac\u00f3 que \u00abtodas estas instancias que estamos planificando como los conversatorios, los programas radiales, los talleres y capacitaciones, buscan fomentar y facilitar la transmisi\u00f3n de conocimientos y experiencias digitales entre empresarios, de manera de paso a paso ir derribando los prejuicios que la transformaci\u00f3n digital tiene de por s\u00ed, y de paso generar una comunidad digital m\u00e1s grande y poder ir avanzando en la transformaci\u00f3n digital y cultural que la regi\u00f3n necesita\u00bb.<\/p>\n<p class=\"v1MsoNormal\" style=\"text-align: justify;\">Cabe destacar que los talleres que ofrece Fpyme Ays\u00e9n son gratuitos y cuentan con la modalidad presencial en Baquedano 400 y online, para que emprendedores de toda la regi\u00f3n puedan participar y logren diversos aprendizajes para potenciar sus negocios y marca.<\/p>\n<div style=\"text-align: justify;\">Recuerda que para asistir a nuestros talleres o si requieres de un diagn\u00f3stico o asistencia t\u00e9cnica lo puedes hacer en la p\u00e1gina web\u00a0<a href=\"http:\/\/www.fpymeaysen.cl\/\" target=\"_blank\" rel=\"noopener noreferrer\">www.fpymeaysen.cl<\/a>\u00a0y en nuestras redes sociales de Facebook e Instagram como Fpyme_Aysen.<\/div>\n<\/div><\/section><\/div><div  style='height:50px' class='hr hr-invisible   avia-builder-el-6  el_after_av_one_full  el_before_av_social_share '><span class='hr-inner ' ><span class='hr-inner-style'><\/span><\/span><\/div><\/p>\n<div  class='av-social-sharing-box  avia-builder-el-7  el_after_av_hr  el_before_av_hr  '><div class='av-share-box'><h5 class='av-share-link-description av-no-toc '>Compartir esta noticia<\/h5><ul class='av-share-box-list noLightbox'><li class='av-share-link av-social-link-facebook' ><a target=\"_blank\" aria-label=\"Compartir en Facebook\" href='https:\/\/www.facebook.com\/sharer.php?u=https:\/\/radiorevelacionfm.cl\/?p=21230&#038;t=Fpyme%20Ays%C3%A9n%20planifica%20actividades%20para%20potenciar%20la%20digitalizaci%C3%B3n%20en%20las%20pymes%20de%20la%20regi%C3%B3n%20de%20Ays%C3%A9n' aria-hidden='false' data-av_icon='\ue8f3' data-av_iconfont='entypo-fontello' title='' data-avia-related-tooltip='Compartir en Facebook' rel=\"noopener\"><span class='avia_hidden_link_text'>Compartir en Facebook<\/span><\/a><\/li><li class='av-share-link av-social-link-twitter' ><a target=\"_blank\" aria-label=\"Compartir en Twitter\" href='https:\/\/twitter.com\/share?text=Fpyme%20Ays%C3%A9n%20planifica%20actividades%20para%20potenciar%20la%20digitalizaci%C3%B3n%20en%20las%20pymes%20de%20la%20regi%C3%B3n%20de%20Ays%C3%A9n&#038;url=https:\/\/radiorevelacionfm.cl\/?p=21230' aria-hidden='false' data-av_icon='\ue8f1' data-av_iconfont='entypo-fontello' title='' data-avia-related-tooltip='Compartir en Twitter' rel=\"noopener\"><span class='avia_hidden_link_text'>Compartir en Twitter<\/span><\/a><\/li><li class='av-share-link av-social-link-whatsapp' ><a target=\"_blank\" aria-label=\"Compartir en Whatsapp\" href='https:\/\/api.whatsapp.com\/send?text=https:\/\/radiorevelacionfm.cl\/?p=21230' aria-hidden='false' data-av_icon='\uf232' data-av_iconfont='entypo-fontello' title='' data-avia-related-tooltip='Compartir en Whatsapp' rel=\"noopener\"><span class='avia_hidden_link_text'>Compartir en Whatsapp<\/span><\/a><\/li><li class='av-share-link av-social-link-linkedin' ><a target=\"_blank\" aria-label=\"Compartir en LinkedIn\" href='https:\/\/linkedin.com\/shareArticle?mini=true&#038;title=Fpyme%20Ays%C3%A9n%20planifica%20actividades%20para%20potenciar%20la%20digitalizaci%C3%B3n%20en%20las%20pymes%20de%20la%20regi%C3%B3n%20de%20Ays%C3%A9n&#038;url=https:\/\/radiorevelacionfm.cl\/?p=21230' aria-hidden='false' data-av_icon='\ue8fc' data-av_iconfont='entypo-fontello' title='' data-avia-related-tooltip='Compartir en LinkedIn' rel=\"noopener\"><span class='avia_hidden_link_text'>Compartir en LinkedIn<\/span><\/a><\/li><li class='av-share-link av-social-link-mail' ><a  aria-label=\"Compartir por correo\" href='mailto:?subject=Fpyme%20Ays%C3%A9n%20planifica%20actividades%20para%20potenciar%20la%20digitalizaci%C3%B3n%20en%20las%20pymes%20de%20la%20regi%C3%B3n%20de%20Ays%C3%A9n&#038;body=https:\/\/radiorevelacionfm.cl\/?p=21230' aria-hidden='false' data-av_icon='\ue805' data-av_iconfont='entypo-fontello' title='' data-avia-related-tooltip='Compartir por correo'><span class='avia_hidden_link_text'>Compartir por correo<\/span><\/a><\/li><\/ul><\/div><\/div>\n<div  style='height:50px' class='hr hr-invisible   avia-builder-el-8  el_after_av_social_share  el_before_av_comments_list '><span class='hr-inner ' ><span class='hr-inner-style'><\/span><\/span><\/div>\n<div  class='av-buildercomment  av-blog-meta-html-info-disabled av-blog-meta-tag-disabled  '><\/div>\n","protected":false},"excerpt":{"rendered":"","protected":false},"author":1,"featured_media":21231,"comment_status":"open","ping_status":"open","sticky":false,"template":"","format":"standard","meta":{"footnotes":""},"categories":[38],"tags":[],"class_list":["post-21230","post","type-post","status-publish","format-standard","has-post-thumbnail","hentry","category-regional"],"jetpack_featured_media_url":"https:\/\/radiorevelacionfm.cl\/wp-content\/uploads\/2022\/08\/CONVERSATORIO-CASOS-DE-EXITO1-2-1.jpg","_links":{"self":[{"href":"https:\/\/radiorevelacionfm.cl\/index.php?rest_route=\/wp\/v2\/posts\/21230","targetHints":{"allow":["GET"]}}],"collection":[{"href":"https:\/\/radiorevelacionfm.cl\/index.php?rest_route=\/wp\/v2\/posts"}],"about":[{"href":"https:\/\/radiorevelacionfm.cl\/index.php?rest_route=\/wp\/v2\/types\/post"}],"author":[{"embeddable":true,"href":"https:\/\/radiorevelacionfm.cl\/index.php?rest_route=\/wp\/v2\/users\/1"}],"replies":[{"embeddable":true,"href":"https:\/\/radiorevelacionfm.cl\/index.php?rest_route=%2Fwp%2Fv2%2Fcomments&post=21230"}],"version-history":[{"count":2,"href":"https:\/\/radiorevelacionfm.cl\/index.php?rest_route=\/wp\/v2\/posts\/21230\/revisions"}],"predecessor-version":[{"id":21260,"href":"https:\/\/radiorevelacionfm.cl\/index.php?rest_route=\/wp\/v2\/posts\/21230\/revisions\/21260"}],"wp:featuredmedia":[{"embeddable":true,"href":"https:\/\/radiorevelacionfm.cl\/index.php?rest_route=\/wp\/v2\/media\/21231"}],"wp:attachment":[{"href":"https:\/\/radiorevelacionfm.cl\/index.php?rest_route=%2Fwp%2Fv2%2Fmedia&parent=21230"}],"wp:term":[{"taxonomy":"category","embeddable":true,"href":"https:\/\/radiorevelacionfm.cl\/index.php?rest_route=%2Fwp%2Fv2%2Fcategories&post=21230"},{"taxonomy":"post_tag","embeddable":true,"href":"https:\/\/radiorevelacionfm.cl\/index.php?rest_route=%2Fwp%2Fv2%2Ftags&post=21230"}],"curies":[{"name":"wp","href":"https:\/\/api.w.org\/{rel}","templated":true}]}}