{"id":21222,"date":"2022-08-30T16:38:51","date_gmt":"2022-08-30T19:38:51","guid":{"rendered":"https:\/\/radiorevelacionfm.cl\/?p=21222"},"modified":"2022-08-30T16:38:51","modified_gmt":"2022-08-30T19:38:51","slug":"con-exito-se-desarrollo-plaza-de-justicia-y-derechos-humanos-en-valle-simpson","status":"publish","type":"post","link":"https:\/\/radiorevelacionfm.cl\/?p=21222","title":{"rendered":"Con \u00e9xito se desarroll\u00f3 Plaza de Justicia y Derechos Humanos en Valle Simpson"},"content":{"rendered":"<div class=\"flex_column av_one_full  flex_column_div av-zero-column-padding first  avia-builder-el-0  el_before_av_one_full  avia-builder-el-first  \" style='border-radius:0px; '><div  class='avia-image-container  av-styling-    avia-builder-el-1  avia-builder-el-no-sibling  avia-align-center '  itemprop=\"image\" itemscope=\"itemscope\" itemtype=\"https:\/\/schema.org\/ImageObject\"  ><div class='avia-image-container-inner'><div class='avia-image-overlay-wrap'><img decoding=\"async\" class='wp-image-21223 avia-img-lazy-loading-not-21223 avia_image' src=\"https:\/\/radiorevelacionfm.cl\/wp-content\/uploads\/2022\/08\/plaza-valle-3-1-1_optimized-1.jpg\" alt='' title='plaza-valle-3-(1)-(1)_optimized (1)' height=\"600\" width=\"1067\"  itemprop=\"thumbnailUrl\" srcset=\"https:\/\/radiorevelacionfm.cl\/wp-content\/uploads\/2022\/08\/plaza-valle-3-1-1_optimized-1.jpg 1067w, https:\/\/radiorevelacionfm.cl\/wp-content\/uploads\/2022\/08\/plaza-valle-3-1-1_optimized-1-300x169.jpg 300w, https:\/\/radiorevelacionfm.cl\/wp-content\/uploads\/2022\/08\/plaza-valle-3-1-1_optimized-1-1030x579.jpg 1030w, https:\/\/radiorevelacionfm.cl\/wp-content\/uploads\/2022\/08\/plaza-valle-3-1-1_optimized-1-768x432.jpg 768w, https:\/\/radiorevelacionfm.cl\/wp-content\/uploads\/2022\/08\/plaza-valle-3-1-1_optimized-1-705x396.jpg 705w, https:\/\/radiorevelacionfm.cl\/wp-content\/uploads\/2022\/08\/plaza-valle-3-1-1_optimized-1-600x337.jpg 600w\" sizes=\"(max-width: 1067px) 100vw, 1067px\" \/><\/div><\/div><\/div><\/div><div class=\"flex_column av_one_full  flex_column_div av-zero-column-padding first  avia-builder-el-2  el_after_av_one_full  el_before_av_one_full  column-top-margin\" style='border-radius:0px; '><section class=\"av_textblock_section \"  itemscope=\"itemscope\" itemtype=\"https:\/\/schema.org\/BlogPosting\" itemprop=\"blogPost\" ><div class='avia_textblock  '   itemprop=\"text\" ><p style=\"text-align: center;\"><strong><span style=\"font-size: 18pt;\">Con \u00e9xito se desarroll\u00f3 Plaza de Justicia y Derechos Humanos en Valle Simpson <\/span><\/strong><\/p>\n<div id=\"gtx-trans\" style=\"position: absolute; left: -50px; top: 4.31534px;\">\n<div class=\"gtx-trans-icon\"><\/div>\n<\/div>\n<\/div><\/section><\/div><div class=\"flex_column av_one_full  flex_column_div av-zero-column-padding first  avia-builder-el-4  el_after_av_one_full  el_before_av_hr  column-top-margin\" style='border-radius:0px; '><section class=\"av_textblock_section \"  itemscope=\"itemscope\" itemtype=\"https:\/\/schema.org\/BlogPosting\" itemprop=\"blogPost\" ><div class='avia_textblock  '   itemprop=\"text\" ><p style=\"text-align: justify;\">En la escuela de Valle Simpson se llev\u00f3 a cabo el pasado viernes una nueva Plaza de Justicia y Derechos Humanos, instancia que tiene como objetivo acercar la oferta p\u00fablica a las personas, facilitando la realizaci\u00f3n de tr\u00e1mites y consultas a distintos servicios p\u00fablicos, entre ellos el Registro Civil e Identificaci\u00f3n, la Corporaci\u00f3n de Asistencia Judicial (CAJ), Servicio Nacional del Adulto Mayor (SENAMA), Seremi de Transportes y Telecomunicaciones, Instituto de Previsi\u00f3n Social IPS\/Chileatiende, la Delegaci\u00f3n Presidencial Regional de Ays\u00e9n y el Programa Denuncia Seguro dependiente de la Subsecretar\u00eda de Prevenci\u00f3n del Delito.<\/p>\n<p style=\"text-align: justify;\">En esta oportunidad, se cont\u00f3 adem\u00e1s con la participaci\u00f3n del Club de Adultos Mayores de la localidad, quienes pudieron exhibir sus productos y artesan\u00edas a los presentes, su presidenta Elsa Abarz\u00faa agradeci\u00f3 la actividad se\u00f1alando que \u201cestoy muy contenta que la serem\u00eda de Justicia haya hecho un trabajo en terreno con distintos servicios, algunos de mis socios pudieron\u00a0 solucionar sus problemas del carnet que lo ten\u00edan vencido, y as\u00ed poder realizar sus tr\u00e1mites, ojal\u00e1 estas actividades se repitan\u00a0 y una vez m\u00e1s agradecer al Seremi de Justicia por la posibilidad que tuvo su personal y varios servicios de atender a la poblaci\u00f3n de Valle Simpson\u201d.<\/p>\n<p style=\"text-align: justify;\">Al igual que en otras ocasiones, uno de los servicios m\u00e1s demandados fue el Registro Civil e Identificaci\u00f3n, atenci\u00f3n en terreno que permiti\u00f3 que 10 vecinos del sector pudieran renovar su c\u00e9dula de identidad, sin tener que trasladarse hasta las oficinas del servicio en Coyhaique.<\/p>\n<p style=\"text-align: justify;\">Tambi\u00e9n se hizo presente en la actividad, el Delegado Presidencial Regional Rodrigo Araya Morales, quien valor\u00f3 estas instancias que van en beneficio de las comunidades indicando que \u201choy nos hicimos presente ac\u00e1 para acompa\u00f1ar a las instituciones que est\u00e1n haciendo esta Plaza de Justicia que se realiza todos los meses, distribuy\u00e9ndose por todo el territorio justamente para acercar la oferta p\u00fablica a las comunidades, est\u00e1n presente tambi\u00e9n un taller de adultos mayores que est\u00e1 exhibiendo sus productos, de esta manera articulamos que la gente se conozca, y tambi\u00e9n aprovechamos esta instancia para poder facilitar la participaci\u00f3n\u201d.<\/p>\n<p style=\"text-align: justify;\">En la instancia, las autoridades regionales aprovecharon de visitar y dirigirse a la comunidad a trav\u00e9s de la radio on line La Cordonada, que funciona hace unos meses, medio comunitario que entrega informaci\u00f3n y entretenci\u00f3n a la comunidad rural del valle.<\/p>\n<p style=\"text-align: justify;\">Finalmente, el Seremi de Justicia y Derechos Humanos Samuel Navarro Castro manifest\u00f3 que \u201cen esta ocasi\u00f3n estuvimos en la Escuela de Valle Simpson con una Plaza de Justicia, actividad organizada por la Secretar\u00eda Regional Ministerial de Justicia y Derechos Humanos con sus servicios dependientes, y en esta oportunidad gracias a las alianzas estrat\u00e9gicas que tenemos con otros servicios y con otras seremi, nos acompa\u00f1aron adem\u00e1s de la Corporaci\u00f3n de Asistencia Judicial y el Registro Civil e Identificaci\u00f3n, la Seremi de Transportes y Telecomunicaciones, SENAMA y el IPS, y donde el objetivo es acercar los servicios a la comunidad, acciones que continuaremos realizando durante el a\u00f1o, con el fin de abarcar distintos territorios, donde no siempre est\u00e1n presente los servicios p\u00fablicos\u201d.<\/p>\n<\/div><\/section><\/div><div  style='height:50px' class='hr hr-invisible   avia-builder-el-6  el_after_av_one_full  el_before_av_social_share '><span class='hr-inner ' ><span class='hr-inner-style'><\/span><\/span><\/div><\/p>\n<div  class='av-social-sharing-box  avia-builder-el-7  el_after_av_hr  el_before_av_hr  '><div class='av-share-box'><h5 class='av-share-link-description av-no-toc '>Compartir esta noticia<\/h5><ul class='av-share-box-list noLightbox'><li class='av-share-link av-social-link-facebook' ><a target=\"_blank\" aria-label=\"Compartir en Facebook\" href='https:\/\/www.facebook.com\/sharer.php?u=https:\/\/radiorevelacionfm.cl\/?p=21222&#038;t=Con%20%C3%A9xito%20se%20desarroll%C3%B3%20Plaza%20de%20Justicia%20y%20Derechos%20Humanos%20en%20Valle%20Simpson' aria-hidden='false' data-av_icon='\ue8f3' data-av_iconfont='entypo-fontello' title='' data-avia-related-tooltip='Compartir en Facebook' rel=\"noopener\"><span class='avia_hidden_link_text'>Compartir en Facebook<\/span><\/a><\/li><li class='av-share-link av-social-link-twitter' ><a target=\"_blank\" aria-label=\"Compartir en Twitter\" href='https:\/\/twitter.com\/share?text=Con%20%C3%A9xito%20se%20desarroll%C3%B3%20Plaza%20de%20Justicia%20y%20Derechos%20Humanos%20en%20Valle%20Simpson&#038;url=https:\/\/radiorevelacionfm.cl\/?p=21222' aria-hidden='false' data-av_icon='\ue8f1' data-av_iconfont='entypo-fontello' title='' data-avia-related-tooltip='Compartir en Twitter' rel=\"noopener\"><span class='avia_hidden_link_text'>Compartir en Twitter<\/span><\/a><\/li><li class='av-share-link av-social-link-whatsapp' ><a target=\"_blank\" aria-label=\"Compartir en Whatsapp\" href='https:\/\/api.whatsapp.com\/send?text=https:\/\/radiorevelacionfm.cl\/?p=21222' aria-hidden='false' data-av_icon='\uf232' data-av_iconfont='entypo-fontello' title='' data-avia-related-tooltip='Compartir en Whatsapp' rel=\"noopener\"><span class='avia_hidden_link_text'>Compartir en Whatsapp<\/span><\/a><\/li><li class='av-share-link av-social-link-linkedin' ><a target=\"_blank\" aria-label=\"Compartir en LinkedIn\" href='https:\/\/linkedin.com\/shareArticle?mini=true&#038;title=Con%20%C3%A9xito%20se%20desarroll%C3%B3%20Plaza%20de%20Justicia%20y%20Derechos%20Humanos%20en%20Valle%20Simpson&#038;url=https:\/\/radiorevelacionfm.cl\/?p=21222' aria-hidden='false' data-av_icon='\ue8fc' data-av_iconfont='entypo-fontello' title='' data-avia-related-tooltip='Compartir en LinkedIn' rel=\"noopener\"><span class='avia_hidden_link_text'>Compartir en LinkedIn<\/span><\/a><\/li><li class='av-share-link av-social-link-mail' ><a  aria-label=\"Compartir por correo\" href='mailto:?subject=Con%20%C3%A9xito%20se%20desarroll%C3%B3%20Plaza%20de%20Justicia%20y%20Derechos%20Humanos%20en%20Valle%20Simpson&#038;body=https:\/\/radiorevelacionfm.cl\/?p=21222' aria-hidden='false' data-av_icon='\ue805' data-av_iconfont='entypo-fontello' title='' data-avia-related-tooltip='Compartir por correo'><span class='avia_hidden_link_text'>Compartir por correo<\/span><\/a><\/li><\/ul><\/div><\/div>\n<div  style='height:50px' class='hr hr-invisible   avia-builder-el-8  el_after_av_social_share  el_before_av_comments_list '><span class='hr-inner ' ><span class='hr-inner-style'><\/span><\/span><\/div>\n<div  class='av-buildercomment  av-blog-meta-html-info-disabled av-blog-meta-tag-disabled  '><\/div>\n","protected":false},"excerpt":{"rendered":"","protected":false},"author":1,"featured_media":21223,"comment_status":"open","ping_status":"open","sticky":false,"template":"","format":"standard","meta":{"footnotes":""},"categories":[38],"tags":[],"class_list":["post-21222","post","type-post","status-publish","format-standard","has-post-thumbnail","hentry","category-regional"],"jetpack_featured_media_url":"https:\/\/radiorevelacionfm.cl\/wp-content\/uploads\/2022\/08\/plaza-valle-3-1-1_optimized-1.jpg","_links":{"self":[{"href":"https:\/\/radiorevelacionfm.cl\/index.php?rest_route=\/wp\/v2\/posts\/21222","targetHints":{"allow":["GET"]}}],"collection":[{"href":"https:\/\/radiorevelacionfm.cl\/index.php?rest_route=\/wp\/v2\/posts"}],"about":[{"href":"https:\/\/radiorevelacionfm.cl\/index.php?rest_route=\/wp\/v2\/types\/post"}],"author":[{"embeddable":true,"href":"https:\/\/radiorevelacionfm.cl\/index.php?rest_route=\/wp\/v2\/users\/1"}],"replies":[{"embeddable":true,"href":"https:\/\/radiorevelacionfm.cl\/index.php?rest_route=%2Fwp%2Fv2%2Fcomments&post=21222"}],"version-history":[{"count":2,"href":"https:\/\/radiorevelacionfm.cl\/index.php?rest_route=\/wp\/v2\/posts\/21222\/revisions"}],"predecessor-version":[{"id":21233,"href":"https:\/\/radiorevelacionfm.cl\/index.php?rest_route=\/wp\/v2\/posts\/21222\/revisions\/21233"}],"wp:featuredmedia":[{"embeddable":true,"href":"https:\/\/radiorevelacionfm.cl\/index.php?rest_route=\/wp\/v2\/media\/21223"}],"wp:attachment":[{"href":"https:\/\/radiorevelacionfm.cl\/index.php?rest_route=%2Fwp%2Fv2%2Fmedia&parent=21222"}],"wp:term":[{"taxonomy":"category","embeddable":true,"href":"https:\/\/radiorevelacionfm.cl\/index.php?rest_route=%2Fwp%2Fv2%2Fcategories&post=21222"},{"taxonomy":"post_tag","embeddable":true,"href":"https:\/\/radiorevelacionfm.cl\/index.php?rest_route=%2Fwp%2Fv2%2Ftags&post=21222"}],"curies":[{"name":"wp","href":"https:\/\/api.w.org\/{rel}","templated":true}]}}