{"id":21219,"date":"2022-08-30T15:57:21","date_gmt":"2022-08-30T18:57:21","guid":{"rendered":"https:\/\/radiorevelacionfm.cl\/?p=21219"},"modified":"2022-08-30T16:21:34","modified_gmt":"2022-08-30T19:21:34","slug":"hasta-05-de-septiembre-se-mantendra-postulacion-a-recursos-para-tenencia-responsable-de-mascotas","status":"publish","type":"post","link":"https:\/\/radiorevelacionfm.cl\/?p=21219","title":{"rendered":"Hasta el 05 de septiembre se mantendr\u00e1 postulaci\u00f3n a recursos para tenencia responsable de mascotas"},"content":{"rendered":"<div class=\"flex_column av_one_full  flex_column_div av-zero-column-padding first  avia-builder-el-0  el_before_av_one_full  avia-builder-el-first  \" style='border-radius:0px; '><div  class='avia-image-container  av-styling-    avia-builder-el-1  avia-builder-el-no-sibling  avia-align-center '  itemprop=\"image\" itemscope=\"itemscope\" itemtype=\"https:\/\/schema.org\/ImageObject\"  ><div class='avia-image-container-inner'><div class='avia-image-overlay-wrap'><img decoding=\"async\" class='wp-image-21228 avia-img-lazy-loading-not-21228 avia_image' src=\"https:\/\/radiorevelacionfm.cl\/wp-content\/uploads\/2022\/08\/Mascotas_n-1-1.jpg\" alt='' title='Mascotas_n (1) (1)' height=\"600\" width=\"870\"  itemprop=\"thumbnailUrl\" srcset=\"https:\/\/radiorevelacionfm.cl\/wp-content\/uploads\/2022\/08\/Mascotas_n-1-1.jpg 870w, https:\/\/radiorevelacionfm.cl\/wp-content\/uploads\/2022\/08\/Mascotas_n-1-1-300x207.jpg 300w, https:\/\/radiorevelacionfm.cl\/wp-content\/uploads\/2022\/08\/Mascotas_n-1-1-768x530.jpg 768w, https:\/\/radiorevelacionfm.cl\/wp-content\/uploads\/2022\/08\/Mascotas_n-1-1-705x486.jpg 705w, https:\/\/radiorevelacionfm.cl\/wp-content\/uploads\/2022\/08\/Mascotas_n-1-1-600x414.jpg 600w\" sizes=\"(max-width: 870px) 100vw, 870px\" \/><\/div><\/div><\/div><\/div><div class=\"flex_column av_one_full  flex_column_div av-zero-column-padding first  avia-builder-el-2  el_after_av_one_full  el_before_av_one_full  column-top-margin\" style='border-radius:0px; '><section class=\"av_textblock_section \"  itemscope=\"itemscope\" itemtype=\"https:\/\/schema.org\/BlogPosting\" itemprop=\"blogPost\" ><div class='avia_textblock  '   itemprop=\"text\" ><p style=\"text-align: center;\"><strong><span style=\"font-size: 18pt;\">Hasta el 05 de septiembre se mantendr\u00e1 postulaci\u00f3n a recursos para tenencia responsable de mascotas <\/span><\/strong><\/p>\n<div id=\"gtx-trans\" style=\"position: absolute; left: -50px; top: 4.31534px;\">\n<div class=\"gtx-trans-icon\"><\/div>\n<\/div>\n<\/div><\/section><\/div><\/p>\n<div class=\"flex_column av_one_full  flex_column_div av-zero-column-padding first  avia-builder-el-4  el_after_av_one_full  el_before_av_hr  column-top-margin\" style='border-radius:0px; '><section class=\"av_textblock_section \"  itemscope=\"itemscope\" itemtype=\"https:\/\/schema.org\/BlogPosting\" itemprop=\"blogPost\" ><div class='avia_textblock  '   itemprop=\"text\" ><p style=\"text-align: justify;\">En el marco del Programa Nacional de Tenencia Responsable de Animales de Compa\u00f1\u00eda, en dependencias del Gobierno Regional, se llev\u00f3 a cabo un seminario para establecer un espacio de informaci\u00f3n y colaboraci\u00f3n con actores p\u00fablicos y privados que permitan no solo asimilar la normativa vigente entorno al cuidado de mascotas, sino que adem\u00e1s identificar la principales problem\u00e1ticas asociadas enfermedades zoon\u00f3ticas, mordeduras o sobrepoblaci\u00f3n, entre otros aspectos.<\/p>\n<p style=\"text-align: justify;\">As\u00ed lo manifest\u00f3 la M\u00e9dico Veterinario, Claudia Alvarez, Encargada de la Unidad de Zoonosis de la Seremi de Salud, qui\u00e9n aprovech\u00f3 la oportunidad de hacer un llamado a los municipios de la regi\u00f3n para que actualicen sus normativas frente a la ley de tenencia responsable de mascotas.\u00a0 \u201cLo que hemos detectado en la regi\u00f3n es la desactualizaci\u00f3n de las ordenanzas municipales, porque todav\u00eda hay municipios que no tienen sus ordenanzas al d\u00eda, y aqu\u00ed hay que recordar que la Ley de Tenencia Responsable est\u00e1 vigente desde el a\u00f1o 2017, y es obligatorio que las municipalidades implementen sus respectivos programas en esta materia. En Coyhaique, la municipalidad esta en consulta p\u00fablica, donde esperamos que se adecue a estos tiempos con tantas denuncias y problem\u00e1ticas asociadas a nuestras mascotas\u201d.<\/p>\n<p style=\"text-align: justify;\">En este contexto, el Jefe de SUBDERE Ays\u00e9n, Guillermo Mart\u00ednez, junto con valorar este encuentro, destac\u00f3 las posibilidades de financiamiento que existen para que organizaciones de distinta \u00edndole puedan acceder a recursos para impulsar acciones en favor del cuidado de los animales.\u00a0 \u201cAqu\u00ed la idea es poder difundir toda la informaci\u00f3n que se requiere para poder generar una buena pol\u00edtica de control y cuidado de los animales, en base la nueva ley de protecci\u00f3n a las macotas, donde el programa especial tiene que ver con el cuidado de animales de compa\u00f1\u00eda.\u00a0 Adem\u00e1s, este seminario viene a generar conciencia para que a comunidad se informe de lo que se est\u00e1 haciendo, actividades y fondos a los cuales puede postular las organizaciones de cuidado de las macotas para que podamos tener una buena captaci\u00f3n de recursos.<\/p>\n<p style=\"text-align: justify;\">De esta forma, las organizaciones sin fines de lucro dedicadas a la protecci\u00f3n animal pueden postular a los Fondos Concursables 2022 de la Subdere, abierto hasta el 5 de septiembre, con acciones que permitan contribuir al control reproductivo de los animales e iniciativas de cuidado para ellas y la poblaci\u00f3n en general (<a href=\"http:\/\/www.tenenciaresponsablemascotas.cl\">www.tenenciaresponsablemascotas.cl<\/a>).<\/p>\n<\/div><\/section><\/div>\n<div  style='height:50px' class='hr hr-invisible   avia-builder-el-6  el_after_av_one_full  el_before_av_social_share '><span class='hr-inner ' ><span class='hr-inner-style'><\/span><\/span><\/div>\n<div  class='av-social-sharing-box  avia-builder-el-7  el_after_av_hr  el_before_av_hr  '><div class='av-share-box'><h5 class='av-share-link-description av-no-toc '>Compartir esta noticia<\/h5><ul class='av-share-box-list noLightbox'><li class='av-share-link av-social-link-facebook' ><a target=\"_blank\" aria-label=\"Compartir en Facebook\" href='https:\/\/www.facebook.com\/sharer.php?u=https:\/\/radiorevelacionfm.cl\/?p=21219&#038;t=Hasta%20el%2005%20de%20septiembre%20se%20mantendr%C3%A1%20postulaci%C3%B3n%20a%20recursos%20para%20tenencia%20responsable%20de%20mascotas' aria-hidden='false' data-av_icon='\ue8f3' data-av_iconfont='entypo-fontello' title='' data-avia-related-tooltip='Compartir en Facebook' rel=\"noopener\"><span class='avia_hidden_link_text'>Compartir en Facebook<\/span><\/a><\/li><li class='av-share-link av-social-link-twitter' ><a target=\"_blank\" aria-label=\"Compartir en Twitter\" href='https:\/\/twitter.com\/share?text=Hasta%20el%2005%20de%20septiembre%20se%20mantendr%C3%A1%20postulaci%C3%B3n%20a%20recursos%20para%20tenencia%20responsable%20de%20mascotas&#038;url=https:\/\/radiorevelacionfm.cl\/?p=21219' aria-hidden='false' data-av_icon='\ue8f1' data-av_iconfont='entypo-fontello' title='' data-avia-related-tooltip='Compartir en Twitter' rel=\"noopener\"><span class='avia_hidden_link_text'>Compartir en Twitter<\/span><\/a><\/li><li class='av-share-link av-social-link-whatsapp' ><a target=\"_blank\" aria-label=\"Compartir en Whatsapp\" href='https:\/\/api.whatsapp.com\/send?text=https:\/\/radiorevelacionfm.cl\/?p=21219' aria-hidden='false' data-av_icon='\uf232' data-av_iconfont='entypo-fontello' title='' data-avia-related-tooltip='Compartir en Whatsapp' rel=\"noopener\"><span class='avia_hidden_link_text'>Compartir en Whatsapp<\/span><\/a><\/li><li class='av-share-link av-social-link-linkedin' ><a target=\"_blank\" aria-label=\"Compartir en LinkedIn\" href='https:\/\/linkedin.com\/shareArticle?mini=true&#038;title=Hasta%20el%2005%20de%20septiembre%20se%20mantendr%C3%A1%20postulaci%C3%B3n%20a%20recursos%20para%20tenencia%20responsable%20de%20mascotas&#038;url=https:\/\/radiorevelacionfm.cl\/?p=21219' aria-hidden='false' data-av_icon='\ue8fc' data-av_iconfont='entypo-fontello' title='' data-avia-related-tooltip='Compartir en LinkedIn' rel=\"noopener\"><span class='avia_hidden_link_text'>Compartir en LinkedIn<\/span><\/a><\/li><li class='av-share-link av-social-link-mail' ><a  aria-label=\"Compartir por correo\" href='mailto:?subject=Hasta%20el%2005%20de%20septiembre%20se%20mantendr%C3%A1%20postulaci%C3%B3n%20a%20recursos%20para%20tenencia%20responsable%20de%20mascotas&#038;body=https:\/\/radiorevelacionfm.cl\/?p=21219' aria-hidden='false' data-av_icon='\ue805' data-av_iconfont='entypo-fontello' title='' data-avia-related-tooltip='Compartir por correo'><span class='avia_hidden_link_text'>Compartir por correo<\/span><\/a><\/li><\/ul><\/div><\/div>\n<div  style='height:50px' class='hr hr-invisible   avia-builder-el-8  el_after_av_social_share  el_before_av_comments_list '><span class='hr-inner ' ><span class='hr-inner-style'><\/span><\/span><\/div>\n<div  class='av-buildercomment  av-blog-meta-html-info-disabled av-blog-meta-tag-disabled  '><\/div>\n","protected":false},"excerpt":{"rendered":"","protected":false},"author":1,"featured_media":21228,"comment_status":"open","ping_status":"open","sticky":false,"template":"","format":"standard","meta":{"footnotes":""},"categories":[38],"tags":[],"class_list":["post-21219","post","type-post","status-publish","format-standard","has-post-thumbnail","hentry","category-regional"],"jetpack_featured_media_url":"https:\/\/radiorevelacionfm.cl\/wp-content\/uploads\/2022\/08\/Mascotas_n-1-1.jpg","_links":{"self":[{"href":"https:\/\/radiorevelacionfm.cl\/index.php?rest_route=\/wp\/v2\/posts\/21219","targetHints":{"allow":["GET"]}}],"collection":[{"href":"https:\/\/radiorevelacionfm.cl\/index.php?rest_route=\/wp\/v2\/posts"}],"about":[{"href":"https:\/\/radiorevelacionfm.cl\/index.php?rest_route=\/wp\/v2\/types\/post"}],"author":[{"embeddable":true,"href":"https:\/\/radiorevelacionfm.cl\/index.php?rest_route=\/wp\/v2\/users\/1"}],"replies":[{"embeddable":true,"href":"https:\/\/radiorevelacionfm.cl\/index.php?rest_route=%2Fwp%2Fv2%2Fcomments&post=21219"}],"version-history":[{"count":4,"href":"https:\/\/radiorevelacionfm.cl\/index.php?rest_route=\/wp\/v2\/posts\/21219\/revisions"}],"predecessor-version":[{"id":21227,"href":"https:\/\/radiorevelacionfm.cl\/index.php?rest_route=\/wp\/v2\/posts\/21219\/revisions\/21227"}],"wp:featuredmedia":[{"embeddable":true,"href":"https:\/\/radiorevelacionfm.cl\/index.php?rest_route=\/wp\/v2\/media\/21228"}],"wp:attachment":[{"href":"https:\/\/radiorevelacionfm.cl\/index.php?rest_route=%2Fwp%2Fv2%2Fmedia&parent=21219"}],"wp:term":[{"taxonomy":"category","embeddable":true,"href":"https:\/\/radiorevelacionfm.cl\/index.php?rest_route=%2Fwp%2Fv2%2Fcategories&post=21219"},{"taxonomy":"post_tag","embeddable":true,"href":"https:\/\/radiorevelacionfm.cl\/index.php?rest_route=%2Fwp%2Fv2%2Ftags&post=21219"}],"curies":[{"name":"wp","href":"https:\/\/api.w.org\/{rel}","templated":true}]}}